{"id":61383,"date":"2025-11-14T10:34:07","date_gmt":"2025-11-14T13:34:07","guid":{"rendered":"https:\/\/radiorevelacionfm.cl\/?p=61383"},"modified":"2025-11-14T10:34:07","modified_gmt":"2025-11-14T13:34:07","slug":"inflacion-cae-a-nivel-mas-bajo-desde-abril-2021-exportaciones-marcan-records-y-se-promulga-ley-cabotaje-maritimo","status":"publish","type":"post","link":"https:\/\/radiorevelacionfm.cl\/?p=61383","title":{"rendered":"Inflaci\u00f3n cae a nivel m\u00e1s bajo desde abril 2021, exportaciones marcan r\u00e9cords y se promulga Ley Cabotaje Mar\u00edtimo"},"content":{"rendered":"<div class=\"flex_column av_one_full  flex_column_div av-zero-column-padding first  avia-builder-el-0  el_before_av_one_full  avia-builder-el-first  \" style='border-radius:0px; '><div  class='avia-image-container  av-styling-    avia-builder-el-1  avia-builder-el-no-sibling  avia-align-center '  itemprop=\"image\" itemscope=\"itemscope\" itemtype=\"https:\/\/schema.org\/ImageObject\"  ><div class='avia-image-container-inner'><div class='avia-image-overlay-wrap'><img decoding=\"async\" class='wp-image-61384 avia-img-lazy-loading-not-61384 avia_image' src=\"https:\/\/radiorevelacionfm.cl\/wp-content\/uploads\/2025\/11\/CABOTAJE1-1-1.jpg\" alt='' title='CABOTAJE1 (1) (1)' height=\"600\" width=\"1067\"  itemprop=\"thumbnailUrl\" srcset=\"https:\/\/radiorevelacionfm.cl\/wp-content\/uploads\/2025\/11\/CABOTAJE1-1-1.jpg 1067w, https:\/\/radiorevelacionfm.cl\/wp-content\/uploads\/2025\/11\/CABOTAJE1-1-1-300x169.jpg 300w, https:\/\/radiorevelacionfm.cl\/wp-content\/uploads\/2025\/11\/CABOTAJE1-1-1-1030x579.jpg 1030w, https:\/\/radiorevelacionfm.cl\/wp-content\/uploads\/2025\/11\/CABOTAJE1-1-1-768x432.jpg 768w, https:\/\/radiorevelacionfm.cl\/wp-content\/uploads\/2025\/11\/CABOTAJE1-1-1-705x396.jpg 705w, https:\/\/radiorevelacionfm.cl\/wp-content\/uploads\/2025\/11\/CABOTAJE1-1-1-450x253.jpg 450w, https:\/\/radiorevelacionfm.cl\/wp-content\/uploads\/2025\/11\/CABOTAJE1-1-1-600x337.jpg 600w\" sizes=\"(max-width: 1067px) 100vw, 1067px\" \/><\/div><\/div><\/div><\/div><div class=\"flex_column av_one_full  flex_column_div av-zero-column-padding first  avia-builder-el-2  el_after_av_one_full  el_before_av_one_full  column-top-margin\" style='border-radius:0px; '><section class=\"av_textblock_section \"  itemscope=\"itemscope\" itemtype=\"https:\/\/schema.org\/BlogPosting\" itemprop=\"blogPost\" ><div class='avia_textblock  '   itemprop=\"text\" ><p style=\"text-align: center;\"><span style=\"font-size: 18pt;\"><strong>Inflaci\u00f3n cae a nivel m\u00e1s bajo desde abril 2021, exportaciones marcan r\u00e9cords y se promulga Ley Cabotaje Mar\u00edtimo<\/strong><\/span><\/p>\n<div id=\"gtx-trans\" style=\"position: absolute; left: -50px; top: 4.31534px;\">\n<div class=\"gtx-trans-icon\"><\/div>\n<\/div>\n<\/div><\/section><\/div><div class=\"flex_column av_one_full  flex_column_div av-zero-column-padding first  avia-builder-el-4  el_after_av_one_full  el_before_av_hr  column-top-margin\" style='border-radius:0px; '><section class=\"av_textblock_section \"  itemscope=\"itemscope\" itemtype=\"https:\/\/schema.org\/BlogPosting\" itemprop=\"blogPost\" ><div class='avia_textblock  '   itemprop=\"text\" ><p style=\"text-align: justify;\"><em>Buenas noticias econ\u00f3micas; la inflaci\u00f3n cay\u00f3 a su nivel m\u00e1s bajo desde abril de 2021, las exportaciones siguen marcando r\u00e9cords hist\u00f3ricos y tras m\u00e1s de 10 a\u00f1os de debate, se promulg\u00f3 la Ley de Cabotaje Mar\u00edtimo que traer\u00e1 m\u00e1s empleo a los puertos de Chile.\u00a0 \u00a0<\/em><\/p>\n<p style=\"text-align: justify;\">Una econom\u00eda que crece consistentemente y contin\u00faa proporcionando m\u00e1s oportunidades para las familias de Chile. El IPC de octubre vari\u00f3 0,0% mensual, por lo que la inflaci\u00f3n anual baj\u00f3 desde 4,4% a 3,4%, ubic\u00e1ndose en el nivel m\u00e1s bajo desde abril de 2021, lo que consolida de manera rotunda el exitoso control inflacionario, reduciendo la inflaci\u00f3n desde el peak cercano a 14% a mediados de 2022 al 3,4% anual actual. Lo anterior consolida la protecci\u00f3n de los ingresos familiares, sin provocar recesi\u00f3n. Los salarios reales anotan m\u00e1s de dos a\u00f1os de crecimiento continuo, mejoras para los y las trabajadoras de Chile. A\u00fan m\u00e1s, la econom\u00eda chilena se expande sostenidamente desde hace m\u00e1s de un a\u00f1o y medio. En el a\u00f1o m\u00f3vil hasta el tercer trimestre nos muestra que la econom\u00eda se expandi\u00f3 2,9%, significativamente por sobre las expectativas previas y sobre el promedio pre pandemia. Mientras que a nivel regional, llevamos doce meses de crecimiento sostenido.<\/p>\n<p style=\"text-align: justify;\">Adem\u00e1s, recientemente se dio un paso decisivo para generar industrias m\u00e1s competitivas con la promulgaci\u00f3n de la Ley de Cabotaje Mar\u00edtimo, la que moderniza el transporte naviero de carga entre puertos chilenos y generar\u00e1 beneficios concretos para empresas y personas. Esta ley es fruto de un trabajo articulado entre los ministerios de Econom\u00eda y Transportes. Al respecto el Seremi de Econom\u00eda, Fomento y Turismo de la Regi\u00f3n de Ays\u00e9n, Felipe Rojas Pizarro subray\u00f3 que: <em>\u201cDespu\u00e9s de m\u00e1s de 10 a\u00f1os, podemos decir que con la nueva Ley de Cabotaje Mar\u00edtimo, Chile da un paso adelante en eficiencia y competitividad. Ya que esta normativa permitir\u00e1 una importante disminuci\u00f3n en los costos de transporte de carga, lo que se traduce en un ahorro estimado entre 128 y 267 millones de d\u00f3lares al a\u00f1o. \u00bfEl resultado? Un impacto positivo en el precio final de los productos de consumo para todos los chilenos. De este modo, avanzamos como un pa\u00eds m\u00e1s conectado y competitivo\u201d.<\/em><\/p>\n<p style=\"text-align: justify;\">Por su parte la Seremi de Gobierno, \u00darsula Mix Jim\u00e9nez puso sobre relieve la complejidad econ\u00f3mica con la que hubo que lidiar para llegar al d\u00eda de hoy, con una econom\u00eda robusta y que se expande por los territorios: <em>\u201cRecibimos una econom\u00eda duramente golpeada por una diversidad de factores, entre ellos la pandemia, pero gracias a la coordinaci\u00f3n entre el Ministerio de Hacienda y el Banco Central, hemos logrado controlar la inflaci\u00f3n. La variaci\u00f3n mensual del IPC del 0% en octubre a nivel nacional y una tasa anual del 3,4%, que es la m\u00e1s baja desde mayo del 2021, es una excelente se\u00f1al, porque se traduce en un alivio real para los bolsillos de las familias de la Regi\u00f3n de Ays\u00e9n. Nuestro compromiso es seguir trabajando para la recuperaci\u00f3n econ\u00f3mica, la que ya se ve reflejada en nuestro robusto crecimiento regional en cada rinc\u00f3n de nuestra Patagonia\u201d.<\/em><\/p>\n<p style=\"text-align: justify;\">Sobre el sector exportador y seg\u00fan el Informe Comercial Mensual elaborado por la Subsecretar\u00eda de Relaciones Econ\u00f3micas Internacionales, entre enero y octubre de este a\u00f1o las exportaciones chilenas llegaron a US$86.394 millones, aumentando 5,6% frente al mismo periodo del a\u00f1o anterior, convirti\u00e9ndose en el monto m\u00e1s alto de la historia para ese lapso. Adem\u00e1s, la cantidad de empresas exportadoras tambi\u00e9n alcanz\u00f3 un m\u00e1ximo hist\u00f3rico para ese periodo, superando las 8 mil compa\u00f1\u00edas, lo que representa un alza de 2,6% frente al mismo lapso del a\u00f1o pasado y a nivel regional, las exportaciones al primer semestre del presente a\u00f1o totalizaron US$174 millones de d\u00f3lares, con un incremento de 55,3% respecto a igual mes del a\u00f1o pasado. Esto demuestra la robustez de nuestra industria exportadora, sobre todo de las Pymes, principal motor del empleo de nuestro pa\u00eds. As\u00ed construye Chile su desarrollo: con mercados con estabilidad macroecon\u00f3mica, protegiendo el bolsillo de las familias y generando confianza para invertir, con pol\u00edticas que reducen costos para consumidores y promueven la competencia.<\/p>\n<\/div><\/section><\/div><div  style='height:50px' class='hr hr-invisible   avia-builder-el-6  el_after_av_one_full  el_before_av_social_share '><span class='hr-inner ' ><span class='hr-inner-style'><\/span><\/span><\/div><\/p>\n<div  class='av-social-sharing-box  avia-builder-el-7  el_after_av_hr  el_before_av_hr  '><div class='av-share-box'><h5 class='av-share-link-description av-no-toc '>Compartir esta noticia<\/h5><ul class='av-share-box-list noLightbox'><li class='av-share-link av-social-link-facebook' ><a target=\"_blank\" aria-label=\"Compartir en Facebook\" href='https:\/\/www.facebook.com\/sharer.php?u=https:\/\/radiorevelacionfm.cl\/?p=61383&#038;t=Inflaci%C3%B3n%20cae%20a%20nivel%20m%C3%A1s%20bajo%20desde%20abril%202021%2C%20exportaciones%20marcan%20r%C3%A9cords%20y%20se%20promulga%20Ley%20Cabotaje%20Mar%C3%ADtimo' aria-hidden='false' data-av_icon='\ue8f3' data-av_iconfont='entypo-fontello' title='' data-avia-related-tooltip='Compartir en Facebook' rel=\"noopener\"><span class='avia_hidden_link_text'>Compartir en Facebook<\/span><\/a><\/li><li class='av-share-link av-social-link-twitter' ><a target=\"_blank\" aria-label=\"Compartir en Twitter\" href='https:\/\/twitter.com\/share?text=Inflaci%C3%B3n%20cae%20a%20nivel%20m%C3%A1s%20bajo%20desde%20abril%202021%2C%20exportaciones%20marcan%20r%C3%A9cords%20y%20se%20promulga%20Ley%20Cabotaje%20Mar%C3%ADtimo&#038;url=https:\/\/radiorevelacionfm.cl\/?p=61383' aria-hidden='false' data-av_icon='\ue8f1' data-av_iconfont='entypo-fontello' title='' data-avia-related-tooltip='Compartir en Twitter' rel=\"noopener\"><span class='avia_hidden_link_text'>Compartir en Twitter<\/span><\/a><\/li><li class='av-share-link av-social-link-whatsapp' ><a target=\"_blank\" aria-label=\"Compartir en Whatsapp\" href='https:\/\/api.whatsapp.com\/send?text=https:\/\/radiorevelacionfm.cl\/?p=61383' aria-hidden='false' data-av_icon='\uf232' data-av_iconfont='entypo-fontello' title='' data-avia-related-tooltip='Compartir en Whatsapp' rel=\"noopener\"><span class='avia_hidden_link_text'>Compartir en Whatsapp<\/span><\/a><\/li><li class='av-share-link av-social-link-linkedin' ><a target=\"_blank\" aria-label=\"Compartir en LinkedIn\" href='https:\/\/linkedin.com\/shareArticle?mini=true&#038;title=Inflaci%C3%B3n%20cae%20a%20nivel%20m%C3%A1s%20bajo%20desde%20abril%202021%2C%20exportaciones%20marcan%20r%C3%A9cords%20y%20se%20promulga%20Ley%20Cabotaje%20Mar%C3%ADtimo&#038;url=https:\/\/radiorevelacionfm.cl\/?p=61383' aria-hidden='false' data-av_icon='\ue8fc' data-av_iconfont='entypo-fontello' title='' data-avia-related-tooltip='Compartir en LinkedIn' rel=\"noopener\"><span class='avia_hidden_link_text'>Compartir en LinkedIn<\/span><\/a><\/li><li class='av-share-link av-social-link-mail' ><a  aria-label=\"Compartir por correo\" href='mailto:?subject=Inflaci%C3%B3n%20cae%20a%20nivel%20m%C3%A1s%20bajo%20desde%20abril%202021%2C%20exportaciones%20marcan%20r%C3%A9cords%20y%20se%20promulga%20Ley%20Cabotaje%20Mar%C3%ADtimo&#038;body=https:\/\/radiorevelacionfm.cl\/?p=61383' aria-hidden='false' data-av_icon='\ue805' data-av_iconfont='entypo-fontello' title='' data-avia-related-tooltip='Compartir por correo'><span class='avia_hidden_link_text'>Compartir por correo<\/span><\/a><\/li><\/ul><\/div><\/div>\n<div  style='height:50px' class='hr hr-invisible   avia-builder-el-8  el_after_av_social_share  el_before_av_comments_list '><span class='hr-inner ' ><span class='hr-inner-style'><\/span><\/span><\/div>\n<div  class='av-buildercomment  av-blog-meta-html-info-disabled av-blog-meta-tag-disabled  '><\/div>\n","protected":false},"excerpt":{"rendered":"","protected":false},"author":1,"featured_media":61384,"comment_status":"closed","ping_status":"closed","sticky":false,"template":"","format":"standard","meta":{"footnotes":""},"categories":[37],"tags":[],"class_list":["post-61383","post","type-post","status-publish","format-standard","has-post-thumbnail","hentry","category-economia"],"jetpack_featured_media_url":"https:\/\/radiorevelacionfm.cl\/wp-content\/uploads\/2025\/11\/CABOTAJE1-1-1.jpg","_links":{"self":[{"href":"https:\/\/radiorevelacionfm.cl\/index.php?rest_route=\/wp\/v2\/posts\/61383","targetHints":{"allow":["GET"]}}],"collection":[{"href":"https:\/\/radiorevelacionfm.cl\/index.php?rest_route=\/wp\/v2\/posts"}],"about":[{"href":"https:\/\/radiorevelacionfm.cl\/index.php?rest_route=\/wp\/v2\/types\/post"}],"author":[{"embeddable":true,"href":"https:\/\/radiorevelacionfm.cl\/index.php?rest_route=\/wp\/v2\/users\/1"}],"replies":[{"embeddable":true,"href":"https:\/\/radiorevelacionfm.cl\/index.php?rest_route=%2Fwp%2Fv2%2Fcomments&post=61383"}],"version-history":[{"count":2,"href":"https:\/\/radiorevelacionfm.cl\/index.php?rest_route=\/wp\/v2\/posts\/61383\/revisions"}],"predecessor-version":[{"id":61410,"href":"https:\/\/radiorevelacionfm.cl\/index.php?rest_route=\/wp\/v2\/posts\/61383\/revisions\/61410"}],"wp:featuredmedia":[{"embeddable":true,"href":"https:\/\/radiorevelacionfm.cl\/index.php?rest_route=\/wp\/v2\/media\/61384"}],"wp:attachment":[{"href":"https:\/\/radiorevelacionfm.cl\/index.php?rest_route=%2Fwp%2Fv2%2Fmedia&parent=61383"}],"wp:term":[{"taxonomy":"category","embeddable":true,"href":"https:\/\/radiorevelacionfm.cl\/index.php?rest_route=%2Fwp%2Fv2%2Fcategories&post=61383"},{"taxonomy":"post_tag","embeddable":true,"href":"https:\/\/radiorevelacionfm.cl\/index.php?rest_route=%2Fwp%2Fv2%2Ftags&post=61383"}],"curies":[{"name":"wp","href":"https:\/\/api.w.org\/{rel}","templated":true}]}}