{"id":61378,"date":"2025-11-13T19:59:48","date_gmt":"2025-11-13T22:59:48","guid":{"rendered":"https:\/\/radiorevelacionfm.cl\/?p=61378"},"modified":"2025-11-13T19:59:48","modified_gmt":"2025-11-13T22:59:48","slug":"estudiante-de-puerto-gaviota-es-el-ganador-de-la-categoria-3ero-y-4to-basico-del-concurso-cuenta-tu-cuento-matematico-en-la-patagonia","status":"publish","type":"post","link":"https:\/\/radiorevelacionfm.cl\/?p=61378","title":{"rendered":"Estudiante de Puerto Gaviota es el ganador de la categor\u00eda 3ero y 4to, b\u00e1sico del concurso \u201cCuenta tu cuento matem\u00e1tico en la Patagonia\u201d"},"content":{"rendered":"<div class=\"flex_column av_one_full  flex_column_div av-zero-column-padding first  avia-builder-el-0  el_before_av_one_full  avia-builder-el-first  \" style='border-radius:0px; '><div  class='avia-image-container  av-styling-    avia-builder-el-1  avia-builder-el-no-sibling  avia-align-center '  itemprop=\"image\" itemscope=\"itemscope\" itemtype=\"https:\/\/schema.org\/ImageObject\"  ><div class='avia-image-container-inner'><div class='avia-image-overlay-wrap'><img decoding=\"async\" class='wp-image-61379 avia-img-lazy-loading-not-61379 avia_image' src=\"https:\/\/radiorevelacionfm.cl\/wp-content\/uploads\/2025\/11\/cuenta-tu-cuento-matematico-1-1.jpeg\" alt='' title='cuenta tu cuento matematico (1) (1)' height=\"600\" width=\"645\"  itemprop=\"thumbnailUrl\" srcset=\"https:\/\/radiorevelacionfm.cl\/wp-content\/uploads\/2025\/11\/cuenta-tu-cuento-matematico-1-1.jpeg 645w, https:\/\/radiorevelacionfm.cl\/wp-content\/uploads\/2025\/11\/cuenta-tu-cuento-matematico-1-1-300x279.jpeg 300w, https:\/\/radiorevelacionfm.cl\/wp-content\/uploads\/2025\/11\/cuenta-tu-cuento-matematico-1-1-450x419.jpeg 450w, https:\/\/radiorevelacionfm.cl\/wp-content\/uploads\/2025\/11\/cuenta-tu-cuento-matematico-1-1-600x558.jpeg 600w\" sizes=\"(max-width: 645px) 100vw, 645px\" \/><\/div><\/div><\/div><\/div><div class=\"flex_column av_one_full  flex_column_div av-zero-column-padding first  avia-builder-el-2  el_after_av_one_full  el_before_av_one_full  column-top-margin\" style='border-radius:0px; '><section class=\"av_textblock_section \"  itemscope=\"itemscope\" itemtype=\"https:\/\/schema.org\/BlogPosting\" itemprop=\"blogPost\" ><div class='avia_textblock  '   itemprop=\"text\" ><p style=\"text-align: center;\"><strong><span style=\"font-size: 18pt;\">Estudiante de Puerto Gaviota es el ganador de la categor\u00eda 3ero y 4to, b\u00e1sico del concurso \u201cCuenta tu cuento matem\u00e1tico en la Patagonia\u201d<\/span><\/strong><\/p>\n<div id=\"gtx-trans\" style=\"position: absolute; left: -50px; top: 4.31534px;\">\n<div class=\"gtx-trans-icon\"><\/div>\n<\/div>\n<\/div><\/section><\/div><div class=\"flex_column av_one_full  flex_column_div av-zero-column-padding first  avia-builder-el-4  el_after_av_one_full  el_before_av_hr  column-top-margin\" style='border-radius:0px; '><section class=\"av_textblock_section \"  itemscope=\"itemscope\" itemtype=\"https:\/\/schema.org\/BlogPosting\" itemprop=\"blogPost\" ><div class='avia_textblock  '   itemprop=\"text\" ><p style=\"text-align: justify;\"><em>Benjam\u00edn Igor, estudiante de 4to. b\u00e1sico de les Escuela Nuestra Se\u00f1ora de la divina Providencia, ubicada en la Isla Magdalena al norte de la Regi\u00f3n de Ays\u00e9n.<\/em><\/p>\n<p style=\"text-align: justify;\">El estudiante Benjam\u00edn Igor Vivar, alumno de 4to. a\u00f1o b\u00e1sico de la Escuela Nuestra Se\u00f1ora de la Divina Providencia de Puerto Gaviota, obtuvo el primer lugar de su categor\u00eda en el concurso \u201cCuenta tu cuento matem\u00e1tico en la Patagonia\u201d organizado por el Campus Patagonia de la Universidad Austral de Chile.<\/p>\n<p style=\"text-align: justify;\">El premio fue entregado por la directora de la Escuela de Pedagog\u00eda en Educaci\u00f3n B\u00e1sica, Profesora Naiara Schuck y el profesor Claudio Olave, coordinador del certamen que tuvo como objetivo la promoci\u00f3n de la creatividad, el arte y el entusiasmo por el conocimiento interdisciplinario en ni\u00f1os, ni\u00f1as y adolescentes con acompa\u00f1amiento de sus docentes y familias. En este sentido, se consider\u00f3 fortalecer las habilidades comunicativas de las y los estudiantes, a partir de la escritura creativa y la ilustraci\u00f3n, que inste a su vez, a pensar\u00a0\u00a0 desde la interdisciplinariedad entre lenguaje &#8211; comunicaci\u00f3n y las matem\u00e1ticas, contextualiz\u00e1ndolas en la experiencia de habitar la Patagonia.<\/p>\n<p style=\"text-align: justify;\">El profesor Claudio Olave indic\u00f3 que en esta tercera versi\u00f3n se incluy\u00f3 el arte en la craci\u00f3n de los cuentos, lo que permite a los colegios establecer un v\u00ednculo en el trabajo articulado entre lenguaje, matem\u00e1tica y el \u00e1rea art\u00edstica: \u201cEste a\u00f1o, los y las ni\u00f1as se plantearon el desaf\u00edo de c\u00f3mo incorporo el dibujo a la narraci\u00f3n de esta historia, que en su columna vertebral se desarrolla con problemas matem\u00e1ticos o incorporan n\u00fameros, relevando la resoluci\u00f3n de problemas. Este concurso ofrece una oportunidad para los establecimientos de promover y animar a sus estudiantes a participar. Este a\u00f1o, como importante novedad, el cuento de Benjam\u00edn va a ser presentado en la III Feria Latinoamericana de Matem\u00e1tica, Lenguaje y Arte en Para\u00edba, Brasil, donde el cuento se va a traducir al portugu\u00e9s. Esperamos que este tipo de actividades motiven a que m\u00e1s estudiantes y m\u00e1s profesores participen en la pr\u00f3xima versi\u00f3n\u201d<\/p>\n<p style=\"text-align: justify;\">Por su parte el profesor encargado de la Escuela Nuestra Se\u00f1ora de la Divina Providencia de Puerto Gaviota, Juan Carlos Aravena Catal\u00e1n, valor\u00f3 que uno de sus estudiantes haya sido el ganador de este premio, ya que es el segundo a\u00f1o consecutivo que lo obtiene y destac\u00f3 que \u00e9ste es el resultado del trabajo desarrollado con sus estudiantes en m\u00faltiples \u00e1reas. \u201cEste premio es tremendamente importante y gratificante para los alumnos, ya que son peque\u00f1itos todav\u00eda y esto les incentiva a trabajar y los motiva, no solo a ellos, sino tambi\u00e9n a sus padres y la comunidad en general, que est\u00e1 orgullosa a pesar del aislamiento y el ser una escuela peque\u00f1ita, no es un impedimento para lograr el premio\u201d.<\/p>\n<p style=\"text-align: justify;\">El docente agreg\u00f3 que Benjam\u00edn se ha destacado por ganar varios premios y ha participado en la elaboraci\u00f3n de d\u00e9cimas, payas, cuentos y poemas. \u201cLos ni\u00f1os son muy motivados y como escuela estamos enfocados en una formaci\u00f3n en todos los frentes, d\u00e1ndole un enfoque globalizado a la ense\u00f1anza, como orgullosa \u00faltima escuela fundada por el padre Antonio Ronchi\u201d.<\/p>\n<\/div><\/section><\/div><div  style='height:50px' class='hr hr-invisible   avia-builder-el-6  el_after_av_one_full  el_before_av_social_share '><span class='hr-inner ' ><span class='hr-inner-style'><\/span><\/span><\/div><\/p>\n<div  class='av-social-sharing-box  avia-builder-el-7  el_after_av_hr  el_before_av_hr  '><div class='av-share-box'><h5 class='av-share-link-description av-no-toc '>Compartir esta noticia<\/h5><ul class='av-share-box-list noLightbox'><li class='av-share-link av-social-link-facebook' ><a target=\"_blank\" aria-label=\"Compartir en Facebook\" href='https:\/\/www.facebook.com\/sharer.php?u=https:\/\/radiorevelacionfm.cl\/?p=61378&#038;t=Estudiante%20de%20Puerto%20Gaviota%20es%20el%20ganador%20de%20la%20categor%C3%ADa%203ero%20y%204to%2C%20b%C3%A1sico%20del%20concurso%20%E2%80%9CCuenta%20tu%20cuento%20matem%C3%A1tico%20en%20la%20Patagonia%E2%80%9D' aria-hidden='false' data-av_icon='\ue8f3' data-av_iconfont='entypo-fontello' title='' data-avia-related-tooltip='Compartir en Facebook' rel=\"noopener\"><span class='avia_hidden_link_text'>Compartir en Facebook<\/span><\/a><\/li><li class='av-share-link av-social-link-twitter' ><a target=\"_blank\" aria-label=\"Compartir en Twitter\" href='https:\/\/twitter.com\/share?text=Estudiante%20de%20Puerto%20Gaviota%20es%20el%20ganador%20de%20la%20categor%C3%ADa%203ero%20y%204to%2C%20b%C3%A1sico%20del%20concurso%20%E2%80%9CCuenta%20tu%20cuento%20matem%C3%A1tico%20en%20la%20Patagonia%E2%80%9D&#038;url=https:\/\/radiorevelacionfm.cl\/?p=61378' aria-hidden='false' data-av_icon='\ue8f1' data-av_iconfont='entypo-fontello' title='' data-avia-related-tooltip='Compartir en Twitter' rel=\"noopener\"><span class='avia_hidden_link_text'>Compartir en Twitter<\/span><\/a><\/li><li class='av-share-link av-social-link-whatsapp' ><a target=\"_blank\" aria-label=\"Compartir en Whatsapp\" href='https:\/\/api.whatsapp.com\/send?text=https:\/\/radiorevelacionfm.cl\/?p=61378' aria-hidden='false' data-av_icon='\uf232' data-av_iconfont='entypo-fontello' title='' data-avia-related-tooltip='Compartir en Whatsapp' rel=\"noopener\"><span class='avia_hidden_link_text'>Compartir en Whatsapp<\/span><\/a><\/li><li class='av-share-link av-social-link-linkedin' ><a target=\"_blank\" aria-label=\"Compartir en LinkedIn\" href='https:\/\/linkedin.com\/shareArticle?mini=true&#038;title=Estudiante%20de%20Puerto%20Gaviota%20es%20el%20ganador%20de%20la%20categor%C3%ADa%203ero%20y%204to%2C%20b%C3%A1sico%20del%20concurso%20%E2%80%9CCuenta%20tu%20cuento%20matem%C3%A1tico%20en%20la%20Patagonia%E2%80%9D&#038;url=https:\/\/radiorevelacionfm.cl\/?p=61378' aria-hidden='false' data-av_icon='\ue8fc' data-av_iconfont='entypo-fontello' title='' data-avia-related-tooltip='Compartir en LinkedIn' rel=\"noopener\"><span class='avia_hidden_link_text'>Compartir en LinkedIn<\/span><\/a><\/li><li class='av-share-link av-social-link-mail' ><a  aria-label=\"Compartir por correo\" href='mailto:?subject=Estudiante%20de%20Puerto%20Gaviota%20es%20el%20ganador%20de%20la%20categor%C3%ADa%203ero%20y%204to%2C%20b%C3%A1sico%20del%20concurso%20%E2%80%9CCuenta%20tu%20cuento%20matem%C3%A1tico%20en%20la%20Patagonia%E2%80%9D&#038;body=https:\/\/radiorevelacionfm.cl\/?p=61378' aria-hidden='false' data-av_icon='\ue805' data-av_iconfont='entypo-fontello' title='' data-avia-related-tooltip='Compartir por correo'><span class='avia_hidden_link_text'>Compartir por correo<\/span><\/a><\/li><\/ul><\/div><\/div>\n<div  style='height:50px' class='hr hr-invisible   avia-builder-el-8  el_after_av_social_share  el_before_av_comments_list '><span class='hr-inner ' ><span class='hr-inner-style'><\/span><\/span><\/div>\n<div  class='av-buildercomment  av-blog-meta-html-info-disabled av-blog-meta-tag-disabled  '><\/div>\n","protected":false},"excerpt":{"rendered":"","protected":false},"author":1,"featured_media":61379,"comment_status":"closed","ping_status":"closed","sticky":false,"template":"","format":"standard","meta":{"footnotes":""},"categories":[49],"tags":[],"class_list":["post-61378","post","type-post","status-publish","format-standard","has-post-thumbnail","hentry","category-educacion"],"jetpack_featured_media_url":"https:\/\/radiorevelacionfm.cl\/wp-content\/uploads\/2025\/11\/cuenta-tu-cuento-matematico-1-1.jpeg","_links":{"self":[{"href":"https:\/\/radiorevelacionfm.cl\/index.php?rest_route=\/wp\/v2\/posts\/61378","targetHints":{"allow":["GET"]}}],"collection":[{"href":"https:\/\/radiorevelacionfm.cl\/index.php?rest_route=\/wp\/v2\/posts"}],"about":[{"href":"https:\/\/radiorevelacionfm.cl\/index.php?rest_route=\/wp\/v2\/types\/post"}],"author":[{"embeddable":true,"href":"https:\/\/radiorevelacionfm.cl\/index.php?rest_route=\/wp\/v2\/users\/1"}],"replies":[{"embeddable":true,"href":"https:\/\/radiorevelacionfm.cl\/index.php?rest_route=%2Fwp%2Fv2%2Fcomments&post=61378"}],"version-history":[{"count":2,"href":"https:\/\/radiorevelacionfm.cl\/index.php?rest_route=\/wp\/v2\/posts\/61378\/revisions"}],"predecessor-version":[{"id":61404,"href":"https:\/\/radiorevelacionfm.cl\/index.php?rest_route=\/wp\/v2\/posts\/61378\/revisions\/61404"}],"wp:featuredmedia":[{"embeddable":true,"href":"https:\/\/radiorevelacionfm.cl\/index.php?rest_route=\/wp\/v2\/media\/61379"}],"wp:attachment":[{"href":"https:\/\/radiorevelacionfm.cl\/index.php?rest_route=%2Fwp%2Fv2%2Fmedia&parent=61378"}],"wp:term":[{"taxonomy":"category","embeddable":true,"href":"https:\/\/radiorevelacionfm.cl\/index.php?rest_route=%2Fwp%2Fv2%2Fcategories&post=61378"},{"taxonomy":"post_tag","embeddable":true,"href":"https:\/\/radiorevelacionfm.cl\/index.php?rest_route=%2Fwp%2Fv2%2Ftags&post=61378"}],"curies":[{"name":"wp","href":"https:\/\/api.w.org\/{rel}","templated":true}]}}