{"id":61375,"date":"2025-11-13T18:54:18","date_gmt":"2025-11-13T21:54:18","guid":{"rendered":"https:\/\/radiorevelacionfm.cl\/?p=61375"},"modified":"2025-11-13T18:54:18","modified_gmt":"2025-11-13T21:54:18","slug":"operativo-oftalmologico-en-melinka-beneficia-a-mas-de-70-estudiantes","status":"publish","type":"post","link":"https:\/\/radiorevelacionfm.cl\/?p=61375","title":{"rendered":"Operativo oftalmol\u00f3gico en Melinka beneficia a m\u00e1s de 70 estudiantes"},"content":{"rendered":"<div class=\"flex_column av_one_full  flex_column_div av-zero-column-padding first  avia-builder-el-0  el_before_av_one_full  avia-builder-el-first  \" style='border-radius:0px; '><div  class='avia-image-container  av-styling-    avia-builder-el-1  avia-builder-el-no-sibling  avia-align-center '  itemprop=\"image\" itemscope=\"itemscope\" itemtype=\"https:\/\/schema.org\/ImageObject\"  ><div class='avia-image-container-inner'><div class='avia-image-overlay-wrap'><img decoding=\"async\" class='wp-image-61376 avia-img-lazy-loading-not-61376 avia_image' src=\"https:\/\/radiorevelacionfm.cl\/wp-content\/uploads\/2025\/11\/Foto-1-92-1-1.jpeg\" alt='' title='Foto 1 (92) (1) (1)' height=\"600\" width=\"678\"  itemprop=\"thumbnailUrl\" srcset=\"https:\/\/radiorevelacionfm.cl\/wp-content\/uploads\/2025\/11\/Foto-1-92-1-1.jpeg 678w, https:\/\/radiorevelacionfm.cl\/wp-content\/uploads\/2025\/11\/Foto-1-92-1-1-300x265.jpeg 300w, https:\/\/radiorevelacionfm.cl\/wp-content\/uploads\/2025\/11\/Foto-1-92-1-1-450x398.jpeg 450w, https:\/\/radiorevelacionfm.cl\/wp-content\/uploads\/2025\/11\/Foto-1-92-1-1-600x531.jpeg 600w\" sizes=\"(max-width: 678px) 100vw, 678px\" \/><\/div><\/div><\/div><\/div><div class=\"flex_column av_one_full  flex_column_div av-zero-column-padding first  avia-builder-el-2  el_after_av_one_full  el_before_av_one_full  column-top-margin\" style='border-radius:0px; '><section class=\"av_textblock_section \"  itemscope=\"itemscope\" itemtype=\"https:\/\/schema.org\/BlogPosting\" itemprop=\"blogPost\" ><div class='avia_textblock  '   itemprop=\"text\" ><p style=\"text-align: center;\"><span style=\"font-size: 18pt;\"><strong>Operativo oftalmol\u00f3gico en Melinka beneficia a m\u00e1s de 70 estudiantes <\/strong><\/span><\/p>\n<div id=\"gtx-trans\" style=\"position: absolute; left: -50px; top: 4.31534px;\">\n<div class=\"gtx-trans-icon\"><\/div>\n<\/div>\n<\/div><\/section><\/div><div class=\"flex_column av_one_full  flex_column_div av-zero-column-padding first  avia-builder-el-4  el_after_av_one_full  el_before_av_hr  column-top-margin\" style='border-radius:0px; '><section class=\"av_textblock_section \"  itemscope=\"itemscope\" itemtype=\"https:\/\/schema.org\/BlogPosting\" itemprop=\"blogPost\" ><div class='avia_textblock  '   itemprop=\"text\" ><p style=\"text-align: justify;\">Este s\u00e1bado se llev\u00f3 a cabo en la localidad de Melinka un operativo de oftalmolog\u00eda en el marco del Programa de Servicios M\u00e9dicos de la Junta Nacional de Auxilio Escolar y Becas (JUNAEB), iniciativa que busca pesquisar, prevenir y resolver problemas de salud visual, auditiva y postural (columna) en estudiantes de establecimientos p\u00fablicos y particulares subvencionados.<\/p>\n<p style=\"text-align: justify;\">El operativo contempl\u00f3 cerca de 80 acciones de detecci\u00f3n, diagn\u00f3stico y atenci\u00f3n m\u00e9dica especializada, dirigidas a ni\u00f1as, ni\u00f1os y j\u00f3venes que presentan dificultades de refracci\u00f3n como miop\u00eda e hipermetrop\u00eda, entre otras. Adem\u00e1s, se incluyeron tratamientos y la entrega gratuita de lentes \u00f3pticos a quienes lo requirieron, junto con ayudas t\u00e9cnicas para estudiantes con baja visi\u00f3n.<\/p>\n<p style=\"text-align: justify;\">El director regional de JUNAEB, Manuel Vivar, destac\u00f3 la relevancia de la iniciativa: \u201cLa implementaci\u00f3n de nuestro programa de salud es muy importante para garantizar que los estudiantes puedan acceder de la mejor forma a los espacios educativos. Es un programa muy sensible, adem\u00e1s, porque nos preocupamos de que las atenciones se realicen en los mismos establecimientos educacionales, lo que genera mayor cercan\u00eda y empat\u00eda con las familias y los estudiantes\u201d.<\/p>\n<p style=\"text-align: justify;\">Mar\u00eda In\u00e9s Co\u00f1uecar Ojeda, profesional de JUNAEB, a\u00f1adi\u00f3: \u201cNos encontramos en Melinka trabajando con los servicios m\u00e9dicos, espec\u00edficamente en el \u00e1rea de oftalmolog\u00eda, atendiendo a los y las estudiantes con controles e ingresos de nuevos casos y tambi\u00e9n les damos la opci\u00f3n de escoger los marcos de sus lentes, lo que hace m\u00e1s cercana y personalizada esta atenci\u00f3n\u201d.<\/p>\n<p style=\"text-align: justify;\">Desde la comunidad educativa, la encargada de salud del Liceo de Melinka, Claudia Herrera, tambi\u00e9n valor\u00f3 el operativo: \u201cAgradecemos el control y la entrega gratuita de los lentes, que va en apoyo directo de nuestros estudiantes y facilita su proceso educativo, especialmente considerando la lejan\u00eda geogr\u00e1fica de nuestro establecimiento\u201d.<\/p>\n<p style=\"text-align: justify;\">Asimismo, Fredy Barr\u00eda, apoderado de estudiantes de cuarto y quinto b\u00e1sico, enfatiz\u00f3 el impacto del programa en las familias: \u201cEs una gran ayuda para nosotros como pap\u00e1s, porque mis dos hijas tienen problemas de visi\u00f3n, y por la distancia resulta muy costoso viajar a Coyhaique u otra ciudad para acceder a este tipo de atenci\u00f3n\u201d.<\/p>\n<p style=\"text-align: justify;\">Finalmente, la Seremi de Gobierno, \u00darsula Mix, destaco que \u201cen nuestro viaje a Guaitecas nos encontramos con este operativo, que refleja el compromiso del Gobierno con la equidad en el acceso a la salud y la educaci\u00f3n. Llevar servicios especializados a comunidades apartadas como Melinka es una se\u00f1al concreta de que estamos avanzando hacia un pa\u00eds m\u00e1s justo, donde las oportunidades no dependan del lugar donde se nace\u201d.<\/p>\n<p style=\"text-align: justify;\">Con este operativo, JUNAEB cierra el ciclo regional de atenciones del a\u00f1o 2025, alcanzando una cobertura total que permiti\u00f3 realizar cerca de 780 diagn\u00f3sticos o pesquisas, 1.816 atenciones m\u00e9dicas y controles, junto con la entrega de alrededor de 1.600 lentes \u00f3pticos a estudiantes de toda la regi\u00f3n.<\/p>\n<\/div><\/section><\/div><div  style='height:50px' class='hr hr-invisible   avia-builder-el-6  el_after_av_one_full  el_before_av_social_share '><span class='hr-inner ' ><span class='hr-inner-style'><\/span><\/span><\/div><\/p>\n<div  class='av-social-sharing-box  avia-builder-el-7  el_after_av_hr  el_before_av_hr  '><div class='av-share-box'><h5 class='av-share-link-description av-no-toc '>Compartir esta noticia<\/h5><ul class='av-share-box-list noLightbox'><li class='av-share-link av-social-link-facebook' ><a target=\"_blank\" aria-label=\"Compartir en Facebook\" href='https:\/\/www.facebook.com\/sharer.php?u=https:\/\/radiorevelacionfm.cl\/?p=61375&#038;t=Operativo%20oftalmol%C3%B3gico%20en%20Melinka%20beneficia%20a%20m%C3%A1s%20de%2070%20estudiantes' aria-hidden='false' data-av_icon='\ue8f3' data-av_iconfont='entypo-fontello' title='' data-avia-related-tooltip='Compartir en Facebook' rel=\"noopener\"><span class='avia_hidden_link_text'>Compartir en Facebook<\/span><\/a><\/li><li class='av-share-link av-social-link-twitter' ><a target=\"_blank\" aria-label=\"Compartir en Twitter\" href='https:\/\/twitter.com\/share?text=Operativo%20oftalmol%C3%B3gico%20en%20Melinka%20beneficia%20a%20m%C3%A1s%20de%2070%20estudiantes&#038;url=https:\/\/radiorevelacionfm.cl\/?p=61375' aria-hidden='false' data-av_icon='\ue8f1' data-av_iconfont='entypo-fontello' title='' data-avia-related-tooltip='Compartir en Twitter' rel=\"noopener\"><span class='avia_hidden_link_text'>Compartir en Twitter<\/span><\/a><\/li><li class='av-share-link av-social-link-whatsapp' ><a target=\"_blank\" aria-label=\"Compartir en Whatsapp\" href='https:\/\/api.whatsapp.com\/send?text=https:\/\/radiorevelacionfm.cl\/?p=61375' aria-hidden='false' data-av_icon='\uf232' data-av_iconfont='entypo-fontello' title='' data-avia-related-tooltip='Compartir en Whatsapp' rel=\"noopener\"><span class='avia_hidden_link_text'>Compartir en Whatsapp<\/span><\/a><\/li><li class='av-share-link av-social-link-linkedin' ><a target=\"_blank\" aria-label=\"Compartir en LinkedIn\" href='https:\/\/linkedin.com\/shareArticle?mini=true&#038;title=Operativo%20oftalmol%C3%B3gico%20en%20Melinka%20beneficia%20a%20m%C3%A1s%20de%2070%20estudiantes&#038;url=https:\/\/radiorevelacionfm.cl\/?p=61375' aria-hidden='false' data-av_icon='\ue8fc' data-av_iconfont='entypo-fontello' title='' data-avia-related-tooltip='Compartir en LinkedIn' rel=\"noopener\"><span class='avia_hidden_link_text'>Compartir en LinkedIn<\/span><\/a><\/li><li class='av-share-link av-social-link-mail' ><a  aria-label=\"Compartir por correo\" href='mailto:?subject=Operativo%20oftalmol%C3%B3gico%20en%20Melinka%20beneficia%20a%20m%C3%A1s%20de%2070%20estudiantes&#038;body=https:\/\/radiorevelacionfm.cl\/?p=61375' aria-hidden='false' data-av_icon='\ue805' data-av_iconfont='entypo-fontello' title='' data-avia-related-tooltip='Compartir por correo'><span class='avia_hidden_link_text'>Compartir por correo<\/span><\/a><\/li><\/ul><\/div><\/div>\n<div  style='height:50px' class='hr hr-invisible   avia-builder-el-8  el_after_av_social_share  el_before_av_comments_list '><span class='hr-inner ' ><span class='hr-inner-style'><\/span><\/span><\/div>\n<div  class='av-buildercomment  av-blog-meta-html-info-disabled av-blog-meta-tag-disabled  '><\/div>\n","protected":false},"excerpt":{"rendered":"","protected":false},"author":1,"featured_media":61376,"comment_status":"closed","ping_status":"closed","sticky":false,"template":"","format":"standard","meta":{"footnotes":""},"categories":[46],"tags":[],"class_list":["post-61375","post","type-post","status-publish","format-standard","has-post-thumbnail","hentry","category-salud"],"jetpack_featured_media_url":"https:\/\/radiorevelacionfm.cl\/wp-content\/uploads\/2025\/11\/Foto-1-92-1-1.jpeg","_links":{"self":[{"href":"https:\/\/radiorevelacionfm.cl\/index.php?rest_route=\/wp\/v2\/posts\/61375","targetHints":{"allow":["GET"]}}],"collection":[{"href":"https:\/\/radiorevelacionfm.cl\/index.php?rest_route=\/wp\/v2\/posts"}],"about":[{"href":"https:\/\/radiorevelacionfm.cl\/index.php?rest_route=\/wp\/v2\/types\/post"}],"author":[{"embeddable":true,"href":"https:\/\/radiorevelacionfm.cl\/index.php?rest_route=\/wp\/v2\/users\/1"}],"replies":[{"embeddable":true,"href":"https:\/\/radiorevelacionfm.cl\/index.php?rest_route=%2Fwp%2Fv2%2Fcomments&post=61375"}],"version-history":[{"count":2,"href":"https:\/\/radiorevelacionfm.cl\/index.php?rest_route=\/wp\/v2\/posts\/61375\/revisions"}],"predecessor-version":[{"id":61395,"href":"https:\/\/radiorevelacionfm.cl\/index.php?rest_route=\/wp\/v2\/posts\/61375\/revisions\/61395"}],"wp:featuredmedia":[{"embeddable":true,"href":"https:\/\/radiorevelacionfm.cl\/index.php?rest_route=\/wp\/v2\/media\/61376"}],"wp:attachment":[{"href":"https:\/\/radiorevelacionfm.cl\/index.php?rest_route=%2Fwp%2Fv2%2Fmedia&parent=61375"}],"wp:term":[{"taxonomy":"category","embeddable":true,"href":"https:\/\/radiorevelacionfm.cl\/index.php?rest_route=%2Fwp%2Fv2%2Fcategories&post=61375"},{"taxonomy":"post_tag","embeddable":true,"href":"https:\/\/radiorevelacionfm.cl\/index.php?rest_route=%2Fwp%2Fv2%2Ftags&post=61375"}],"curies":[{"name":"wp","href":"https:\/\/api.w.org\/{rel}","templated":true}]}}