{"id":61367,"date":"2025-11-13T16:23:27","date_gmt":"2025-11-13T19:23:27","guid":{"rendered":"https:\/\/radiorevelacionfm.cl\/?p=61367"},"modified":"2025-11-13T16:23:27","modified_gmt":"2025-11-13T19:23:27","slug":"ilegal-arbitraria-y-discriminatoria-los-argumentos-de-la-corte-suprema-para-revocar-decision-de-la-crubc-que-rechazo-dos-ecmpos-en-aysen","status":"publish","type":"post","link":"https:\/\/radiorevelacionfm.cl\/?p=61367","title":{"rendered":"Ilegal, arbitraria y discriminatoria: Los argumentos de la Corte Suprema para revocar decisi\u00f3n de la CRUBC que rechaz\u00f3 dos ECMPOs en Ays\u00e9n"},"content":{"rendered":"<div class=\"flex_column av_one_full  flex_column_div av-zero-column-padding first  avia-builder-el-0  el_before_av_one_full  avia-builder-el-first  \" style='border-radius:0px; '><div  class='avia-image-container  av-styling-    avia-builder-el-1  avia-builder-el-no-sibling  avia-align-center '  itemprop=\"image\" itemscope=\"itemscope\" itemtype=\"https:\/\/schema.org\/ImageObject\"  ><div class='avia-image-container-inner'><div class='avia-image-overlay-wrap'><img decoding=\"async\" class='wp-image-61368 avia-img-lazy-loading-not-61368 avia_image' src=\"https:\/\/radiorevelacionfm.cl\/wp-content\/uploads\/2025\/11\/Sesion-CRUBC-2.jpeg\" alt='' title='Sesi\u00f3n CRUBC-2' height=\"600\" width=\"1068\"  itemprop=\"thumbnailUrl\" srcset=\"https:\/\/radiorevelacionfm.cl\/wp-content\/uploads\/2025\/11\/Sesion-CRUBC-2.jpeg 1068w, https:\/\/radiorevelacionfm.cl\/wp-content\/uploads\/2025\/11\/Sesion-CRUBC-2-300x169.jpeg 300w, https:\/\/radiorevelacionfm.cl\/wp-content\/uploads\/2025\/11\/Sesion-CRUBC-2-1030x579.jpeg 1030w, https:\/\/radiorevelacionfm.cl\/wp-content\/uploads\/2025\/11\/Sesion-CRUBC-2-768x431.jpeg 768w, https:\/\/radiorevelacionfm.cl\/wp-content\/uploads\/2025\/11\/Sesion-CRUBC-2-705x396.jpeg 705w, https:\/\/radiorevelacionfm.cl\/wp-content\/uploads\/2025\/11\/Sesion-CRUBC-2-450x253.jpeg 450w, https:\/\/radiorevelacionfm.cl\/wp-content\/uploads\/2025\/11\/Sesion-CRUBC-2-600x337.jpeg 600w\" sizes=\"(max-width: 1068px) 100vw, 1068px\" \/><\/div><\/div><\/div><\/div><div class=\"flex_column av_one_full  flex_column_div av-zero-column-padding first  avia-builder-el-2  el_after_av_one_full  el_before_av_one_full  column-top-margin\" style='border-radius:0px; '><section class=\"av_textblock_section \"  itemscope=\"itemscope\" itemtype=\"https:\/\/schema.org\/BlogPosting\" itemprop=\"blogPost\" ><div class='avia_textblock  '   itemprop=\"text\" ><p style=\"text-align: center;\"><span style=\"font-size: 18pt;\"><b><span lang=\"ES-TRAD\">Ilegal, arbitraria y discriminatoria: Los argumentos de la Corte Suprema para revocar decisi\u00f3n de la CRUBC que rechaz\u00f3 dos ECMPOs en Ays\u00e9n<\/span><\/b><\/span><\/p>\n<div id=\"gtx-trans\" style=\"position: absolute; left: -50px; top: 4.31534px;\">\n<div class=\"gtx-trans-icon\"><\/div>\n<\/div>\n<\/div><\/section><\/div><div class=\"flex_column av_one_full  flex_column_div av-zero-column-padding first  avia-builder-el-4  el_after_av_one_full  el_before_av_hr  column-top-margin\" style='border-radius:0px; '><section class=\"av_textblock_section \"  itemscope=\"itemscope\" itemtype=\"https:\/\/schema.org\/BlogPosting\" itemprop=\"blogPost\" ><div class='avia_textblock  '   itemprop=\"text\" ><ul>\n<li style=\"font-weight: 400; text-align: justify;\"><em>El fallo del m\u00e1ximo tribunal impugn\u00f3 las resoluciones de 2024 mediante las cuales la Comisi\u00f3n Regional de Uso del Borde Costero rechaz\u00f3\u00a0las solicitudes de espacios marinos costeros de pueblos originarios de las comunidades ind\u00edgenas Antunen Rain, Fot\u00fcn Mapu y Pu Wapi.<\/em><\/li>\n<li style=\"font-weight: 400; text-align: justify;\"><em>En lo sustantivo, se\u00f1al\u00f3 que en la resoluci\u00f3n no se dieron argumentos fundados para la decisi\u00f3n, retrotrayendo \u201cel procedimiento a la etapa de pronunciarse nuevamente de la solicitud del recurrente, mediante una resoluci\u00f3n debidamente fundada y con estricto apego a la normativa vigente\u201d.<\/em><\/li>\n<\/ul>\n<p style=\"font-weight: 400; text-align: justify;\">En fallos un\u00e1nimes, la tercera sala constitucional de la Corte Suprema confirm\u00f3 este martes 11 de noviembre que la Comisi\u00f3n Regional de Uso del Borde Costero de Ays\u00e9n actu\u00f3 \u201c<em>ilegal y arbitrariamente<\/em>\u201d al rechazar en marzo de 2024 dos solicitudes de Espacios Costero Marinos de Pueblos Originarios presentadas por comunidades ind\u00edgenas en Ays\u00e9n. Adem\u00e1s, consign\u00f3 que la forma en que se dio el proceso fue discriminatoria.<\/p>\n<p style=\"font-weight: 400; text-align: justify;\">En lo espec\u00edfico, el m\u00e1ximo tribunal cuestion\u00f3 que los argumentos con que se desecharon las solicitudes de las comunidades ind\u00edgenas\u00a0<strong>Pu Wapi (ECMPO Cisnes, comuna de Cisnes)<\/strong>, y\u00a0<strong>Antunen Rain<\/strong>\u00a0y\u00a0<strong>Fot\u00fcn Mapu (ECMPO Huichas, comuna de Ays\u00e9n)<\/strong>\u00a0carecieron \u201c<em>de la suficiencia y entidad como para justificar un rechazo fundado<\/em>\u201d, que es requisito esencial para este tipo de decisiones.<\/p>\n<p style=\"font-weight: 400; text-align: justify;\">Entre los argumentos que expusieron los integrantes de la CRUBC, muchos de ellos reiterados sin mayores cambios, se aludi\u00f3 a materias que no est\u00e1n contempladas en la normativa.<\/p>\n<p style=\"font-weight: 400; text-align: justify;\">Algunos de estos argumentos fueron: \u201c<em>Instancias de di\u00e1logo insuficientes e inadecuado proceso de informaci\u00f3n y consulta a las comunidades ind\u00edgenas y comunidad afectada por la ECMPO<\/em>\u201d; \u201c<em>sobreposici\u00f3n de las solicitudes ECMPO con Reserva Nacional Las Guaitecas<\/em>\u201d; \u201c<em>la gran extensi\u00f3n del ECMPO solicitado, que involucrar\u00eda un gran esfuerzo de la comunidad solicitante e ingentes recursos econ\u00f3micos para su administraci\u00f3n, no se ajustar\u00eda a principios y objetivos generales<\/em>\u201d; \u201c<em>cuestionamiento de la pertinencia territorial de la solicitud respecto de la comunidad solicitante<\/em>\u201d.<\/p>\n<p style=\"font-weight: 400; text-align: justify;\"><strong>Los argumentos del fallo<\/strong><\/p>\n<p style=\"font-weight: 400; text-align: justify;\">La Corte Suprema, que revoc\u00f3 la decisi\u00f3n de la Corte de Apelaciones de Coyhaique que desech\u00f3 el recurso de protecci\u00f3n interpuesto previamente por las comunidades, se fundament\u00f3 en que en los actos administrativos de la Comisi\u00f3n Regional de Uso del Borde Costero \u201c<em>s\u00f3lo se alude\u00a0<strong>someramente<\/strong>\u00a0a los argumentos, mediante una\u00a0<strong>mera enunciaci\u00f3n<\/strong>\u00a0de \u00e9stos y sustentando la decisi\u00f3n en la transcripci\u00f3n de los votos de los miembros de la Comisi\u00f3n, pero sin realizar un an\u00e1lisis real de las alegaciones del recurrente en su recurso administrativo, ni profundiz\u00f3 en los argumentos para rechazar la solicitud, en el acto administrativo que contiene dicha decisi\u00f3n<\/em>\u201d.<\/p>\n<p style=\"font-weight: 400; text-align: justify;\">Adem\u00e1s, relev\u00f3 la\u00a0<strong>importancia del informe de CONADI<\/strong>\u00a0que dio cuenta del uso consuetudinario de las \u00e1reas solicitadas, que aunque no es vinculante es el elemento central para determinar si existe uso tradicional del espacio marino. Por eso, si la autoridad lo descarta, debe justificarlo, lo cual no ocurri\u00f3 en este caso.<\/p>\n<p style=\"font-weight: 400; text-align: justify;\">Asimismo, cuestion\u00f3 que se rechazaran las solicitudes\u00a0<strong>sin ofrecer la posibilidad de ajustar las superficies ni proponer alternativas<\/strong>, pese a tener facultades para hacerlo.<\/p>\n<p style=\"font-weight: 400; text-align: justify;\">Y, en lo fundamental, acus\u00f3 que en el proceso se dej\u00f3 a la comunidad\u00a0<strong>en situaci\u00f3n de desigualdad ante la ley<\/strong>\u00a0(art. 19 N\u00ba2 de la Constituci\u00f3n), al no recibir el mismo trato que otros solicitantes que s\u00ed obtuvieron resoluciones bien fundadas.<\/p>\n<p style=\"font-weight: 400; text-align: justify;\">Ante esto, la Corte Suprema orden\u00f3 \u201c<em>retrotraer el procedimiento a la etapa de pronunciarse nuevamente de la solicitud del recurrente, mediante una resoluci\u00f3n debidamente fundada y con estricto apego a la normativa vigente<\/em>\u201d.<\/p>\n<p style=\"font-weight: 400; text-align: justify;\">Esta sentencia da cuenta de la ilegalidad de las votaciones del gabinete en pleno del Gobierno de Gabriel Boric presente en la CRUBC, liderado por el <strong>delegado regional Rodrigo Araya<\/strong>. Lo mismo los\u00a0<strong>delegados provincial de Ays\u00e9n Jorge D\u00edaz Guzm\u00e1n<\/strong>\u00a0(actual delegado regional), de\u00a0<strong>Capit\u00e1n Prat Crist\u00f3bal Barcel\u00f3<\/strong>\u00a0y\u00a0<strong>de General Carrera Marta Montiel<\/strong>, junto a los seremis de\u00a0<strong>Econom\u00eda<\/strong>,\u00a0<strong>Desarrollo Social<\/strong>,\u00a0<strong>Vivienda<\/strong>\u00a0<strong>y Urbanismo,<\/strong> y <strong>Bienes Nacionales<\/strong>, y los\u00a0<strong>directores regionales de Turismo<\/strong>, <strong>Sernapesca<\/strong>,\u00a0<strong>Obras Portuarias<\/strong>, el\u00a0<strong>director Zonal de Pesca<\/strong>, <strong>Emporcha<\/strong>, la\u00a0<strong>Armada<\/strong>\u00a0y la\u00a0<strong>Gobernaci\u00f3n Mar\u00edtima de Ays\u00e9n<\/strong>.<\/p>\n<p style=\"font-weight: 400; text-align: justify;\">Los alcaldes de la regi\u00f3n tambi\u00e9n se sumaron al rechazo, con el alcalde de Cisnes\u00a0<strong>Francisco Roncagliolo a la cabeza<\/strong>, quien ha liderado la ofensiva a favor de la industria salmonera y en contra de los derechos de los pueblos originarios.<\/p>\n<p style=\"font-weight: 400; text-align: justify;\">Lo mismo la ex\u00a0<strong>consejera regional Mar\u00eda Loreta Villegas<\/strong>, quien actualmente cumple funciones en el Gobierno Regional de Ays\u00e9n bajo la conducci\u00f3n de Marcelo Santana.\u00a0\u00a0Y su par\u00a0<strong>Jorge Sep\u00falveda<\/strong>, quien en un caso argument\u00f3 que rechazaba por \u201c<em>el sentido com\u00fan<\/em>\u201d y en el otro, sin fundamentar, que lo hac\u00eda \u201c<em>por todo lo expresado por el alcalde de Cisnes<\/em>\u201d.<\/p>\n<p style=\"font-weight: 400; text-align: justify;\">Se sumaron al rechazo los representantes de la pesca artesanal\u00a0<strong>Honorino Angulo<\/strong>\u00a0y\u00a0<strong>Carlos Basualto<\/strong>.<\/p>\n<p style=\"font-weight: 400; text-align: justify;\">Todos alineados con los representantes salmoneros\u00a0<strong>Juan Luis Amen\u00e1bar<\/strong>\u00a0(Consejo del Salm\u00f3n) y\u00a0<strong>Tom\u00e1s Monge<\/strong>\u00a0(Salm\u00f3n Chile).<\/p>\n<p style=\"font-weight: 400; text-align: justify;\">La excepci\u00f3n fueron la gobernadora y presidenta de la CRUBC del momento, <strong>Andrea Mac\u00edas,<\/strong>\u00a0junto a la representante del turismo\u00a0<strong>Andrea Rosas,<\/strong>\u00a0quienes aprobaron la solicitud, planteando la posibilidad de que se discutieran posibles modificaciones.\u00a0\u00a0Los \u00fanicos votos a favor sin condiciones fueron de los representantes de los pueblos originarios\u00a0<strong>Daniel Caniull\u00e1n<\/strong>\u00a0y\u00a0<strong>Fabi\u00e1n Teca.<\/strong><\/p>\n<p style=\"font-weight: 400; text-align: justify;\"><strong>Reacciones<\/strong><\/p>\n<p style=\"font-weight: 400; text-align: justify;\">El abogado\u00a0<strong>Felipe Guerra, del Observatorio Ciudadano,\u00a0<\/strong>explic\u00f3 que \u201c<em>la Corte Suprema anul\u00f3 los rechazos arbitrarios de la CRUBC Ays\u00e9n y orden\u00f3 retrotraer el proceso: las ECMPO de WeywenWapi (que Subpesca renombr\u00f3 como Cisnes) y Huichas deben resolverse con fundamentos y conforme a la Ley 20.249<\/em>\u201d.\u00a0\u00a0Agreg\u00f3 que \u201c<em>el M\u00e1ximo Tribunal fij\u00f3 el est\u00e1ndar: el Informe de Uso Consuetudinario de CONADI es el principal antecedente; no bastan criterios econ\u00f3micos ni oposici\u00f3n local\u2014se exige motivaci\u00f3n reforzada bajo el Convenio 169<\/em>\u201d.<\/p>\n<p style=\"font-weight: 400; text-align: justify;\">Por su parte, los representantes de las comunidades ind\u00edgenas impulsoras de los ECMPOs celebraron la decisi\u00f3n.<\/p>\n<p style=\"font-weight: 400; text-align: justify;\"><strong>Daniel Caniull\u00e1n, de Pu Wapi\u00a0<\/strong>se\u00f1al\u00f3 \u201c<em>estamos muy felices y contentos por este gran fallo, hist\u00f3rico, emitido por la Corte Suprema. Siempre tuvimos la convicci\u00f3n y la certeza de que nosotros hicimos todo este trabajo comunitario de acuerdo y conforme a la ley 20.249, en ning\u00fan momento nos salimos de la normativa. Siempre invitamos al di\u00e1logo. Siempre fuimos partidarios de que el uso del borde costero se puede compartir y convivir con respeto. As\u00ed es que para nosotros, esto nos inyecta mucha m\u00e1s energ\u00eda para seguir luchando, pensando en el futuro de las nuevas generaciones, ya que el mar es una fuente de vida que hay que saber administrar de la mejor manera<\/em>\u201d.<\/p>\n<p style=\"font-weight: 400; text-align: justify;\"><strong>Nelson Millatureo, de Antunen Rain<\/strong>, manifest\u00f3 su confianza en que \u201c<em>esto nos d\u00e9 esperanza de que seamos tratados con la dignidad que nos merecemos como pueblo originario, con la dignidad que se merece nuestra naturaleza, con el respeto y el derecho que tenemos nosotros a exigir justicia ambiental y sobre todo a entregar estos territorios en valor, para que las comunidades actuales y futuras puedan desarrollarse y vivir, fortalecer nuestra cultura, y por cierto que tener una mejor calidad de vida, un buen vivir, como decimos nosotros<\/em>\u201d.<\/p>\n<p style=\"font-weight: 400; text-align: justify;\">En tanto,\u00a0<strong>Sof\u00eda Cabero de Fot\u00fcn Mapu,<\/strong>\u00a0plante\u00f3 su \u201c<em>m\u00e1s sincera satisfacci\u00f3n por el fallo a favor de nuestras solicitudes. Me siento aliviada y agradecida por la justicia que se ha hecho. Este fallo es un paso importante para la protecci\u00f3n del medio ambiente y la defensa de los derechos de las comunidades. Quiero agradecer a todos los que han trabajado duro para lograr este resultado, incluyendo los abogados, activistas y ciudadanos que se han movilizado para hacer o\u00edr su voz. Este fallo es un recordatorio de que hay justicia en Chile. A seguir luchando por lo que es justo<\/em>\u201d.<\/p>\n<\/div><\/section><\/div><div  style='height:50px' class='hr hr-invisible   avia-builder-el-6  el_after_av_one_full  el_before_av_social_share '><span class='hr-inner ' ><span class='hr-inner-style'><\/span><\/span><\/div><\/p>\n<div  class='av-social-sharing-box  avia-builder-el-7  el_after_av_hr  el_before_av_hr  '><div class='av-share-box'><h5 class='av-share-link-description av-no-toc '>Compartir esta noticia<\/h5><ul class='av-share-box-list noLightbox'><li class='av-share-link av-social-link-facebook' ><a target=\"_blank\" aria-label=\"Compartir en Facebook\" href='https:\/\/www.facebook.com\/sharer.php?u=https:\/\/radiorevelacionfm.cl\/?p=61367&#038;t=Ilegal%2C%20arbitraria%20y%20discriminatoria%3A%20Los%20argumentos%20de%20la%20Corte%20Suprema%20para%20revocar%20decisi%C3%B3n%20de%20la%20CRUBC%20que%20rechaz%C3%B3%20dos%20ECMPOs%20en%20Ays%C3%A9n' aria-hidden='false' data-av_icon='\ue8f3' data-av_iconfont='entypo-fontello' title='' data-avia-related-tooltip='Compartir en Facebook' rel=\"noopener\"><span class='avia_hidden_link_text'>Compartir en Facebook<\/span><\/a><\/li><li class='av-share-link av-social-link-twitter' ><a target=\"_blank\" aria-label=\"Compartir en Twitter\" href='https:\/\/twitter.com\/share?text=Ilegal%2C%20arbitraria%20y%20discriminatoria%3A%20Los%20argumentos%20de%20la%20Corte%20Suprema%20para%20revocar%20decisi%C3%B3n%20de%20la%20CRUBC%20que%20rechaz%C3%B3%20dos%20ECMPOs%20en%20Ays%C3%A9n&#038;url=https:\/\/radiorevelacionfm.cl\/?p=61367' aria-hidden='false' data-av_icon='\ue8f1' data-av_iconfont='entypo-fontello' title='' data-avia-related-tooltip='Compartir en Twitter' rel=\"noopener\"><span class='avia_hidden_link_text'>Compartir en Twitter<\/span><\/a><\/li><li class='av-share-link av-social-link-whatsapp' ><a target=\"_blank\" aria-label=\"Compartir en Whatsapp\" href='https:\/\/api.whatsapp.com\/send?text=https:\/\/radiorevelacionfm.cl\/?p=61367' aria-hidden='false' data-av_icon='\uf232' data-av_iconfont='entypo-fontello' title='' data-avia-related-tooltip='Compartir en Whatsapp' rel=\"noopener\"><span class='avia_hidden_link_text'>Compartir en Whatsapp<\/span><\/a><\/li><li class='av-share-link av-social-link-linkedin' ><a target=\"_blank\" aria-label=\"Compartir en LinkedIn\" href='https:\/\/linkedin.com\/shareArticle?mini=true&#038;title=Ilegal%2C%20arbitraria%20y%20discriminatoria%3A%20Los%20argumentos%20de%20la%20Corte%20Suprema%20para%20revocar%20decisi%C3%B3n%20de%20la%20CRUBC%20que%20rechaz%C3%B3%20dos%20ECMPOs%20en%20Ays%C3%A9n&#038;url=https:\/\/radiorevelacionfm.cl\/?p=61367' aria-hidden='false' data-av_icon='\ue8fc' data-av_iconfont='entypo-fontello' title='' data-avia-related-tooltip='Compartir en LinkedIn' rel=\"noopener\"><span class='avia_hidden_link_text'>Compartir en LinkedIn<\/span><\/a><\/li><li class='av-share-link av-social-link-mail' ><a  aria-label=\"Compartir por correo\" href='mailto:?subject=Ilegal%2C%20arbitraria%20y%20discriminatoria%3A%20Los%20argumentos%20de%20la%20Corte%20Suprema%20para%20revocar%20decisi%C3%B3n%20de%20la%20CRUBC%20que%20rechaz%C3%B3%20dos%20ECMPOs%20en%20Ays%C3%A9n&#038;body=https:\/\/radiorevelacionfm.cl\/?p=61367' aria-hidden='false' data-av_icon='\ue805' data-av_iconfont='entypo-fontello' title='' data-avia-related-tooltip='Compartir por correo'><span class='avia_hidden_link_text'>Compartir por correo<\/span><\/a><\/li><\/ul><\/div><\/div>\n<div  style='height:50px' class='hr hr-invisible   avia-builder-el-8  el_after_av_social_share  el_before_av_comments_list '><span class='hr-inner ' ><span class='hr-inner-style'><\/span><\/span><\/div>\n<div  class='av-buildercomment  av-blog-meta-html-info-disabled av-blog-meta-tag-disabled  '><\/div>\n","protected":false},"excerpt":{"rendered":"","protected":false},"author":1,"featured_media":61368,"comment_status":"closed","ping_status":"closed","sticky":false,"template":"","format":"standard","meta":{"footnotes":""},"categories":[38],"tags":[],"class_list":["post-61367","post","type-post","status-publish","format-standard","has-post-thumbnail","hentry","category-regional"],"jetpack_featured_media_url":"https:\/\/radiorevelacionfm.cl\/wp-content\/uploads\/2025\/11\/Sesion-CRUBC-2.jpeg","_links":{"self":[{"href":"https:\/\/radiorevelacionfm.cl\/index.php?rest_route=\/wp\/v2\/posts\/61367","targetHints":{"allow":["GET"]}}],"collection":[{"href":"https:\/\/radiorevelacionfm.cl\/index.php?rest_route=\/wp\/v2\/posts"}],"about":[{"href":"https:\/\/radiorevelacionfm.cl\/index.php?rest_route=\/wp\/v2\/types\/post"}],"author":[{"embeddable":true,"href":"https:\/\/radiorevelacionfm.cl\/index.php?rest_route=\/wp\/v2\/users\/1"}],"replies":[{"embeddable":true,"href":"https:\/\/radiorevelacionfm.cl\/index.php?rest_route=%2Fwp%2Fv2%2Fcomments&post=61367"}],"version-history":[{"count":2,"href":"https:\/\/radiorevelacionfm.cl\/index.php?rest_route=\/wp\/v2\/posts\/61367\/revisions"}],"predecessor-version":[{"id":61370,"href":"https:\/\/radiorevelacionfm.cl\/index.php?rest_route=\/wp\/v2\/posts\/61367\/revisions\/61370"}],"wp:featuredmedia":[{"embeddable":true,"href":"https:\/\/radiorevelacionfm.cl\/index.php?rest_route=\/wp\/v2\/media\/61368"}],"wp:attachment":[{"href":"https:\/\/radiorevelacionfm.cl\/index.php?rest_route=%2Fwp%2Fv2%2Fmedia&parent=61367"}],"wp:term":[{"taxonomy":"category","embeddable":true,"href":"https:\/\/radiorevelacionfm.cl\/index.php?rest_route=%2Fwp%2Fv2%2Fcategories&post=61367"},{"taxonomy":"post_tag","embeddable":true,"href":"https:\/\/radiorevelacionfm.cl\/index.php?rest_route=%2Fwp%2Fv2%2Ftags&post=61367"}],"curies":[{"name":"wp","href":"https:\/\/api.w.org\/{rel}","templated":true}]}}