{"id":61362,"date":"2025-11-13T17:38:05","date_gmt":"2025-11-13T20:38:05","guid":{"rendered":"https:\/\/radiorevelacionfm.cl\/?p=61362"},"modified":"2025-11-13T17:38:05","modified_gmt":"2025-11-13T20:38:05","slug":"transforma-cambio-climatico-de-corfo-dara-a-conocer-hoja-de-ruta-del-programa-y-uno-de-sus-proyectos-emblematicos-bioaysen-en-la-cop30-de-brasil","status":"publish","type":"post","link":"https:\/\/radiorevelacionfm.cl\/?p=61362","title":{"rendered":"Transforma Cambio Clim\u00e1tico de Corfo dar\u00e1 a conocer Hoja de Ruta del programa y uno de sus proyectos emblem\u00e1ticos, BioAys\u00e9n, en la COP30 de Brasil"},"content":{"rendered":"<div class=\"flex_column av_one_full  flex_column_div av-zero-column-padding first  avia-builder-el-0  el_before_av_one_full  avia-builder-el-first  \" style='border-radius:0px; '><div  class='avia-image-container  av-styling-    avia-builder-el-1  avia-builder-el-no-sibling  avia-align-center '  itemprop=\"image\" itemscope=\"itemscope\" itemtype=\"https:\/\/schema.org\/ImageObject\"  ><div class='avia-image-container-inner'><div class='avia-image-overlay-wrap'><img decoding=\"async\" class='wp-image-61363 avia-img-lazy-loading-not-61363 avia_image' src=\"https:\/\/radiorevelacionfm.cl\/wp-content\/uploads\/2025\/11\/TCC-en-la-COP30-1-1.jpeg\" alt='' title='TCC en la COP30 (1) (1)' height=\"600\" width=\"450\"  itemprop=\"thumbnailUrl\" srcset=\"https:\/\/radiorevelacionfm.cl\/wp-content\/uploads\/2025\/11\/TCC-en-la-COP30-1-1.jpeg 450w, https:\/\/radiorevelacionfm.cl\/wp-content\/uploads\/2025\/11\/TCC-en-la-COP30-1-1-225x300.jpeg 225w\" sizes=\"(max-width: 450px) 100vw, 450px\" \/><\/div><\/div><\/div><\/div><div class=\"flex_column av_one_full  flex_column_div av-zero-column-padding first  avia-builder-el-2  el_after_av_one_full  el_before_av_one_full  column-top-margin\" style='border-radius:0px; '><section class=\"av_textblock_section \"  itemscope=\"itemscope\" itemtype=\"https:\/\/schema.org\/BlogPosting\" itemprop=\"blogPost\" ><div class='avia_textblock  '   itemprop=\"text\" ><p style=\"text-align: center;\"><span style=\"font-size: 18pt;\"><strong>Transforma Cambio Clim\u00e1tico de Corfo dar\u00e1 a conocer Hoja de Ruta del programa y uno de sus proyectos emblem\u00e1ticos, BioAys\u00e9n, en la COP30 de Brasil<\/strong><\/span><\/p>\n<div id=\"gtx-trans\" style=\"position: absolute; left: -50px; top: 4.31534px;\">\n<div class=\"gtx-trans-icon\"><\/div>\n<\/div>\n<\/div><\/section><\/div><div class=\"flex_column av_one_full  flex_column_div av-zero-column-padding first  avia-builder-el-4  el_after_av_one_full  el_before_av_hr  column-top-margin\" style='border-radius:0px; '><section class=\"av_textblock_section \"  itemscope=\"itemscope\" itemtype=\"https:\/\/schema.org\/BlogPosting\" itemprop=\"blogPost\" ><div class='avia_textblock  '   itemprop=\"text\" ><p style=\"text-align: justify;\">El programa Transforma Cambio Clim\u00e1tico de Corfo participa en la COP30, la Conferencia de las Naciones Unidas sobre el Cambio Clim\u00e1tico que este a\u00f1o se realiza en Bel\u00e9m do Par\u00e1, Brasil. En este encuentro global, la gerenta del programa, Irina Reyes, presentar\u00e1 los avances estrat\u00e9gicos de la Hoja de Ruta de Transforma Cambio Clim\u00e1tico, as\u00ed como los principales resultados del proyecto Bien P\u00fablico BioAys\u00e9n, una iniciativa pionera en la valorizaci\u00f3n sostenible de servicios ecosist\u00e9micos del sur de Chile.<\/p>\n<p style=\"text-align: justify;\">Durante su intervenci\u00f3n en la cumbre clim\u00e1tica, Irina Reyes participar\u00e1 de una agenda variada de actividades con representantes de Chile y de Am\u00e9rica Latina. Dos de ellas se llevar\u00e1n a cabo el viernes 14 de noviembre en el evento \u201cContribuci\u00f3n y alineaci\u00f3n del sector empresarial de Chile a las metas de clima y biodiversidad\u201d, y en el panel Lanzamiento Plan de Acci\u00f3n Empresarial en Biodiversidad de Chile, que ejecuta su aliado ACCI\u00d3N EMPRESAS junto a compa\u00f1\u00edas del sector privado, entre ellas, Anglo American Chile, Aguas Andinas y ARAUCO, empresas que acompa\u00f1ar\u00e1n esta presentaci\u00f3n. Esto ser\u00e1 en el Pabell\u00f3n de Chile Zona Azul \u2013 ICCI \u2013 Iceland, de 12.30 a 13.45 horas.<\/p>\n<p style=\"text-align: justify;\">En el marco de este hito, la gerenta del TCC dar\u00e1 a conocer el proyecto Bien P\u00fablico BioAys\u00e9n, que impulsa en la Regi\u00f3n de Ays\u00e9n con el apoyo de una gobernanza p\u00fablico-privada. \u201cEstamos en la COP30 para visibilizar el tremendo valor que representa el proyecto Bien P\u00fablico BioAys\u00e9n, que avanza de manera concreta en la Regi\u00f3n de Ays\u00e9n. Presentaremos nuestra iniciativa como un caso emblem\u00e1tico de c\u00f3mo la ciencia aplicada, la gesti\u00f3n p\u00fablico-privada y la innovaci\u00f3n territorial pueden converger en modelos de desarrollo sostenibles y con la colaboraci\u00f3n de empresas como CMPC que tiene una trayectoria de proyectos de conservaci\u00f3n y restauraci\u00f3n de terrenos en la Patagonia\u201d, resalt\u00f3.<\/p>\n<p style=\"text-align: justify;\">La iniciativa busca generar conocimiento y herramientas de gesti\u00f3n para conservar y aprovechar de manera responsable los recursos naturales y la biodiversidad patag\u00f3nica. En noviembre BioAys\u00e9n habilitar\u00e1 el primer proceso de certificaci\u00f3n de servicios ecosist\u00e9micos en dos terrenos piloto, gracias al apoyo del Forest Stewardship Council (FSC). A fines de este a\u00f1o cuatro terrenos estar\u00e1n incorporados al Banco de Biodiversidad de BioAys\u00e9n, a trav\u00e9s de su plataforma digital. \u201cEste avance permitir\u00e1 validar experiencias concretas que demuestran c\u00f3mo la conservaci\u00f3n puede transformarse en una actividad capaz de integrar el cuidado de la naturaleza con la generaci\u00f3n de ingresos\u201d, subray\u00f3.<\/p>\n<p style=\"text-align: justify;\">Para marzo de 2026 se sumar\u00e1n tres nuevos terrenos y proyectos privados, pertenecientes a la Fundaci\u00f3n Kreen, Fundaci\u00f3n Patagonia de Aysen y CMPC, consolidando el primer banco de biodiversidad del pa\u00eds bajo un modelo de conservaci\u00f3n y pagos por servicios ecosist\u00e9micos y de biodiversidad.<\/p>\n<p style=\"text-align: justify;\">La agenda tambi\u00e9n contempla la intervenci\u00f3n de Irina Reyes en la Mesa redonda \u201cEstrategias regionales de innovaci\u00f3n para la acci\u00f3n clim\u00e1tica\u201d, en el pabell\u00f3n Iberoam\u00e9rica donde expondr\u00e1 el modelo Transforma Cambio Clim\u00e1tico como caso nacional de gobernanza p\u00fablico-privada. En esa l\u00ednea, Irina Reyes destacar\u00e1 el trabajo colaborativo entre el sector p\u00fablico, privado, acad\u00e9mico y social impulsado por Corfo para fortalecer la innovaci\u00f3n clim\u00e1tica y la transici\u00f3n hacia una econom\u00eda baja en emisiones. La exposici\u00f3n abordar\u00e1 los hitos alcanzados por el programa durante 2025 y las proyecciones hacia 2026, enmarcadas en la articulaci\u00f3n de soluciones territoriales con impacto nacional y proyecci\u00f3n internacional.<\/p>\n<p style=\"text-align: justify;\"><strong>Otras actividades<\/strong><\/p>\n<p style=\"text-align: justify;\">Este mi\u00e9rcoles estaba programada la participaci\u00f3n en el panel NDC 3.0: Hoja de Ruta Clim\u00e1tica para el Sector Privado de Chile 2025- 2035 en el pabell\u00f3n de Chile, zona azul. El evento tiene por objeto marcar el lanzamiento en la COP30 de este documento levantado por los integrantes de la Alianza Unidos por la Acci\u00f3n Clim\u00e1tica. Le sigue la reuni\u00f3n con la Comisi\u00f3n Econ\u00f3mica para Am\u00e9rica Latina y el Caribe (CEPAL) en el pabell\u00f3n ONU. En la cita se discutir\u00e1 la alineaci\u00f3n de acciones conjuntas en transici\u00f3n justa y financiamiento clim\u00e1tico.<\/p>\n<p style=\"text-align: justify;\">La agenda contempla adem\u00e1s un encuentro con la CAF \u2013 Banco de Desarrollo de Am\u00e9rica Latina y el Caribe, en el pabell\u00f3n CAF. La reuni\u00f3n har\u00e1 seguimiento a propuestas de infraestructura sostenible y programas regionales. Luego el programa de Corfo participar\u00e1 en la Alianza Global por la Circularidad (GAC), zona verde, con el prop\u00f3sito de identificar oportunidades de cooperaci\u00f3n para proyectos piloto en Chile.<\/p>\n<p style=\"text-align: justify;\">La participaci\u00f3n de Transforma Cambio Clim\u00e1tico en la COP30 refuerza el compromiso de Chile con la acci\u00f3n clim\u00e1tica y la cooperaci\u00f3n internacional. La presencia del programa en esta cumbre busca socializar los avances del pa\u00eds en materia de transformaci\u00f3n productiva sostenible y posicionar a los territorios como actores claves frente a los desaf\u00edos globales del cambio clim\u00e1tico.<\/p>\n<\/div><\/section><\/div><div  style='height:50px' class='hr hr-invisible   avia-builder-el-6  el_after_av_one_full  el_before_av_social_share '><span class='hr-inner ' ><span class='hr-inner-style'><\/span><\/span><\/div><\/p>\n<div  class='av-social-sharing-box  avia-builder-el-7  el_after_av_hr  el_before_av_hr  '><div class='av-share-box'><h5 class='av-share-link-description av-no-toc '>Compartir esta noticia<\/h5><ul class='av-share-box-list noLightbox'><li class='av-share-link av-social-link-facebook' ><a target=\"_blank\" aria-label=\"Compartir en Facebook\" href='https:\/\/www.facebook.com\/sharer.php?u=https:\/\/radiorevelacionfm.cl\/?p=61362&#038;t=Transforma%20Cambio%20Clim%C3%A1tico%20de%20Corfo%20dar%C3%A1%20a%20conocer%20Hoja%20de%20Ruta%20del%20programa%20y%20uno%20de%20sus%20proyectos%20emblem%C3%A1ticos%2C%20BioAys%C3%A9n%2C%20en%20la%20COP30%20de%20Brasil' aria-hidden='false' data-av_icon='\ue8f3' data-av_iconfont='entypo-fontello' title='' data-avia-related-tooltip='Compartir en Facebook' rel=\"noopener\"><span class='avia_hidden_link_text'>Compartir en Facebook<\/span><\/a><\/li><li class='av-share-link av-social-link-twitter' ><a target=\"_blank\" aria-label=\"Compartir en Twitter\" href='https:\/\/twitter.com\/share?text=Transforma%20Cambio%20Clim%C3%A1tico%20de%20Corfo%20dar%C3%A1%20a%20conocer%20Hoja%20de%20Ruta%20del%20programa%20y%20uno%20de%20sus%20proyectos%20emblem%C3%A1ticos%2C%20BioAys%C3%A9n%2C%20en%20la%20COP30%20de%20Brasil&#038;url=https:\/\/radiorevelacionfm.cl\/?p=61362' aria-hidden='false' data-av_icon='\ue8f1' data-av_iconfont='entypo-fontello' title='' data-avia-related-tooltip='Compartir en Twitter' rel=\"noopener\"><span class='avia_hidden_link_text'>Compartir en Twitter<\/span><\/a><\/li><li class='av-share-link av-social-link-whatsapp' ><a target=\"_blank\" aria-label=\"Compartir en Whatsapp\" href='https:\/\/api.whatsapp.com\/send?text=https:\/\/radiorevelacionfm.cl\/?p=61362' aria-hidden='false' data-av_icon='\uf232' data-av_iconfont='entypo-fontello' title='' data-avia-related-tooltip='Compartir en Whatsapp' rel=\"noopener\"><span class='avia_hidden_link_text'>Compartir en Whatsapp<\/span><\/a><\/li><li class='av-share-link av-social-link-linkedin' ><a target=\"_blank\" aria-label=\"Compartir en LinkedIn\" href='https:\/\/linkedin.com\/shareArticle?mini=true&#038;title=Transforma%20Cambio%20Clim%C3%A1tico%20de%20Corfo%20dar%C3%A1%20a%20conocer%20Hoja%20de%20Ruta%20del%20programa%20y%20uno%20de%20sus%20proyectos%20emblem%C3%A1ticos%2C%20BioAys%C3%A9n%2C%20en%20la%20COP30%20de%20Brasil&#038;url=https:\/\/radiorevelacionfm.cl\/?p=61362' aria-hidden='false' data-av_icon='\ue8fc' data-av_iconfont='entypo-fontello' title='' data-avia-related-tooltip='Compartir en LinkedIn' rel=\"noopener\"><span class='avia_hidden_link_text'>Compartir en LinkedIn<\/span><\/a><\/li><li class='av-share-link av-social-link-mail' ><a  aria-label=\"Compartir por correo\" href='mailto:?subject=Transforma%20Cambio%20Clim%C3%A1tico%20de%20Corfo%20dar%C3%A1%20a%20conocer%20Hoja%20de%20Ruta%20del%20programa%20y%20uno%20de%20sus%20proyectos%20emblem%C3%A1ticos%2C%20BioAys%C3%A9n%2C%20en%20la%20COP30%20de%20Brasil&#038;body=https:\/\/radiorevelacionfm.cl\/?p=61362' aria-hidden='false' data-av_icon='\ue805' data-av_iconfont='entypo-fontello' title='' data-avia-related-tooltip='Compartir por correo'><span class='avia_hidden_link_text'>Compartir por correo<\/span><\/a><\/li><\/ul><\/div><\/div>\n<div  style='height:50px' class='hr hr-invisible   avia-builder-el-8  el_after_av_social_share  el_before_av_comments_list '><span class='hr-inner ' ><span class='hr-inner-style'><\/span><\/span><\/div>\n<div  class='av-buildercomment  av-blog-meta-html-info-disabled av-blog-meta-tag-disabled  '><\/div>\n","protected":false},"excerpt":{"rendered":"","protected":false},"author":1,"featured_media":61363,"comment_status":"closed","ping_status":"closed","sticky":false,"template":"","format":"standard","meta":{"footnotes":""},"categories":[39],"tags":[],"class_list":["post-61362","post","type-post","status-publish","format-standard","has-post-thumbnail","hentry","category-medio-ambiente"],"jetpack_featured_media_url":"https:\/\/radiorevelacionfm.cl\/wp-content\/uploads\/2025\/11\/TCC-en-la-COP30-1-1.jpeg","_links":{"self":[{"href":"https:\/\/radiorevelacionfm.cl\/index.php?rest_route=\/wp\/v2\/posts\/61362","targetHints":{"allow":["GET"]}}],"collection":[{"href":"https:\/\/radiorevelacionfm.cl\/index.php?rest_route=\/wp\/v2\/posts"}],"about":[{"href":"https:\/\/radiorevelacionfm.cl\/index.php?rest_route=\/wp\/v2\/types\/post"}],"author":[{"embeddable":true,"href":"https:\/\/radiorevelacionfm.cl\/index.php?rest_route=\/wp\/v2\/users\/1"}],"replies":[{"embeddable":true,"href":"https:\/\/radiorevelacionfm.cl\/index.php?rest_route=%2Fwp%2Fv2%2Fcomments&post=61362"}],"version-history":[{"count":2,"href":"https:\/\/radiorevelacionfm.cl\/index.php?rest_route=\/wp\/v2\/posts\/61362\/revisions"}],"predecessor-version":[{"id":61371,"href":"https:\/\/radiorevelacionfm.cl\/index.php?rest_route=\/wp\/v2\/posts\/61362\/revisions\/61371"}],"wp:featuredmedia":[{"embeddable":true,"href":"https:\/\/radiorevelacionfm.cl\/index.php?rest_route=\/wp\/v2\/media\/61363"}],"wp:attachment":[{"href":"https:\/\/radiorevelacionfm.cl\/index.php?rest_route=%2Fwp%2Fv2%2Fmedia&parent=61362"}],"wp:term":[{"taxonomy":"category","embeddable":true,"href":"https:\/\/radiorevelacionfm.cl\/index.php?rest_route=%2Fwp%2Fv2%2Fcategories&post=61362"},{"taxonomy":"post_tag","embeddable":true,"href":"https:\/\/radiorevelacionfm.cl\/index.php?rest_route=%2Fwp%2Fv2%2Ftags&post=61362"}],"curies":[{"name":"wp","href":"https:\/\/api.w.org\/{rel}","templated":true}]}}