{"id":61355,"date":"2025-11-13T13:58:11","date_gmt":"2025-11-13T16:58:11","guid":{"rendered":"https:\/\/radiorevelacionfm.cl\/?p=61355"},"modified":"2025-11-13T13:58:11","modified_gmt":"2025-11-13T16:58:11","slug":"carabineros-desplegara-mas-de-550-efectivos-para-resguardar-elecciones-presidenciales-y-parlamentarias-en-la-region-de-aysen","status":"publish","type":"post","link":"https:\/\/radiorevelacionfm.cl\/?p=61355","title":{"rendered":"Carabineros desplegar\u00e1 m\u00e1s de 550 efectivos para resguardar elecciones presidenciales y parlamentarias en la regi\u00f3n de Ays\u00e9n"},"content":{"rendered":"<div class=\"flex_column av_one_full  flex_column_div av-zero-column-padding first  avia-builder-el-0  el_before_av_one_full  avia-builder-el-first  \" style='border-radius:0px; '><div  class='avia-image-container  av-styling-    avia-builder-el-1  avia-builder-el-no-sibling  avia-align-center '  itemprop=\"image\" itemscope=\"itemscope\" itemtype=\"https:\/\/schema.org\/ImageObject\"  ><div class='avia-image-container-inner'><div class='avia-image-overlay-wrap'><img decoding=\"async\" class='wp-image-61356 avia-img-lazy-loading-not-61356 avia_image' src=\"https:\/\/radiorevelacionfm.cl\/wp-content\/uploads\/2025\/11\/6f4db0db-c0a6-46bc-a392-fd78c66fed79-1_optimized.jpg\" alt='' title='6f4db0db-c0a6-46bc-a392-fd78c66fed79-(1)_optimized' height=\"600\" width=\"719\"  itemprop=\"thumbnailUrl\" srcset=\"https:\/\/radiorevelacionfm.cl\/wp-content\/uploads\/2025\/11\/6f4db0db-c0a6-46bc-a392-fd78c66fed79-1_optimized.jpg 719w, https:\/\/radiorevelacionfm.cl\/wp-content\/uploads\/2025\/11\/6f4db0db-c0a6-46bc-a392-fd78c66fed79-1_optimized-300x250.jpg 300w, https:\/\/radiorevelacionfm.cl\/wp-content\/uploads\/2025\/11\/6f4db0db-c0a6-46bc-a392-fd78c66fed79-1_optimized-705x588.jpg 705w, https:\/\/radiorevelacionfm.cl\/wp-content\/uploads\/2025\/11\/6f4db0db-c0a6-46bc-a392-fd78c66fed79-1_optimized-450x376.jpg 450w, https:\/\/radiorevelacionfm.cl\/wp-content\/uploads\/2025\/11\/6f4db0db-c0a6-46bc-a392-fd78c66fed79-1_optimized-600x501.jpg 600w\" sizes=\"(max-width: 719px) 100vw, 719px\" \/><\/div><\/div><\/div><\/div><div class=\"flex_column av_one_full  flex_column_div av-zero-column-padding first  avia-builder-el-2  el_after_av_one_full  el_before_av_one_full  column-top-margin\" style='border-radius:0px; '><section class=\"av_textblock_section \"  itemscope=\"itemscope\" itemtype=\"https:\/\/schema.org\/BlogPosting\" itemprop=\"blogPost\" ><div class='avia_textblock  '   itemprop=\"text\" ><p style=\"text-align: center;\"><strong><span style=\"font-size: 18pt;\">Carabineros desplegar\u00e1 m\u00e1s de 550 efectivos para resguardar elecciones presidenciales y parlamentarias en la regi\u00f3n de Ays\u00e9n<\/span><\/strong><\/p>\n<div id=\"gtx-trans\" style=\"position: absolute; left: -50px; top: 4.31534px;\">\n<div class=\"gtx-trans-icon\"><\/div>\n<\/div>\n<\/div><\/section><\/div><div class=\"flex_column av_one_full  flex_column_div av-zero-column-padding first  avia-builder-el-4  el_after_av_one_full  el_before_av_hr  column-top-margin\" style='border-radius:0px; '><section class=\"av_textblock_section \"  itemscope=\"itemscope\" itemtype=\"https:\/\/schema.org\/BlogPosting\" itemprop=\"blogPost\" ><div class='avia_textblock  '   itemprop=\"text\" ><p dir=\"ltr\" style=\"text-align: justify;\" role=\"presentation\"><em>Entre las 00:00 y las 23:59 horas Carabineros recibir\u00e1 constancias excusatorias en cada uno de sus cuarteles. En Coyhaique dicho tr\u00e1mite se efectuar\u00e1 a trav\u00e9s de m\u00f3dulos dispuestos en el terminal de buses y en Puerto Ays\u00e9n en la Casa de la Cultura.<\/em><\/p>\n<p dir=\"ltr\" style=\"text-align: justify;\">Desde hace algunas semanas Carabineros de Chile -a trav\u00e9s de la conformaci\u00f3n de una Plana Mayor Especial- se encuentra efectuando coordinaciones orientadas a garantizar la seguridad durante las pr\u00f3ximas elecciones presidenciales y parlamentarias previstas para el\u00a0 pr\u00f3ximo 16 de noviembre.<\/p>\n<p dir=\"ltr\" style=\"text-align: justify;\">\u00a0El trabajo comenz\u00f3 en la custodia en el traslado del material electoral hasta los distintos puntos del territorio para su posterior distribuci\u00f3n a los diferentes locales de votaci\u00f3n dispuestos por el Servel.<\/p>\n<p dir=\"ltr\" style=\"text-align: justify;\">\u00a0\u201cVamos a estar desplegados en toda la regi\u00f3n, con un total de 81 puestos de constancias. En la comuna de Coyhaique se habilitar\u00e1n m\u00f3dulos que estar\u00e1n dispuestos en el Terminal de Buses (Rodoviario) mientras que en Puerto Ays\u00e9n estos estar\u00e1n dispuestos en la Casa de la Cultura (Sargento Aldea #695), no obstante lo anterior, las personas podr\u00e1n dejar las constancias en cualquier Comisar\u00eda e inclusive en el Ret\u00e9n m\u00e1s aislado en la regi\u00f3n de Ays\u00e9n\u201d, expres\u00f3 el Jefe de Zona Ays\u00e9n, General Eduardo Palma Fuentes.<\/p>\n<p dir=\"ltr\" style=\"text-align: justify;\">\u201cTenemos un despliegue en el per\u00edmetro exterior de todos los locales de votaci\u00f3n en apoyo al personal de Ej\u00e9rcito, con un total de nueve Oficiales y 543 carabineros que van a estar desplegados en toda la regi\u00f3n de Ays\u00e9n, para que estas elecciones se desarrollen sin inconvenientes y con seguridad\u201d, sin afectar el normal desarrollo de los servicios ordinarios de orden y seguridad, expres\u00f3 el Jefe de Zona.<\/p>\n<p dir=\"ltr\" style=\"text-align: justify;\"><strong>Constancias por estar a m\u00e1s de 200 km<\/strong><\/p>\n<p dir=\"ltr\" style=\"text-align: justify;\">El General Palma precis\u00f3 que las constancias que acoger\u00e1 Carabineros son \u00fanicamente por estar a m\u00e1s de 200 km de la mesa de votaci\u00f3n, cuya recepci\u00f3n se efectuar\u00e1 entre las 00:00 a las 23:59 horas del domingo 16 de noviembre.<\/p>\n<p dir=\"ltr\" style=\"text-align: justify;\">\u201cEn la Comisar\u00eda Virtual (<a href=\"https:\/\/comisariavirtual.cl\/\" target=\"_blank\" rel=\"noopener\" data-saferedirecturl=\"https:\/\/www.google.com\/url?q=https:\/\/comisariavirtual.cl\/&amp;source=gmail&amp;ust=1763070610898000&amp;usg=AOvVaw0ndoHANyHl2KzWBVEgcnFq\">https:\/\/comisariavirtual.cl\/<\/a>) se puede dejar una preconstancia, tr\u00e1mite que arrojar\u00e1 un c\u00f3digo alfanum\u00e9rico, el cual posteriormente deber\u00e1 ser validado en una Unidad de Carabineros\u201d, explic\u00f3.<\/p>\n<p dir=\"ltr\" style=\"text-align: justify;\">Asimismo, el Oficial General a\u00f1adi\u00f3 que respecto a otras situaciones relacionadas con materias de salud u otro impedimento que le imposibiliten a una persona participar del proceso eleccionario, dichos antecedentes, documentaci\u00f3n o respaldos deben ser presentados ante el Juzgado de Polic\u00eda Local una vez que la persona sea citada, pudiendo acreditar o demostrar de manera justificada las razones que le impidieron concurrir a votar.<\/p>\n<p dir=\"ltr\" style=\"text-align: justify;\">Tal como como en procesos anteriores, Carabineros cumplir\u00e1 un rol facilitador durante el d\u00eda de las elecciones, posibilitando un acceso expedito a las personas hasta el local de votaci\u00f3n, asistiendo a aquellos ciudadanos de la tercera edad o con movilidad reducida y garantizar de manera expedita el acceso para ejercer su derecho a sufragio.<\/p>\n<p dir=\"ltr\" style=\"text-align: justify;\">Cabe consignar que a nivel nacional m\u00e1s de 23 mil carabineros estar\u00e1n desplegados desde Arica a Punta Arenas para resguardar la seguridad del proceso.<\/p>\n<\/div><\/section><\/div><div  style='height:50px' class='hr hr-invisible   avia-builder-el-6  el_after_av_one_full  el_before_av_social_share '><span class='hr-inner ' ><span class='hr-inner-style'><\/span><\/span><\/div><\/p>\n<div  class='av-social-sharing-box  avia-builder-el-7  el_after_av_hr  el_before_av_hr  '><div class='av-share-box'><h5 class='av-share-link-description av-no-toc '>Compartir esta noticia<\/h5><ul class='av-share-box-list noLightbox'><li class='av-share-link av-social-link-facebook' ><a target=\"_blank\" aria-label=\"Compartir en Facebook\" href='https:\/\/www.facebook.com\/sharer.php?u=https:\/\/radiorevelacionfm.cl\/?p=61355&#038;t=Carabineros%20desplegar%C3%A1%20m%C3%A1s%20de%20550%20efectivos%20para%20resguardar%20elecciones%20presidenciales%20y%20parlamentarias%20en%20la%20regi%C3%B3n%20de%20Ays%C3%A9n' aria-hidden='false' data-av_icon='\ue8f3' data-av_iconfont='entypo-fontello' title='' data-avia-related-tooltip='Compartir en Facebook' rel=\"noopener\"><span class='avia_hidden_link_text'>Compartir en Facebook<\/span><\/a><\/li><li class='av-share-link av-social-link-twitter' ><a target=\"_blank\" aria-label=\"Compartir en Twitter\" href='https:\/\/twitter.com\/share?text=Carabineros%20desplegar%C3%A1%20m%C3%A1s%20de%20550%20efectivos%20para%20resguardar%20elecciones%20presidenciales%20y%20parlamentarias%20en%20la%20regi%C3%B3n%20de%20Ays%C3%A9n&#038;url=https:\/\/radiorevelacionfm.cl\/?p=61355' aria-hidden='false' data-av_icon='\ue8f1' data-av_iconfont='entypo-fontello' title='' data-avia-related-tooltip='Compartir en Twitter' rel=\"noopener\"><span class='avia_hidden_link_text'>Compartir en Twitter<\/span><\/a><\/li><li class='av-share-link av-social-link-whatsapp' ><a target=\"_blank\" aria-label=\"Compartir en Whatsapp\" href='https:\/\/api.whatsapp.com\/send?text=https:\/\/radiorevelacionfm.cl\/?p=61355' aria-hidden='false' data-av_icon='\uf232' data-av_iconfont='entypo-fontello' title='' data-avia-related-tooltip='Compartir en Whatsapp' rel=\"noopener\"><span class='avia_hidden_link_text'>Compartir en Whatsapp<\/span><\/a><\/li><li class='av-share-link av-social-link-linkedin' ><a target=\"_blank\" aria-label=\"Compartir en LinkedIn\" href='https:\/\/linkedin.com\/shareArticle?mini=true&#038;title=Carabineros%20desplegar%C3%A1%20m%C3%A1s%20de%20550%20efectivos%20para%20resguardar%20elecciones%20presidenciales%20y%20parlamentarias%20en%20la%20regi%C3%B3n%20de%20Ays%C3%A9n&#038;url=https:\/\/radiorevelacionfm.cl\/?p=61355' aria-hidden='false' data-av_icon='\ue8fc' data-av_iconfont='entypo-fontello' title='' data-avia-related-tooltip='Compartir en LinkedIn' rel=\"noopener\"><span class='avia_hidden_link_text'>Compartir en LinkedIn<\/span><\/a><\/li><li class='av-share-link av-social-link-mail' ><a  aria-label=\"Compartir por correo\" href='mailto:?subject=Carabineros%20desplegar%C3%A1%20m%C3%A1s%20de%20550%20efectivos%20para%20resguardar%20elecciones%20presidenciales%20y%20parlamentarias%20en%20la%20regi%C3%B3n%20de%20Ays%C3%A9n&#038;body=https:\/\/radiorevelacionfm.cl\/?p=61355' aria-hidden='false' data-av_icon='\ue805' data-av_iconfont='entypo-fontello' title='' data-avia-related-tooltip='Compartir por correo'><span class='avia_hidden_link_text'>Compartir por correo<\/span><\/a><\/li><\/ul><\/div><\/div>\n<div  style='height:50px' class='hr hr-invisible   avia-builder-el-8  el_after_av_social_share  el_before_av_comments_list '><span class='hr-inner ' ><span class='hr-inner-style'><\/span><\/span><\/div>\n<div  class='av-buildercomment  av-blog-meta-html-info-disabled av-blog-meta-tag-disabled  '><\/div>\n","protected":false},"excerpt":{"rendered":"","protected":false},"author":1,"featured_media":61356,"comment_status":"closed","ping_status":"closed","sticky":false,"template":"","format":"standard","meta":{"footnotes":""},"categories":[36],"tags":[],"class_list":["post-61355","post","type-post","status-publish","format-standard","has-post-thumbnail","hentry","category-policial"],"jetpack_featured_media_url":"https:\/\/radiorevelacionfm.cl\/wp-content\/uploads\/2025\/11\/6f4db0db-c0a6-46bc-a392-fd78c66fed79-1_optimized.jpg","_links":{"self":[{"href":"https:\/\/radiorevelacionfm.cl\/index.php?rest_route=\/wp\/v2\/posts\/61355","targetHints":{"allow":["GET"]}}],"collection":[{"href":"https:\/\/radiorevelacionfm.cl\/index.php?rest_route=\/wp\/v2\/posts"}],"about":[{"href":"https:\/\/radiorevelacionfm.cl\/index.php?rest_route=\/wp\/v2\/types\/post"}],"author":[{"embeddable":true,"href":"https:\/\/radiorevelacionfm.cl\/index.php?rest_route=\/wp\/v2\/users\/1"}],"replies":[{"embeddable":true,"href":"https:\/\/radiorevelacionfm.cl\/index.php?rest_route=%2Fwp%2Fv2%2Fcomments&post=61355"}],"version-history":[{"count":2,"href":"https:\/\/radiorevelacionfm.cl\/index.php?rest_route=\/wp\/v2\/posts\/61355\/revisions"}],"predecessor-version":[{"id":61366,"href":"https:\/\/radiorevelacionfm.cl\/index.php?rest_route=\/wp\/v2\/posts\/61355\/revisions\/61366"}],"wp:featuredmedia":[{"embeddable":true,"href":"https:\/\/radiorevelacionfm.cl\/index.php?rest_route=\/wp\/v2\/media\/61356"}],"wp:attachment":[{"href":"https:\/\/radiorevelacionfm.cl\/index.php?rest_route=%2Fwp%2Fv2%2Fmedia&parent=61355"}],"wp:term":[{"taxonomy":"category","embeddable":true,"href":"https:\/\/radiorevelacionfm.cl\/index.php?rest_route=%2Fwp%2Fv2%2Fcategories&post=61355"},{"taxonomy":"post_tag","embeddable":true,"href":"https:\/\/radiorevelacionfm.cl\/index.php?rest_route=%2Fwp%2Fv2%2Ftags&post=61355"}],"curies":[{"name":"wp","href":"https:\/\/api.w.org\/{rel}","templated":true}]}}