{"id":61352,"date":"2025-11-13T11:52:47","date_gmt":"2025-11-13T14:52:47","guid":{"rendered":"https:\/\/radiorevelacionfm.cl\/?p=61352"},"modified":"2025-11-13T11:52:47","modified_gmt":"2025-11-13T14:52:47","slug":"aysentido-en-tu-municipio-en-la-comuna-de-aysen-se-celebro-el-primer-encuentro-regional-sobre-el-turismo-municipal","status":"publish","type":"post","link":"https:\/\/radiorevelacionfm.cl\/?p=61352","title":{"rendered":"\u201cAysentido en tu municipio\u201d: en la comuna de Ays\u00e9n se celebr\u00f3 el primer encuentro regional sobre el turismo municipal"},"content":{"rendered":"<div class=\"flex_column av_one_full  flex_column_div av-zero-column-padding first  avia-builder-el-0  el_before_av_one_full  avia-builder-el-first  \" style='border-radius:0px; '><div  class='avia-image-container  av-styling-    avia-builder-el-1  avia-builder-el-no-sibling  avia-align-center '  itemprop=\"image\" itemscope=\"itemscope\" itemtype=\"https:\/\/schema.org\/ImageObject\"  ><div class='avia-image-container-inner'><div class='avia-image-overlay-wrap'><img decoding=\"async\" class='wp-image-61353 avia-img-lazy-loading-not-61353 avia_image' src=\"https:\/\/radiorevelacionfm.cl\/wp-content\/uploads\/2025\/11\/COM4303-1-1.jpg\" alt='' title='_COM4303 (1) (1)' height=\"600\" width=\"898\"  itemprop=\"thumbnailUrl\" srcset=\"https:\/\/radiorevelacionfm.cl\/wp-content\/uploads\/2025\/11\/COM4303-1-1.jpg 898w, https:\/\/radiorevelacionfm.cl\/wp-content\/uploads\/2025\/11\/COM4303-1-1-300x200.jpg 300w, https:\/\/radiorevelacionfm.cl\/wp-content\/uploads\/2025\/11\/COM4303-1-1-768x513.jpg 768w, https:\/\/radiorevelacionfm.cl\/wp-content\/uploads\/2025\/11\/COM4303-1-1-705x471.jpg 705w, https:\/\/radiorevelacionfm.cl\/wp-content\/uploads\/2025\/11\/COM4303-1-1-450x301.jpg 450w, https:\/\/radiorevelacionfm.cl\/wp-content\/uploads\/2025\/11\/COM4303-1-1-600x401.jpg 600w\" sizes=\"(max-width: 898px) 100vw, 898px\" \/><\/div><\/div><\/div><\/div><div class=\"flex_column av_one_full  flex_column_div av-zero-column-padding first  avia-builder-el-2  el_after_av_one_full  el_before_av_one_full  column-top-margin\" style='border-radius:0px; '><section class=\"av_textblock_section \"  itemscope=\"itemscope\" itemtype=\"https:\/\/schema.org\/BlogPosting\" itemprop=\"blogPost\" ><div class='avia_textblock  '   itemprop=\"text\" ><p style=\"text-align: center;\"><strong><span style=\"font-size: 18pt;\">\u201cAysentido en tu municipio\u201d: en la comuna de Ays\u00e9n se celebr\u00f3 el primer encuentro regional sobre el turismo municipal<\/span><\/strong><\/p>\n<div id=\"gtx-trans\" style=\"position: absolute; left: -50px; top: 4.31534px;\">\n<div class=\"gtx-trans-icon\"><\/div>\n<\/div>\n<\/div><\/section><\/div><div class=\"flex_column av_one_full  flex_column_div av-zero-column-padding first  avia-builder-el-4  el_after_av_one_full  el_before_av_hr  column-top-margin\" style='border-radius:0px; '><section class=\"av_textblock_section \"  itemscope=\"itemscope\" itemtype=\"https:\/\/schema.org\/BlogPosting\" itemprop=\"blogPost\" ><div class='avia_textblock  '   itemprop=\"text\" ><p style=\"text-align: justify;\">Los alcaldes de la regi\u00f3n se reunieron para aprender sobre las oportunidades tur\u00edsticas del territorio, conocer experiencias exitosas a nivel nacional y firmar un compromiso que permita avanzar en una planificaci\u00f3n conjunta, con una mirada de trabajo que favorezca a toda la Regi\u00f3n de Ays\u00e9n.<\/p>\n<p style=\"text-align: justify;\">En el ic\u00f3nico \u201cGran Hotel Ays\u00e9n\u201d de la ciudad de Puerto Ays\u00e9n, se reunieron los representantes de todas las comunas de la regi\u00f3n, esto para ser part\u00edcipes del primer seminario sobre Turismo Municipal. En esta instancia se pudo exponer y conversar sobre las virtudes de las localidades que componen el vasto territorio regional.<\/p>\n<p style=\"text-align: justify;\">El alcalde de Ays\u00e9n, Luis Mart\u00ednez, como due\u00f1o de casa para este primer encuentro explic\u00f3 que \u201cla importancia que damos, principalmente, es que se descentralice esta sensaci\u00f3n que tenemos siempre, de que todo se hace en Coyhaique. Pero lo m\u00e1s significativo es la unidad que estamos logrando entre Sernatur, los municipios y poder avanzar en un desarrollo tur\u00edstico regional. Yo creo que esta es la visi\u00f3n que queremos todos, de que tengamos una sola mirada para un solo gran objetivo\u201d.<\/p>\n<p style=\"text-align: justify;\">El seminario cont\u00f3 con la presencia del Gobernador Marcelo Santana ,el director regional del Servicio Nacional de Turismo, Claudio Montecinos; los alcaldes, concejales y representantes de Ays\u00e9n, R\u00edo Iba\u00f1ez, Cisne, Tortel, Chile Chico, Cochrane y Coyhaique.<\/p>\n<p style=\"text-align: justify;\">Adem\u00e1s, participaron invitados nacionales, tales como la encargada de la Subunidad de Desarrollo Local de Sernatur Nacional; al igual que la coordinadora de Turismo de Alto Palena, quienes adem\u00e1s, present\u00f3 las favorables experiencias en su territorio con la esperanza de que los presentes puedan encontrar inspiraci\u00f3n en su modelo tur\u00edstico.<\/p>\n<p style=\"text-align: justify;\">Aunque por razones de agenda no pudieron asistir todos los ediles, el director regional de Sernatur, Claudio Montecinos, reafirm\u00f3 la necesidad de seguir realizando estos encuentros, \u201crequerimos necesariamente la colaboraci\u00f3n de los diez municipios y el Gobierno regional para poder coordinar adecuadamente nuestro destino tur\u00edstico Ays\u00e9n Patagonia\u201d.<\/p>\n<p style=\"text-align: justify;\">Esta actividad forma parte de las acciones que impulsa Sernatur Ays\u00e9n en el marco del programa FNDR de Fortalecimiento para la competitividad del Destino Ays\u00e9n Patagonia, financiado por el Gobierno Regional de Ays\u00e9n y su objetivo fortalecer la planificaci\u00f3n y gesti\u00f3n tur\u00edstica desde los municipios, compartir experiencias y construir, de manera colaborativa, un camino com\u00fan para el desarrollo tur\u00edstico de la Regi\u00f3n de Ays\u00e9n.<\/p>\n<p style=\"text-align: justify;\">El Gobernador Regional de Ays\u00e9n coment\u00f3 que \u201ces muy importante que los municipios de nuestra regi\u00f3n se re\u00fanan a conversar en torno al turismo, ya que es una de las actividades m\u00e1s importante de nuestra regi\u00f3n y es relevante planificarla desde lo comunal. Y en ese sentido, nosotros como Gobierno Regional estamos apoyando fuertemente el desarrollo de programas de fomento relacionados con la actividad e infraestructura tur\u00edstica, de modo de poder correlacionar los intereses comunales tambi\u00e9n con los intereses de nuestra regi\u00f3n\u201d.<\/p>\n<p style=\"text-align: justify;\">Finalmente, un hito importante realizado en este seminario fue la firma del compromiso de colaboraci\u00f3n por parte de cada uno de los presentes, esto para no quedarse en una mera conversaci\u00f3n, sino que para dejar una se\u00f1al concreta de voluntad pol\u00edtica y t\u00e9cnica para avanzar en una planificaci\u00f3n tur\u00edstica municipal coordinada y sostenible.<\/p>\n<\/div><\/section><\/div><div  style='height:50px' class='hr hr-invisible   avia-builder-el-6  el_after_av_one_full  el_before_av_social_share '><span class='hr-inner ' ><span class='hr-inner-style'><\/span><\/span><\/div><\/p>\n<div  class='av-social-sharing-box  avia-builder-el-7  el_after_av_hr  el_before_av_hr  '><div class='av-share-box'><h5 class='av-share-link-description av-no-toc '>Compartir esta noticia<\/h5><ul class='av-share-box-list noLightbox'><li class='av-share-link av-social-link-facebook' ><a target=\"_blank\" aria-label=\"Compartir en Facebook\" href='https:\/\/www.facebook.com\/sharer.php?u=https:\/\/radiorevelacionfm.cl\/?p=61352&#038;t=%E2%80%9CAysentido%20en%20tu%20municipio%E2%80%9D%3A%20en%20la%20comuna%20de%20Ays%C3%A9n%20se%20celebr%C3%B3%20el%20primer%20encuentro%20regional%20sobre%20el%20turismo%20municipal' aria-hidden='false' data-av_icon='\ue8f3' data-av_iconfont='entypo-fontello' title='' data-avia-related-tooltip='Compartir en Facebook' rel=\"noopener\"><span class='avia_hidden_link_text'>Compartir en Facebook<\/span><\/a><\/li><li class='av-share-link av-social-link-twitter' ><a target=\"_blank\" aria-label=\"Compartir en Twitter\" href='https:\/\/twitter.com\/share?text=%E2%80%9CAysentido%20en%20tu%20municipio%E2%80%9D%3A%20en%20la%20comuna%20de%20Ays%C3%A9n%20se%20celebr%C3%B3%20el%20primer%20encuentro%20regional%20sobre%20el%20turismo%20municipal&#038;url=https:\/\/radiorevelacionfm.cl\/?p=61352' aria-hidden='false' data-av_icon='\ue8f1' data-av_iconfont='entypo-fontello' title='' data-avia-related-tooltip='Compartir en Twitter' rel=\"noopener\"><span class='avia_hidden_link_text'>Compartir en Twitter<\/span><\/a><\/li><li class='av-share-link av-social-link-whatsapp' ><a target=\"_blank\" aria-label=\"Compartir en Whatsapp\" href='https:\/\/api.whatsapp.com\/send?text=https:\/\/radiorevelacionfm.cl\/?p=61352' aria-hidden='false' data-av_icon='\uf232' data-av_iconfont='entypo-fontello' title='' data-avia-related-tooltip='Compartir en Whatsapp' rel=\"noopener\"><span class='avia_hidden_link_text'>Compartir en Whatsapp<\/span><\/a><\/li><li class='av-share-link av-social-link-linkedin' ><a target=\"_blank\" aria-label=\"Compartir en LinkedIn\" href='https:\/\/linkedin.com\/shareArticle?mini=true&#038;title=%E2%80%9CAysentido%20en%20tu%20municipio%E2%80%9D%3A%20en%20la%20comuna%20de%20Ays%C3%A9n%20se%20celebr%C3%B3%20el%20primer%20encuentro%20regional%20sobre%20el%20turismo%20municipal&#038;url=https:\/\/radiorevelacionfm.cl\/?p=61352' aria-hidden='false' data-av_icon='\ue8fc' data-av_iconfont='entypo-fontello' title='' data-avia-related-tooltip='Compartir en LinkedIn' rel=\"noopener\"><span class='avia_hidden_link_text'>Compartir en LinkedIn<\/span><\/a><\/li><li class='av-share-link av-social-link-mail' ><a  aria-label=\"Compartir por correo\" href='mailto:?subject=%E2%80%9CAysentido%20en%20tu%20municipio%E2%80%9D%3A%20en%20la%20comuna%20de%20Ays%C3%A9n%20se%20celebr%C3%B3%20el%20primer%20encuentro%20regional%20sobre%20el%20turismo%20municipal&#038;body=https:\/\/radiorevelacionfm.cl\/?p=61352' aria-hidden='false' data-av_icon='\ue805' data-av_iconfont='entypo-fontello' title='' data-avia-related-tooltip='Compartir por correo'><span class='avia_hidden_link_text'>Compartir por correo<\/span><\/a><\/li><\/ul><\/div><\/div>\n<div  style='height:50px' class='hr hr-invisible   avia-builder-el-8  el_after_av_social_share  el_before_av_comments_list '><span class='hr-inner ' ><span class='hr-inner-style'><\/span><\/span><\/div>\n<div  class='av-buildercomment  av-blog-meta-html-info-disabled av-blog-meta-tag-disabled  '><\/div>\n","protected":false},"excerpt":{"rendered":"","protected":false},"author":1,"featured_media":61353,"comment_status":"closed","ping_status":"closed","sticky":false,"template":"","format":"standard","meta":{"footnotes":""},"categories":[54],"tags":[],"class_list":["post-61352","post","type-post","status-publish","format-standard","has-post-thumbnail","hentry","category-turismo"],"jetpack_featured_media_url":"https:\/\/radiorevelacionfm.cl\/wp-content\/uploads\/2025\/11\/COM4303-1-1.jpg","_links":{"self":[{"href":"https:\/\/radiorevelacionfm.cl\/index.php?rest_route=\/wp\/v2\/posts\/61352","targetHints":{"allow":["GET"]}}],"collection":[{"href":"https:\/\/radiorevelacionfm.cl\/index.php?rest_route=\/wp\/v2\/posts"}],"about":[{"href":"https:\/\/radiorevelacionfm.cl\/index.php?rest_route=\/wp\/v2\/types\/post"}],"author":[{"embeddable":true,"href":"https:\/\/radiorevelacionfm.cl\/index.php?rest_route=\/wp\/v2\/users\/1"}],"replies":[{"embeddable":true,"href":"https:\/\/radiorevelacionfm.cl\/index.php?rest_route=%2Fwp%2Fv2%2Fcomments&post=61352"}],"version-history":[{"count":2,"href":"https:\/\/radiorevelacionfm.cl\/index.php?rest_route=\/wp\/v2\/posts\/61352\/revisions"}],"predecessor-version":[{"id":61365,"href":"https:\/\/radiorevelacionfm.cl\/index.php?rest_route=\/wp\/v2\/posts\/61352\/revisions\/61365"}],"wp:featuredmedia":[{"embeddable":true,"href":"https:\/\/radiorevelacionfm.cl\/index.php?rest_route=\/wp\/v2\/media\/61353"}],"wp:attachment":[{"href":"https:\/\/radiorevelacionfm.cl\/index.php?rest_route=%2Fwp%2Fv2%2Fmedia&parent=61352"}],"wp:term":[{"taxonomy":"category","embeddable":true,"href":"https:\/\/radiorevelacionfm.cl\/index.php?rest_route=%2Fwp%2Fv2%2Fcategories&post=61352"},{"taxonomy":"post_tag","embeddable":true,"href":"https:\/\/radiorevelacionfm.cl\/index.php?rest_route=%2Fwp%2Fv2%2Ftags&post=61352"}],"curies":[{"name":"wp","href":"https:\/\/api.w.org\/{rel}","templated":true}]}}