{"id":6135,"date":"2021-07-10T18:12:49","date_gmt":"2021-07-10T21:12:49","guid":{"rendered":"https:\/\/radiorevelacionfm.cl\/?p=6135"},"modified":"2021-07-10T18:12:49","modified_gmt":"2021-07-10T21:12:49","slug":"constituyen-la-primera-asociacion-gremial-de-la-actividad-fisica-y-la-salud-mental-en-la-region","status":"publish","type":"post","link":"https:\/\/radiorevelacionfm.cl\/?p=6135","title":{"rendered":"Constituyen la primera Asociaci\u00f3n Gremial de la actividad f\u00edsica y la salud mental en la regi\u00f3n"},"content":{"rendered":"<div class=\"flex_column av_one_full  flex_column_div av-zero-column-padding first  avia-builder-el-0  el_before_av_one_full  avia-builder-el-first  \" style='border-radius:0px; '><div  class='avia-image-container  av-styling-    avia-builder-el-1  avia-builder-el-no-sibling  avia-align-center '  itemprop=\"image\" itemscope=\"itemscope\" itemtype=\"https:\/\/schema.org\/ImageObject\"  ><div class='avia-image-container-inner'><div class='avia-image-overlay-wrap'><img decoding=\"async\" class='wp-image-6136 avia-img-lazy-loading-not-6136 avia_image' src=\"https:\/\/radiorevelacionfm.cl\/wp-content\/uploads\/2021\/07\/Red-Emprendedores-Actividad-Fisica-y-Mental-1-1.png\" alt='' title='Red Emprendedores Actividad F\u00edsica y Mental (1) (1)' height=\"600\" width=\"1015\"  itemprop=\"thumbnailUrl\" srcset=\"https:\/\/radiorevelacionfm.cl\/wp-content\/uploads\/2021\/07\/Red-Emprendedores-Actividad-Fisica-y-Mental-1-1.png 1015w, https:\/\/radiorevelacionfm.cl\/wp-content\/uploads\/2021\/07\/Red-Emprendedores-Actividad-Fisica-y-Mental-1-1-300x177.png 300w, https:\/\/radiorevelacionfm.cl\/wp-content\/uploads\/2021\/07\/Red-Emprendedores-Actividad-Fisica-y-Mental-1-1-768x454.png 768w, https:\/\/radiorevelacionfm.cl\/wp-content\/uploads\/2021\/07\/Red-Emprendedores-Actividad-Fisica-y-Mental-1-1-705x417.png 705w, https:\/\/radiorevelacionfm.cl\/wp-content\/uploads\/2021\/07\/Red-Emprendedores-Actividad-Fisica-y-Mental-1-1-600x355.png 600w\" sizes=\"(max-width: 1015px) 100vw, 1015px\" \/><\/div><\/div><\/div><\/div><div class=\"flex_column av_one_full  flex_column_div av-zero-column-padding first  avia-builder-el-2  el_after_av_one_full  el_before_av_one_full  column-top-margin\" style='border-radius:0px; '><section class=\"av_textblock_section \"  itemscope=\"itemscope\" itemtype=\"https:\/\/schema.org\/BlogPosting\" itemprop=\"blogPost\" ><div class='avia_textblock  '   itemprop=\"text\" ><p style=\"text-align: center;\"><span style=\"font-size: 18pt;\"><b>Constituyen la primera Asociaci\u00f3n Gremial de la actividad f\u00edsica y la salud mental en la regi\u00f3n<\/b><\/span><\/p>\n<div id=\"gtx-trans\" style=\"position: absolute; left: -50px; top: 4.31534px;\">\n<div class=\"gtx-trans-icon\"><\/div>\n<\/div>\n<\/div><\/section><\/div><div class=\"flex_column av_one_full  flex_column_div av-zero-column-padding first  avia-builder-el-4  el_after_av_one_full  el_before_av_hr  column-top-margin\" style='border-radius:0px; '><section class=\"av_textblock_section \"  itemscope=\"itemscope\" itemtype=\"https:\/\/schema.org\/BlogPosting\" itemprop=\"blogPost\" ><div class='avia_textblock  '   itemprop=\"text\" ><p style=\"font-weight: 400; text-align: justify;\">Tras diversas autogestiones realizadas y luego de la movilizaci\u00f3n levantada para pedir la apertura de los gimnasios y espacios m\u00faltiples a partir de Fase 2 en nuestra regi\u00f3n, se constituy\u00f3 la Red de Emprendedores de la Actividad F\u00edsica y Salud Mental, siendo la primera asociaci\u00f3n gremial que re\u00fane al rubro deportivo y otras disciplinas relacionadas al bienestar.<\/p>\n<p style=\"font-weight: 400; text-align: justify;\">El directorio de la asociaci\u00f3n gremial, posterior a la aprobaci\u00f3n de los estatutos de su asamblea fundadora y elecci\u00f3n, qued\u00f3 compuesto por Daniel Pedrero en la presidencia, Ivon Lejonagoitia, vicepresidenta; Jorge Gonz\u00e1lez, Secretario; Daniel Zapata, tesorero y Eduardo Valenzuela, director.<\/p>\n<p style=\"font-weight: 400; text-align: justify;\">Respecto del hito logrado por esta asociaci\u00f3n gremial que es in\u00e9dita en la vinculaci\u00f3n generada entre diversos emprendedores y emprendedoras, as\u00ed como del objetivo que han definido, su presidente regional, Daniel Pedrero manifest\u00f3 que \u201ces una muy buena noticia el poder habernos conformado como gremio de la actividad f\u00edsica y la salud mental, ya que sin duda, somos un pilar fundamental en el desarrollo humano de manera transversal, desde el inicio de nuestras vidas hasta la vejez. La relevancia que esto tiene se ha dejado un poco de lado en el contexto que estamos pasando, por esta raz\u00f3n, hemos unido nuestras fuerzas y queremos combatir desde la primera l\u00ednea los efectos secundarios que nos est\u00e1 dejando esta pandemia, queremos que la poblaci\u00f3n comprenda la importancia de fortalecer nuestro sistema inmunol\u00f3gico a trav\u00e9s de la actividad f\u00edsica y el movimiento, mejorando con ello tambi\u00e9n nuestra salud mental\u201d.<\/p>\n<p style=\"font-weight: 400; text-align: justify;\">\u201cPartiendo desde la base que el porcentaje de tener un cuadro cl\u00ednico grave de COVID-19 en el caso de contagiarse, es menor para las personas que tienen un buen nivel de actividad f\u00edsica y que tienen h\u00e1bitos no sedentarios\u201d, afirm\u00f3 el dirigente.<\/p>\n<p style=\"font-weight: 400; text-align: justify;\"><strong>MEDIDAS DEL NUEVO PLAN PASO A PASO<\/strong><\/p>\n<p style=\"font-weight: 400; text-align: justify;\">Sobre el reciente anuncio de la modificaci\u00f3n y actualizaci\u00f3n del Plan Paso a Paso en todo el territorio nacional, Daniel Pedrero, coment\u00f3 que \u201clas nuevas medidas que se han anunciado por el gobierno, nos entregan mayor libertad y estas han sido en gran parte por las solicitudes y el trabajo de muchas personas relacionadas a nuestro rubro, se han enviado cartas al Ministerio de Salud, se ha trabajado a nivel local en protocolos muy estrictos y responsables de operaci\u00f3n en los recintos, con todas las actualizaciones y el fundamento cient\u00edfico que nuestra actividad conlleva\u201d.<\/p>\n<p style=\"font-weight: 400; text-align: justify;\">\u201cEstamos muy contentos de que nuestro gremio haya sido parte de la soluci\u00f3n, aunque todav\u00eda hay algunos puntos que se deben aclarar y especificar, pero nosotros seguiremos trabajando met\u00f3dicamente para mejorar la calidad de vida de nuestra regi\u00f3n, mucho m\u00e1s ahora cuando la poblaci\u00f3n m\u00e1s lo necesita\u201d, concluy\u00f3.<\/p>\n<\/div><\/section><\/div><div  style='height:50px' class='hr hr-invisible   avia-builder-el-6  el_after_av_one_full  el_before_av_social_share '><span class='hr-inner ' ><span class='hr-inner-style'><\/span><\/span><\/div><\/p>\n<div  class='av-social-sharing-box  avia-builder-el-7  el_after_av_hr  el_before_av_hr  '><div class='av-share-box'><h5 class='av-share-link-description av-no-toc '>Compartir esta noticia<\/h5><ul class='av-share-box-list noLightbox'><li class='av-share-link av-social-link-facebook' ><a target=\"_blank\" aria-label=\"Compartir en Facebook\" href='https:\/\/www.facebook.com\/sharer.php?u=https:\/\/radiorevelacionfm.cl\/?p=6135&#038;t=Constituyen%20la%20primera%20Asociaci%C3%B3n%20Gremial%20de%20la%20actividad%20f%C3%ADsica%20y%20la%20salud%20mental%20en%20la%20regi%C3%B3n' aria-hidden='false' data-av_icon='\ue8f3' data-av_iconfont='entypo-fontello' title='' data-avia-related-tooltip='Compartir en Facebook' rel=\"noopener\"><span class='avia_hidden_link_text'>Compartir en Facebook<\/span><\/a><\/li><li class='av-share-link av-social-link-twitter' ><a target=\"_blank\" aria-label=\"Compartir en Twitter\" href='https:\/\/twitter.com\/share?text=Constituyen%20la%20primera%20Asociaci%C3%B3n%20Gremial%20de%20la%20actividad%20f%C3%ADsica%20y%20la%20salud%20mental%20en%20la%20regi%C3%B3n&#038;url=https:\/\/radiorevelacionfm.cl\/?p=6135' aria-hidden='false' data-av_icon='\ue8f1' data-av_iconfont='entypo-fontello' title='' data-avia-related-tooltip='Compartir en Twitter' rel=\"noopener\"><span class='avia_hidden_link_text'>Compartir en Twitter<\/span><\/a><\/li><li class='av-share-link av-social-link-whatsapp' ><a target=\"_blank\" aria-label=\"Compartir en Whatsapp\" href='https:\/\/api.whatsapp.com\/send?text=https:\/\/radiorevelacionfm.cl\/?p=6135' aria-hidden='false' data-av_icon='\uf232' data-av_iconfont='entypo-fontello' title='' data-avia-related-tooltip='Compartir en Whatsapp' rel=\"noopener\"><span class='avia_hidden_link_text'>Compartir en Whatsapp<\/span><\/a><\/li><li class='av-share-link av-social-link-linkedin' ><a target=\"_blank\" aria-label=\"Compartir en LinkedIn\" href='https:\/\/linkedin.com\/shareArticle?mini=true&#038;title=Constituyen%20la%20primera%20Asociaci%C3%B3n%20Gremial%20de%20la%20actividad%20f%C3%ADsica%20y%20la%20salud%20mental%20en%20la%20regi%C3%B3n&#038;url=https:\/\/radiorevelacionfm.cl\/?p=6135' aria-hidden='false' data-av_icon='\ue8fc' data-av_iconfont='entypo-fontello' title='' data-avia-related-tooltip='Compartir en LinkedIn' rel=\"noopener\"><span class='avia_hidden_link_text'>Compartir en LinkedIn<\/span><\/a><\/li><li class='av-share-link av-social-link-mail' ><a  aria-label=\"Compartir por correo\" href='mailto:?subject=Constituyen%20la%20primera%20Asociaci%C3%B3n%20Gremial%20de%20la%20actividad%20f%C3%ADsica%20y%20la%20salud%20mental%20en%20la%20regi%C3%B3n&#038;body=https:\/\/radiorevelacionfm.cl\/?p=6135' aria-hidden='false' data-av_icon='\ue805' data-av_iconfont='entypo-fontello' title='' data-avia-related-tooltip='Compartir por correo'><span class='avia_hidden_link_text'>Compartir por correo<\/span><\/a><\/li><\/ul><\/div><\/div>\n<div  style='height:50px' class='hr hr-invisible   avia-builder-el-8  el_after_av_social_share  el_before_av_comments_list '><span class='hr-inner ' ><span class='hr-inner-style'><\/span><\/span><\/div>\n<div  class='av-buildercomment  av-blog-meta-html-info-disabled av-blog-meta-tag-disabled  '><\/div>\n","protected":false},"excerpt":{"rendered":"","protected":false},"author":1,"featured_media":6136,"comment_status":"open","ping_status":"open","sticky":false,"template":"","format":"standard","meta":{"footnotes":""},"categories":[45],"tags":[],"class_list":["post-6135","post","type-post","status-publish","format-standard","has-post-thumbnail","hentry","category-comercio"],"jetpack_featured_media_url":"https:\/\/radiorevelacionfm.cl\/wp-content\/uploads\/2021\/07\/Red-Emprendedores-Actividad-Fisica-y-Mental-1-1.png","_links":{"self":[{"href":"https:\/\/radiorevelacionfm.cl\/index.php?rest_route=\/wp\/v2\/posts\/6135","targetHints":{"allow":["GET"]}}],"collection":[{"href":"https:\/\/radiorevelacionfm.cl\/index.php?rest_route=\/wp\/v2\/posts"}],"about":[{"href":"https:\/\/radiorevelacionfm.cl\/index.php?rest_route=\/wp\/v2\/types\/post"}],"author":[{"embeddable":true,"href":"https:\/\/radiorevelacionfm.cl\/index.php?rest_route=\/wp\/v2\/users\/1"}],"replies":[{"embeddable":true,"href":"https:\/\/radiorevelacionfm.cl\/index.php?rest_route=%2Fwp%2Fv2%2Fcomments&post=6135"}],"version-history":[{"count":1,"href":"https:\/\/radiorevelacionfm.cl\/index.php?rest_route=\/wp\/v2\/posts\/6135\/revisions"}],"predecessor-version":[{"id":6137,"href":"https:\/\/radiorevelacionfm.cl\/index.php?rest_route=\/wp\/v2\/posts\/6135\/revisions\/6137"}],"wp:featuredmedia":[{"embeddable":true,"href":"https:\/\/radiorevelacionfm.cl\/index.php?rest_route=\/wp\/v2\/media\/6136"}],"wp:attachment":[{"href":"https:\/\/radiorevelacionfm.cl\/index.php?rest_route=%2Fwp%2Fv2%2Fmedia&parent=6135"}],"wp:term":[{"taxonomy":"category","embeddable":true,"href":"https:\/\/radiorevelacionfm.cl\/index.php?rest_route=%2Fwp%2Fv2%2Fcategories&post=6135"},{"taxonomy":"post_tag","embeddable":true,"href":"https:\/\/radiorevelacionfm.cl\/index.php?rest_route=%2Fwp%2Fv2%2Ftags&post=6135"}],"curies":[{"name":"wp","href":"https:\/\/api.w.org\/{rel}","templated":true}]}}