{"id":61347,"date":"2025-11-12T17:54:57","date_gmt":"2025-11-12T20:54:57","guid":{"rendered":"https:\/\/radiorevelacionfm.cl\/?p=61347"},"modified":"2025-11-12T17:54:57","modified_gmt":"2025-11-12T20:54:57","slug":"autoridades-destacan-avance-y-pronta-primera-piedra-de-lo-que-sera-el-nuevo-edificio-del-sml-en-coyhaique","status":"publish","type":"post","link":"https:\/\/radiorevelacionfm.cl\/?p=61347","title":{"rendered":"Autoridades destacan avance y pronta primera piedra de lo que ser\u00e1 el nuevo edificio del SML en Coyhaique"},"content":{"rendered":"<div class=\"flex_column av_one_full  flex_column_div av-zero-column-padding first  avia-builder-el-0  el_before_av_one_full  avia-builder-el-first  \" style='border-radius:0px; '><div  class='avia-image-container  av-styling-    avia-builder-el-1  avia-builder-el-no-sibling  avia-align-center '  itemprop=\"image\" itemscope=\"itemscope\" itemtype=\"https:\/\/schema.org\/ImageObject\"  ><div class='avia-image-container-inner'><div class='avia-image-overlay-wrap'><img decoding=\"async\" class='wp-image-61348 avia-img-lazy-loading-not-61348 avia_image' src=\"https:\/\/radiorevelacionfm.cl\/wp-content\/uploads\/2025\/11\/IMG_2447-1-1.jpeg\" alt='' title='IMG_2447 (1) (1)' height=\"600\" width=\"800\"  itemprop=\"thumbnailUrl\" srcset=\"https:\/\/radiorevelacionfm.cl\/wp-content\/uploads\/2025\/11\/IMG_2447-1-1.jpeg 800w, https:\/\/radiorevelacionfm.cl\/wp-content\/uploads\/2025\/11\/IMG_2447-1-1-300x225.jpeg 300w, https:\/\/radiorevelacionfm.cl\/wp-content\/uploads\/2025\/11\/IMG_2447-1-1-768x576.jpeg 768w, https:\/\/radiorevelacionfm.cl\/wp-content\/uploads\/2025\/11\/IMG_2447-1-1-705x529.jpeg 705w, https:\/\/radiorevelacionfm.cl\/wp-content\/uploads\/2025\/11\/IMG_2447-1-1-450x338.jpeg 450w, https:\/\/radiorevelacionfm.cl\/wp-content\/uploads\/2025\/11\/IMG_2447-1-1-600x450.jpeg 600w\" sizes=\"(max-width: 800px) 100vw, 800px\" \/><\/div><\/div><\/div><\/div><div class=\"flex_column av_one_full  flex_column_div av-zero-column-padding first  avia-builder-el-2  el_after_av_one_full  el_before_av_one_full  column-top-margin\" style='border-radius:0px; '><section class=\"av_textblock_section \"  itemscope=\"itemscope\" itemtype=\"https:\/\/schema.org\/BlogPosting\" itemprop=\"blogPost\" ><div class='avia_textblock  '   itemprop=\"text\" ><p style=\"text-align: center;\"><span style=\"font-size: 18pt;\"><strong>Autoridades destacan avance y pronta primera piedra de lo que ser\u00e1 el nuevo edificio del SML en Coyhaique <\/strong><\/span><\/p>\n<div id=\"gtx-trans\" style=\"position: absolute; left: -50px; top: 4.31534px;\">\n<div class=\"gtx-trans-icon\"><\/div>\n<\/div>\n<\/div><\/section><\/div><div class=\"flex_column av_one_full  flex_column_div av-zero-column-padding first  avia-builder-el-4  el_after_av_one_full  el_before_av_hr  column-top-margin\" style='border-radius:0px; '><section class=\"av_textblock_section \"  itemscope=\"itemscope\" itemtype=\"https:\/\/schema.org\/BlogPosting\" itemprop=\"blogPost\" ><div class='avia_textblock  '   itemprop=\"text\" ><p style=\"text-align: justify;\"><em>Este proyecto de reposici\u00f3n alcanza una inversi\u00f3n superior a los 14 mil millones de pesos, convirti\u00e9ndose en uno de los edificios m\u00e1s modernos del pa\u00eds.<\/em><\/p>\n<p style=\"text-align: justify;\">Un importante avance registra el proyecto de reposici\u00f3n del edificio del Servicio M\u00e9dico Legal en Coyhaique, esto debido que tras pasar por una quinta licitaci\u00f3n y toma de raz\u00f3n recientemente por parte de la Contralor\u00eda para la adjudicaci\u00f3n de la obra, se espera inicien los trabajos a mediados del pr\u00f3ximo mes.<\/p>\n<p style=\"text-align: justify;\">Cabe se\u00f1alar que la reposici\u00f3n de este moderno edificio alcanza una inversi\u00f3n de 14.502.119.024 (Catorce mil quinientos dos millones ciento diecinueve mil veinticuatro pesos), con una duraci\u00f3n de la obra de 660 d\u00edas corridos y siendo la Empresa De Vicente Ingenier\u00eda y Construcci\u00f3n S.A quienes se adjudicaron la obra.<\/p>\n<p style=\"text-align: justify;\">El seremi de Justicia y Derechos Humanos, Samuel Navarro se refiri\u00f3 a este esperado proyecto indicando que \u201cestamos muy contentos porque estamos iniciando ya la etapa final del inicio del proyecto de reposici\u00f3n del Servicio M\u00e9dico Legal en Coyhaique, es una obra muy importante, luego de muchos a\u00f1os de tramitaci\u00f3n en la quinta licitaci\u00f3n, la Contralor\u00eda General de la Rep\u00fablica ha tomado raz\u00f3n del decreto que aprueba la adjudicaci\u00f3n, lo que nos permite contarles que en la primera quincena de diciembre comienzan los trabajos, las obras que van a tener una duraci\u00f3n de 660 d\u00edas, esta es una inversi\u00f3n y proyecto muy importante no solamente para el Servicio M\u00e9dico Legal o para el Ministerio de Justicia y Derechos Humanos, sino que para la regi\u00f3n de Ays\u00e9n dado la envergadura que tiene este proyecto y porque nos va a entregar instalaciones para este servicio de primer nivel en nuestra regi\u00f3n\u201d.<\/p>\n<p style=\"text-align: justify;\">Se trata de una obra que involucra una superficie de m\u00e1s de 2 mil metros cuadrados, en el que se emplazar\u00e1 un moderno edificio que considera \u00e1reas administrativas, cl\u00ednicas, de salud mental, tanatolog\u00eda y laboratorios.<\/p>\n<p style=\"text-align: justify;\">La directora regional del Servicio M\u00e9dico Legal Catherine Sandoval destac\u00f3 la adjudicaci\u00f3n de la obra, lo que se traduce prontamente en el inicio de los trabajos indicando \u201cel proyecto de reposici\u00f3n del Servicio M\u00e9dico Legal es un anhelado sue\u00f1o que inici\u00f3 hace muchos a\u00f1os y hoy por fin tenemos la noticia que se ha adjudicado a una empresa para dar inicio a las obras, con esto nosotros podemos unificar nuestros procedimientos a nivel nacional, podemos tener un est\u00e1ndar mayor y darle mejores condiciones a las personas a las cuales atendemos, adem\u00e1s vamos a reunir las sedes que hoy d\u00eda est\u00e1n separadas y centrarnos en un solo edificio, donde vamos a poder atender a todas las personas que requieran nuestros peritajes\u201d.<\/p>\n<p style=\"text-align: justify;\">Ahora, el Ministerio de Obras P\u00fablicas act\u00faa a trav\u00e9s de la Direcci\u00f3n de Arquitectura como unidad t\u00e9cnica de este proyecto, lo que relev\u00f3 la seremi Paloma Jara \u201ccomo Ministerio de Obras P\u00fablicas\u00a0 trav\u00e9s de la Direcci\u00f3n de Arquitectura seremos la unidad t\u00e9cnica del nuevo Servicio M\u00e9dico Legal y estamos muy felices que el Ministerio de Justicia y Derechos Humanos haya confiado en el trabajo que la unidad de Arquitectura hace a trav\u00e9s de su edificaci\u00f3n p\u00fablica, en los m\u00e1s altos est\u00e1ndares de climatizaci\u00f3n como tambi\u00e9n de una infraestructura que sea apta para todos y todas, resaltar tambi\u00e9n que esta va a ser una nueva fuente de empleo que vamos a generar, lo cual aporta al crecimiento de nuestra regi\u00f3n\u201d.<\/p>\n<p style=\"text-align: justify;\">Finalmente, indicar que este nuevo edificio contar\u00e1 con tecnolog\u00eda de punta que se requiere para hacer un peritaje acabado y de excelencia, mejorando las condiciones que hoy existen, y entregando una sala de espera adecuada a las personas, tanto en espacio como en sus accesos, se contar\u00e1 adem\u00e1s con peritos especializados para tener una respuesta m\u00e1s eficaz y oportuna.<\/p>\n<\/div><\/section><\/div><div  style='height:50px' class='hr hr-invisible   avia-builder-el-6  el_after_av_one_full  el_before_av_social_share '><span class='hr-inner ' ><span class='hr-inner-style'><\/span><\/span><\/div><\/p>\n<div  class='av-social-sharing-box  avia-builder-el-7  el_after_av_hr  el_before_av_hr  '><div class='av-share-box'><h5 class='av-share-link-description av-no-toc '>Compartir esta noticia<\/h5><ul class='av-share-box-list noLightbox'><li class='av-share-link av-social-link-facebook' ><a target=\"_blank\" aria-label=\"Compartir en Facebook\" href='https:\/\/www.facebook.com\/sharer.php?u=https:\/\/radiorevelacionfm.cl\/?p=61347&#038;t=Autoridades%20destacan%20avance%20y%20pronta%20primera%20piedra%20de%20lo%20que%20ser%C3%A1%20el%20nuevo%20edificio%20del%20SML%20en%20Coyhaique' aria-hidden='false' data-av_icon='\ue8f3' data-av_iconfont='entypo-fontello' title='' data-avia-related-tooltip='Compartir en Facebook' rel=\"noopener\"><span class='avia_hidden_link_text'>Compartir en Facebook<\/span><\/a><\/li><li class='av-share-link av-social-link-twitter' ><a target=\"_blank\" aria-label=\"Compartir en Twitter\" href='https:\/\/twitter.com\/share?text=Autoridades%20destacan%20avance%20y%20pronta%20primera%20piedra%20de%20lo%20que%20ser%C3%A1%20el%20nuevo%20edificio%20del%20SML%20en%20Coyhaique&#038;url=https:\/\/radiorevelacionfm.cl\/?p=61347' aria-hidden='false' data-av_icon='\ue8f1' data-av_iconfont='entypo-fontello' title='' data-avia-related-tooltip='Compartir en Twitter' rel=\"noopener\"><span class='avia_hidden_link_text'>Compartir en Twitter<\/span><\/a><\/li><li class='av-share-link av-social-link-whatsapp' ><a target=\"_blank\" aria-label=\"Compartir en Whatsapp\" href='https:\/\/api.whatsapp.com\/send?text=https:\/\/radiorevelacionfm.cl\/?p=61347' aria-hidden='false' data-av_icon='\uf232' data-av_iconfont='entypo-fontello' title='' data-avia-related-tooltip='Compartir en Whatsapp' rel=\"noopener\"><span class='avia_hidden_link_text'>Compartir en Whatsapp<\/span><\/a><\/li><li class='av-share-link av-social-link-linkedin' ><a target=\"_blank\" aria-label=\"Compartir en LinkedIn\" href='https:\/\/linkedin.com\/shareArticle?mini=true&#038;title=Autoridades%20destacan%20avance%20y%20pronta%20primera%20piedra%20de%20lo%20que%20ser%C3%A1%20el%20nuevo%20edificio%20del%20SML%20en%20Coyhaique&#038;url=https:\/\/radiorevelacionfm.cl\/?p=61347' aria-hidden='false' data-av_icon='\ue8fc' data-av_iconfont='entypo-fontello' title='' data-avia-related-tooltip='Compartir en LinkedIn' rel=\"noopener\"><span class='avia_hidden_link_text'>Compartir en LinkedIn<\/span><\/a><\/li><li class='av-share-link av-social-link-mail' ><a  aria-label=\"Compartir por correo\" href='mailto:?subject=Autoridades%20destacan%20avance%20y%20pronta%20primera%20piedra%20de%20lo%20que%20ser%C3%A1%20el%20nuevo%20edificio%20del%20SML%20en%20Coyhaique&#038;body=https:\/\/radiorevelacionfm.cl\/?p=61347' aria-hidden='false' data-av_icon='\ue805' data-av_iconfont='entypo-fontello' title='' data-avia-related-tooltip='Compartir por correo'><span class='avia_hidden_link_text'>Compartir por correo<\/span><\/a><\/li><\/ul><\/div><\/div>\n<div  style='height:50px' class='hr hr-invisible   avia-builder-el-8  el_after_av_social_share  el_before_av_comments_list '><span class='hr-inner ' ><span class='hr-inner-style'><\/span><\/span><\/div>\n<div  class='av-buildercomment  av-blog-meta-html-info-disabled av-blog-meta-tag-disabled  '><\/div>\n","protected":false},"excerpt":{"rendered":"","protected":false},"author":1,"featured_media":61348,"comment_status":"closed","ping_status":"closed","sticky":false,"template":"","format":"standard","meta":{"footnotes":""},"categories":[55,66,38],"tags":[],"class_list":["post-61347","post","type-post","status-publish","format-standard","has-post-thumbnail","hentry","category-justicia","category-obras-publicas","category-regional"],"jetpack_featured_media_url":"https:\/\/radiorevelacionfm.cl\/wp-content\/uploads\/2025\/11\/IMG_2447-1-1.jpeg","_links":{"self":[{"href":"https:\/\/radiorevelacionfm.cl\/index.php?rest_route=\/wp\/v2\/posts\/61347","targetHints":{"allow":["GET"]}}],"collection":[{"href":"https:\/\/radiorevelacionfm.cl\/index.php?rest_route=\/wp\/v2\/posts"}],"about":[{"href":"https:\/\/radiorevelacionfm.cl\/index.php?rest_route=\/wp\/v2\/types\/post"}],"author":[{"embeddable":true,"href":"https:\/\/radiorevelacionfm.cl\/index.php?rest_route=\/wp\/v2\/users\/1"}],"replies":[{"embeddable":true,"href":"https:\/\/radiorevelacionfm.cl\/index.php?rest_route=%2Fwp%2Fv2%2Fcomments&post=61347"}],"version-history":[{"count":2,"href":"https:\/\/radiorevelacionfm.cl\/index.php?rest_route=\/wp\/v2\/posts\/61347\/revisions"}],"predecessor-version":[{"id":61350,"href":"https:\/\/radiorevelacionfm.cl\/index.php?rest_route=\/wp\/v2\/posts\/61347\/revisions\/61350"}],"wp:featuredmedia":[{"embeddable":true,"href":"https:\/\/radiorevelacionfm.cl\/index.php?rest_route=\/wp\/v2\/media\/61348"}],"wp:attachment":[{"href":"https:\/\/radiorevelacionfm.cl\/index.php?rest_route=%2Fwp%2Fv2%2Fmedia&parent=61347"}],"wp:term":[{"taxonomy":"category","embeddable":true,"href":"https:\/\/radiorevelacionfm.cl\/index.php?rest_route=%2Fwp%2Fv2%2Fcategories&post=61347"},{"taxonomy":"post_tag","embeddable":true,"href":"https:\/\/radiorevelacionfm.cl\/index.php?rest_route=%2Fwp%2Fv2%2Ftags&post=61347"}],"curies":[{"name":"wp","href":"https:\/\/api.w.org\/{rel}","templated":true}]}}