{"id":61344,"date":"2025-11-12T18:16:38","date_gmt":"2025-11-12T21:16:38","guid":{"rendered":"https:\/\/radiorevelacionfm.cl\/?p=61344"},"modified":"2025-11-12T18:16:38","modified_gmt":"2025-11-12T21:16:38","slug":"400-familias-de-lago-verde-tendran-mejor-acceso-a-agua-potable-con-ampliacion-de-servicios-sanitarios-rurales-impulsado-por-el-mop","status":"publish","type":"post","link":"https:\/\/radiorevelacionfm.cl\/?p=61344","title":{"rendered":"400 Familias de Lago Verde tendr\u00e1n mejor acceso a agua potable con ampliaci\u00f3n de servicios sanitarios rurales impulsado por el MOP"},"content":{"rendered":"<div class=\"flex_column av_one_full  flex_column_div av-zero-column-padding first  avia-builder-el-0  el_before_av_one_full  avia-builder-el-first  \" style='border-radius:0px; '><div  class='avia-image-container  av-styling-    avia-builder-el-1  avia-builder-el-no-sibling  avia-align-center '  itemprop=\"image\" itemscope=\"itemscope\" itemtype=\"https:\/\/schema.org\/ImageObject\"  ><div class='avia-image-container-inner'><div class='avia-image-overlay-wrap'><img decoding=\"async\" class='wp-image-61345 avia-img-lazy-loading-not-61345 avia_image' src=\"https:\/\/radiorevelacionfm.cl\/wp-content\/uploads\/2025\/11\/dji_0209-1_optimized.jpg\" alt='' title='dji_0209-(1)_optimized' height=\"600\" width=\"1067\"  itemprop=\"thumbnailUrl\" srcset=\"https:\/\/radiorevelacionfm.cl\/wp-content\/uploads\/2025\/11\/dji_0209-1_optimized.jpg 1067w, https:\/\/radiorevelacionfm.cl\/wp-content\/uploads\/2025\/11\/dji_0209-1_optimized-300x169.jpg 300w, https:\/\/radiorevelacionfm.cl\/wp-content\/uploads\/2025\/11\/dji_0209-1_optimized-1030x579.jpg 1030w, https:\/\/radiorevelacionfm.cl\/wp-content\/uploads\/2025\/11\/dji_0209-1_optimized-768x432.jpg 768w, https:\/\/radiorevelacionfm.cl\/wp-content\/uploads\/2025\/11\/dji_0209-1_optimized-705x396.jpg 705w, https:\/\/radiorevelacionfm.cl\/wp-content\/uploads\/2025\/11\/dji_0209-1_optimized-450x253.jpg 450w, https:\/\/radiorevelacionfm.cl\/wp-content\/uploads\/2025\/11\/dji_0209-1_optimized-600x337.jpg 600w\" sizes=\"(max-width: 1067px) 100vw, 1067px\" \/><\/div><\/div><\/div><\/div><div class=\"flex_column av_one_full  flex_column_div av-zero-column-padding first  avia-builder-el-2  el_after_av_one_full  el_before_av_one_full  column-top-margin\" style='border-radius:0px; '><section class=\"av_textblock_section \"  itemscope=\"itemscope\" itemtype=\"https:\/\/schema.org\/BlogPosting\" itemprop=\"blogPost\" ><div class='avia_textblock  '   itemprop=\"text\" ><p style=\"text-align: center;\"><span style=\"font-size: 18pt;\"><strong>400 Familias de Lago Verde tendr\u00e1n mejor acceso a agua potable con ampliaci\u00f3n de servicios sanitarios rurales impulsado por el MOP<\/strong><\/span><\/p>\n<div id=\"gtx-trans\" style=\"position: absolute; left: -50px; top: 4.31534px;\">\n<div class=\"gtx-trans-icon\"><\/div>\n<\/div>\n<\/div><\/section><\/div><div class=\"flex_column av_one_full  flex_column_div av-zero-column-padding first  avia-builder-el-4  el_after_av_one_full  el_before_av_hr  column-top-margin\" style='border-radius:0px; '><section class=\"av_textblock_section \"  itemscope=\"itemscope\" itemtype=\"https:\/\/schema.org\/BlogPosting\" itemprop=\"blogPost\" ><div class='avia_textblock  '   itemprop=\"text\" ><p style=\"text-align: justify;\"><em>La Direcci\u00f3n de Obras Hidr\u00e1ulicas del Ministerio de Obras P\u00fablicas junto a la comunidad de instalaron las primeras tuber\u00edas de la infraestructura con la que se ampliar\u00e1n los sistemas de agua potable rural en La Tapera y de Lago Verde para entregar acceso al agua potable a m\u00e1s familias, con una inversi\u00f3n superior a los 7.300 millones de pesos.<\/em><\/p>\n<p style=\"text-align: justify;\">La Secretaria Regional Ministerial de Obras P\u00fablicas, Paloma Jara Vald\u00e9s, junto a la Alcaldesa de la comuna de Lago Verde Claudia Vald\u00e9s V\u00e1squez y los y las vecinas de Lago Verde y de La Tapera instalaron las primeras tuber\u00edas con las que se da inicio a la construcci\u00f3n de los mejoramientos de los Servicios Sanitarios Rurales de ambas localidades, ubicadas en la zona norte de la regi\u00f3n de Ays\u00e9n.<\/p>\n<p style=\"text-align: justify;\">En las ceremonias, la SEREMI del MOP destac\u00f3 el trabajo que ambas directivas de los Comit\u00e9s de Agua Potable Rural han realizado para poder concretar estas obras.<\/p>\n<p style=\"text-align: justify;\">\u201c<em>Durante estos d\u00edas pudimos compartir con los vecinos y vecinas de Lago Verde en sus dos localidades, tanto en Lago Verde como en Villa La Tapera, y en donde pudimos reconocer el trabajo que han hecho estas directivas de la forma m\u00e1s hermosa que podemos hacerlo como Direcci\u00f3n de Obras Hidr\u00e1ulicas, que es trayendo nuevos proyectos de mejoramiento. Estos sistemas sedentarios rurales vienen de muchos a\u00f1os, son el esfuerzo de muchos pioneros de nuestra regi\u00f3n que partieron muy rudimentariamente y ahora ya cuentan con un sistema sanitario rural que va a ser construido y que va a alcanzar los est\u00e1ndares urbanos. Es muy importante para nosotros como gobierno seguir dando alcance a cada uno de los habitantes de nuestro territorio con agua potable rural de calidad, con continuidad, porque nadie puede quedarse atr\u00e1s de las soluciones h\u00eddricas<\/em>\u201d, afirm\u00f3 Paloma Jara.<\/p>\n<p style=\"text-align: justify;\">Este mejoramiento integral del Servicio Sanitario Rural de La Tapera posibilitar\u00e1 que m\u00e1s familias tengan acceso al agua potable, ampliando su Red que hoy tiene 156 familias beneficiadas y al finalizar estas obras llegar a las 191 familias con acceso al agua potable, incrementando significativamente las personas que estar\u00e1n conectadas a este servicio, el que en esta localidad inici\u00f3 su operaci\u00f3n el a\u00f1o 1982.<\/p>\n<p style=\"text-align: justify;\">Con este contrato, el MOP realizar\u00e1 una completa renovaci\u00f3n a la infraestructura, a cargo la empresa constructora regional HYDRIC SOLUTION SPA, la que tiene larga trayectoria en obras de agua potable rural en la regi\u00f3n. Con la fiscalizaci\u00f3n del equipo de Obras Hidr\u00e1ulicas del MOP y una inversi\u00f3n de $3.206 millones, se estima una ocupaci\u00f3n de mano de obra de 12 personas en el <em>peak<\/em> de la ejecuci\u00f3n de obras civiles y se proyecta la contrataci\u00f3n de 9 profesionales para la Asesor\u00eda, quienes deber\u00e1n dar cumplimiento de las obras de acuerdo a las Especificaciones T\u00e9cnicas del proyecto. Todos estos trabajos consideran un plazo de ejecuci\u00f3n de 20 meses.<\/p>\n<p style=\"text-align: justify;\">La dirigenta Eris Sancerra Sandoval, presidenta de la APR Villa La Tapera se\u00f1al\u00f3 que estas obras han sido muy anheladas por la comunidad.<em> \u201cBueno, algo muy importante, muy esperado, porque por a\u00f1os nosotros estuvimos con problemas del agua, siempre se nos cortaba en el invierno y ya hab\u00eda fatiga de material, se reventaba en un lado, en otro, as\u00ed que para la comunidad muy importante este proyecto\u201d<\/em>, se\u00f1al\u00f3.<\/p>\n<p style=\"text-align: justify;\">Por otra parte, en Lago Verde, las autoridades tambi\u00e9n instalaron junto a la comunidad la Primera Tuber\u00eda de la nueva infraestructura que mejorar\u00e1 la calidad del servicio de agua potable en la localidad, oportunidad en la que la Alcaldesa Claudia Vald\u00e9s expres\u00f3 su satisfacci\u00f3n por la concreci\u00f3n de ambos proyectos.<\/p>\n<p style=\"text-align: justify;\">\u201c<em>Dos importantes obras por un monto aproximadamente 7 mil millones de pesos, inversi\u00f3n en nuestra comuna, un trabajo que se ha hecho en conjunto con\u00a0 la Direcci\u00f3n de Obras Hidr\u00e1ulicas, con el MOP de Ays\u00e9n y a trav\u00e9s tambi\u00e9n de nuestros APR, de los comit\u00e9s de APR o Servicios sanitarios rurales en ambas localidades. Nos sentimos orgullosos y muy agradecidos de que hoy estemos en esta ceremonia que nos va a permitir justamente poder mejorar, garantizar y tambi\u00e9n ampliar la red de agua potable en la comuna de Lago Verde. As\u00ed es que content\u00edsima de lo que ha pasado el d\u00eda de ayer y el d\u00eda de hoy en la comuna de Lago Verde<\/em>\u201d, expres\u00f3 la Alcaldesa.<\/p>\n<p style=\"text-align: justify;\">\u00a0Desde el Ministerio de Obras P\u00fablicas informaron que el Servicio Sanitario Rural (SSR) de Lago Verde, inici\u00f3 su operaci\u00f3n el a\u00f1o 1988, y actualmente abastece a 177 familias. Hoy se proyecta que al finalizar la ejecuci\u00f3n de las nuevas obras la cantidad de familias se incrementar\u00e1 para dar acceso al agua potable a un total de 204 familias, y con ello concretar que cerca de 400 familias \u2013Lago Verde y La Tapera- sean beneficiadas con estas obras en la zona norte de la regi\u00f3n de Ays\u00e9n.<\/p>\n<p style=\"text-align: justify;\">En Lago Verde, las obras adjudicadas a la empresa CAV CONSTRUCCIONES LTDA. por $3.497 millones provenientes de la Direcci\u00f3n de Obras Hidr\u00e1ulicas del MOP, tiene un plazo de ejecuci\u00f3n de los trabajos de dos a\u00f1os (24 meses). Se estima un total de mano de obra ocupada de aproximadamente 12 personas para la ejecuci\u00f3n de las obras civiles adem\u00e1s de 7 profesionales de asesor\u00eda quienes tendr\u00e1n permanencia constante en terreno. Ambas inversiones \u2013Lago Verde y La Tapera- conjuntamente con las respectivas Asesor\u00edas alcanzan una inversi\u00f3n del gobierno del presidente Gabriel Boric a trav\u00e9s de la Direcci\u00f3n de Obras Hidr\u00e1ulicas del MOP superior a los 7.300 millones de pesos.<\/p>\n<p style=\"text-align: justify;\">En la ceremonia realizada en Lago Verde, la presidenta del Comit\u00e9 de Agua Potable Rural de Lago Verde, Graciela C\u00e1rdenas destac\u00f3 los adelantos que estas obras traer\u00e1n a la localidad en materia de desarrollo productivo y econom\u00eda local.<\/p>\n<p style=\"text-align: justify;\">\u201c<em>La ceremonia estuvo muy bonita, me gust\u00f3 mucho porque es como un recuerdo muy lindo que vamos a tener para la comunidad, tambi\u00e9n muy apropiado porque se necesitaba muchos a\u00f1os que est\u00e1bamos tratando de que haya un nuevo avance en el agua y tambi\u00e9n para las personas que trabajan que es importante; muy importante tambi\u00e9n el comercio porque viene gente de afuera y compra sus cosas y es algo que queda en el pueblo, y lo otro es que tambi\u00e9n mejor calidad de vida para las personas porque el agua es vida, sin agua no podemos hacer nada. Y tambi\u00e9n por lo bonito y bueno que vengan los dirigentes de afuera, organizaciones, autoridades, es lindo y queda algo muy hermoso en los corazones y eso perdura por mucho tiempo porque no se acuerda y saca conclusiones despu\u00e9s. Despu\u00e9s de eso saca conclusiones que estuvo bueno para esto sirve, para esto otro y nos sirve tambi\u00e9n como persona, como comunidad para podernos unir y trabajar juntos en todo lo que sea avance para la localidad<\/em>\u201d, concluy\u00f3 la dirigenta.<\/p>\n<\/div><\/section><\/div><div  style='height:50px' class='hr hr-invisible   avia-builder-el-6  el_after_av_one_full  el_before_av_social_share '><span class='hr-inner ' ><span class='hr-inner-style'><\/span><\/span><\/div><\/p>\n<div  class='av-social-sharing-box  avia-builder-el-7  el_after_av_hr  el_before_av_hr  '><div class='av-share-box'><h5 class='av-share-link-description av-no-toc '>Compartir esta noticia<\/h5><ul class='av-share-box-list noLightbox'><li class='av-share-link av-social-link-facebook' ><a target=\"_blank\" aria-label=\"Compartir en Facebook\" href='https:\/\/www.facebook.com\/sharer.php?u=https:\/\/radiorevelacionfm.cl\/?p=61344&#038;t=400%20Familias%20de%20Lago%20Verde%20tendr%C3%A1n%20mejor%20acceso%20a%20agua%20potable%20con%20ampliaci%C3%B3n%20de%20servicios%20sanitarios%20rurales%20impulsado%20por%20el%20MOP' aria-hidden='false' data-av_icon='\ue8f3' data-av_iconfont='entypo-fontello' title='' data-avia-related-tooltip='Compartir en Facebook' rel=\"noopener\"><span class='avia_hidden_link_text'>Compartir en Facebook<\/span><\/a><\/li><li class='av-share-link av-social-link-twitter' ><a target=\"_blank\" aria-label=\"Compartir en Twitter\" href='https:\/\/twitter.com\/share?text=400%20Familias%20de%20Lago%20Verde%20tendr%C3%A1n%20mejor%20acceso%20a%20agua%20potable%20con%20ampliaci%C3%B3n%20de%20servicios%20sanitarios%20rurales%20impulsado%20por%20el%20MOP&#038;url=https:\/\/radiorevelacionfm.cl\/?p=61344' aria-hidden='false' data-av_icon='\ue8f1' data-av_iconfont='entypo-fontello' title='' data-avia-related-tooltip='Compartir en Twitter' rel=\"noopener\"><span class='avia_hidden_link_text'>Compartir en Twitter<\/span><\/a><\/li><li class='av-share-link av-social-link-whatsapp' ><a target=\"_blank\" aria-label=\"Compartir en Whatsapp\" href='https:\/\/api.whatsapp.com\/send?text=https:\/\/radiorevelacionfm.cl\/?p=61344' aria-hidden='false' data-av_icon='\uf232' data-av_iconfont='entypo-fontello' title='' data-avia-related-tooltip='Compartir en Whatsapp' rel=\"noopener\"><span class='avia_hidden_link_text'>Compartir en Whatsapp<\/span><\/a><\/li><li class='av-share-link av-social-link-linkedin' ><a target=\"_blank\" aria-label=\"Compartir en LinkedIn\" href='https:\/\/linkedin.com\/shareArticle?mini=true&#038;title=400%20Familias%20de%20Lago%20Verde%20tendr%C3%A1n%20mejor%20acceso%20a%20agua%20potable%20con%20ampliaci%C3%B3n%20de%20servicios%20sanitarios%20rurales%20impulsado%20por%20el%20MOP&#038;url=https:\/\/radiorevelacionfm.cl\/?p=61344' aria-hidden='false' data-av_icon='\ue8fc' data-av_iconfont='entypo-fontello' title='' data-avia-related-tooltip='Compartir en LinkedIn' rel=\"noopener\"><span class='avia_hidden_link_text'>Compartir en LinkedIn<\/span><\/a><\/li><li class='av-share-link av-social-link-mail' ><a  aria-label=\"Compartir por correo\" href='mailto:?subject=400%20Familias%20de%20Lago%20Verde%20tendr%C3%A1n%20mejor%20acceso%20a%20agua%20potable%20con%20ampliaci%C3%B3n%20de%20servicios%20sanitarios%20rurales%20impulsado%20por%20el%20MOP&#038;body=https:\/\/radiorevelacionfm.cl\/?p=61344' aria-hidden='false' data-av_icon='\ue805' data-av_iconfont='entypo-fontello' title='' data-avia-related-tooltip='Compartir por correo'><span class='avia_hidden_link_text'>Compartir por correo<\/span><\/a><\/li><\/ul><\/div><\/div>\n<div  style='height:50px' class='hr hr-invisible   avia-builder-el-8  el_after_av_social_share  el_before_av_comments_list '><span class='hr-inner ' ><span class='hr-inner-style'><\/span><\/span><\/div>\n<div  class='av-buildercomment  av-blog-meta-html-info-disabled av-blog-meta-tag-disabled  '><\/div>\n","protected":false},"excerpt":{"rendered":"","protected":false},"author":1,"featured_media":61345,"comment_status":"closed","ping_status":"closed","sticky":false,"template":"","format":"standard","meta":{"footnotes":""},"categories":[66],"tags":[],"class_list":["post-61344","post","type-post","status-publish","format-standard","has-post-thumbnail","hentry","category-obras-publicas"],"jetpack_featured_media_url":"https:\/\/radiorevelacionfm.cl\/wp-content\/uploads\/2025\/11\/dji_0209-1_optimized.jpg","_links":{"self":[{"href":"https:\/\/radiorevelacionfm.cl\/index.php?rest_route=\/wp\/v2\/posts\/61344","targetHints":{"allow":["GET"]}}],"collection":[{"href":"https:\/\/radiorevelacionfm.cl\/index.php?rest_route=\/wp\/v2\/posts"}],"about":[{"href":"https:\/\/radiorevelacionfm.cl\/index.php?rest_route=\/wp\/v2\/types\/post"}],"author":[{"embeddable":true,"href":"https:\/\/radiorevelacionfm.cl\/index.php?rest_route=\/wp\/v2\/users\/1"}],"replies":[{"embeddable":true,"href":"https:\/\/radiorevelacionfm.cl\/index.php?rest_route=%2Fwp%2Fv2%2Fcomments&post=61344"}],"version-history":[{"count":2,"href":"https:\/\/radiorevelacionfm.cl\/index.php?rest_route=\/wp\/v2\/posts\/61344\/revisions"}],"predecessor-version":[{"id":61351,"href":"https:\/\/radiorevelacionfm.cl\/index.php?rest_route=\/wp\/v2\/posts\/61344\/revisions\/61351"}],"wp:featuredmedia":[{"embeddable":true,"href":"https:\/\/radiorevelacionfm.cl\/index.php?rest_route=\/wp\/v2\/media\/61345"}],"wp:attachment":[{"href":"https:\/\/radiorevelacionfm.cl\/index.php?rest_route=%2Fwp%2Fv2%2Fmedia&parent=61344"}],"wp:term":[{"taxonomy":"category","embeddable":true,"href":"https:\/\/radiorevelacionfm.cl\/index.php?rest_route=%2Fwp%2Fv2%2Fcategories&post=61344"},{"taxonomy":"post_tag","embeddable":true,"href":"https:\/\/radiorevelacionfm.cl\/index.php?rest_route=%2Fwp%2Fv2%2Ftags&post=61344"}],"curies":[{"name":"wp","href":"https:\/\/api.w.org\/{rel}","templated":true}]}}