{"id":61341,"date":"2025-11-13T10:43:57","date_gmt":"2025-11-13T13:43:57","guid":{"rendered":"https:\/\/radiorevelacionfm.cl\/?p=61341"},"modified":"2025-11-13T10:43:57","modified_gmt":"2025-11-13T13:43:57","slug":"innovacion-desde-aysen-proyecto-transforma-la-gestion-forestal-utilizando-tecnologia-lidar-y-datos-inteligentes","status":"publish","type":"post","link":"https:\/\/radiorevelacionfm.cl\/?p=61341","title":{"rendered":"Innovaci\u00f3n desde Ays\u00e9n: Proyecto transforma la gesti\u00f3n forestal utilizando tecnolog\u00eda LiDAR y datos inteligentes"},"content":{"rendered":"<div class=\"flex_column av_one_full  flex_column_div av-zero-column-padding first  avia-builder-el-0  el_before_av_one_full  avia-builder-el-first  \" style='border-radius:0px; '><div  class='avia-image-container  av-styling-    avia-builder-el-1  avia-builder-el-no-sibling  avia-align-center '  itemprop=\"image\" itemscope=\"itemscope\" itemtype=\"https:\/\/schema.org\/ImageObject\"  ><div class='avia-image-container-inner'><div class='avia-image-overlay-wrap'><img decoding=\"async\" class='wp-image-61342 avia-img-lazy-loading-not-61342 avia_image' src=\"https:\/\/radiorevelacionfm.cl\/wp-content\/uploads\/2025\/11\/02_ecolidar-1_optimized.jpg\" alt='' title='02_ecolidar-(1)_optimized' height=\"600\" width=\"1065\"  itemprop=\"thumbnailUrl\" srcset=\"https:\/\/radiorevelacionfm.cl\/wp-content\/uploads\/2025\/11\/02_ecolidar-1_optimized.jpg 1065w, https:\/\/radiorevelacionfm.cl\/wp-content\/uploads\/2025\/11\/02_ecolidar-1_optimized-300x169.jpg 300w, https:\/\/radiorevelacionfm.cl\/wp-content\/uploads\/2025\/11\/02_ecolidar-1_optimized-1030x580.jpg 1030w, https:\/\/radiorevelacionfm.cl\/wp-content\/uploads\/2025\/11\/02_ecolidar-1_optimized-768x433.jpg 768w, https:\/\/radiorevelacionfm.cl\/wp-content\/uploads\/2025\/11\/02_ecolidar-1_optimized-705x397.jpg 705w, https:\/\/radiorevelacionfm.cl\/wp-content\/uploads\/2025\/11\/02_ecolidar-1_optimized-450x254.jpg 450w, https:\/\/radiorevelacionfm.cl\/wp-content\/uploads\/2025\/11\/02_ecolidar-1_optimized-600x338.jpg 600w\" sizes=\"(max-width: 1065px) 100vw, 1065px\" \/><\/div><\/div><\/div><\/div><div class=\"flex_column av_one_full  flex_column_div av-zero-column-padding first  avia-builder-el-2  el_after_av_one_full  el_before_av_one_full  column-top-margin\" style='border-radius:0px; '><section class=\"av_textblock_section \"  itemscope=\"itemscope\" itemtype=\"https:\/\/schema.org\/BlogPosting\" itemprop=\"blogPost\" ><div class='avia_textblock  '   itemprop=\"text\" ><p style=\"text-align: center;\"><span style=\"font-size: 18pt;\"><b>Innovaci\u00f3n desde Ays\u00e9n: Proyecto transforma la gesti\u00f3n forestal utilizando tecnolog\u00eda LiDAR y datos inteligentes<\/b><\/span><\/p>\n<div id=\"gtx-trans\" style=\"position: absolute; left: -50px; top: 4.31534px;\">\n<div class=\"gtx-trans-icon\"><\/div>\n<\/div>\n<\/div><\/section><\/div><div class=\"flex_column av_one_full  flex_column_div av-zero-column-padding first  avia-builder-el-4  el_after_av_one_full  el_before_av_hr  column-top-margin\" style='border-radius:0px; '><section class=\"av_textblock_section \"  itemscope=\"itemscope\" itemtype=\"https:\/\/schema.org\/BlogPosting\" itemprop=\"blogPost\" ><div class='avia_textblock  '   itemprop=\"text\" ><p style=\"font-weight: 400; text-align: justify;\"><em>El proyecto Ecolidar, desarrollado por Agroplan con apoyo de Corfo, valid\u00f3 el uso de la tecnolog\u00eda LiDAR para mejorar la eficiencia, seguridad y sostenibilidad en el levantamiento de informaci\u00f3n forestal en la regi\u00f3n de Ays\u00e9n.<\/em><\/p>\n<p style=\"font-weight: 400; text-align: justify;\">Con la participaci\u00f3n de autoridades regionales, representantes del sector p\u00fablico y privado, y productores locales, se realiz\u00f3 en Coyhaique el cierre del proyecto Ecolidar, una iniciativa que marca un hito en la modernizaci\u00f3n del monitoreo forestal en la Regi\u00f3n de Ays\u00e9n. Liderado por la empresa <a href=\"https:\/\/www.instagram.com\/agroplanltda\/\" data-saferedirecturl=\"https:\/\/www.google.com\/url?q=https:\/\/www.instagram.com\/agroplanltda\/&amp;source=gmail&amp;ust=1763064610619000&amp;usg=AOvVaw0efS6z3f-DJgzaOMG3MxS1\">Agroplan<\/a>\u00a0y respaldado por el programa Innova Regi\u00f3n para Empresas Lideradas por Mujeres de Corfo, el proyecto valid\u00f3 el uso de tecnolog\u00eda LiDAR montada en drones para el levantamiento de informaci\u00f3n tridimensional en bosques nativos. Los resultados obtenidos abren nuevas posibilidades para una gesti\u00f3n territorial m\u00e1s eficiente, precisa y sostenible.<\/p>\n<p style=\"font-weight: 400; text-align: justify;\">La tecnolog\u00eda LiDAR (Light Detection and Ranging) permite capturar informaci\u00f3n detallada del terreno y la vegetaci\u00f3n sin necesidad de recorrer f\u00edsicamente cada sector, lo que supone un avance significativo frente a los m\u00e9todos tradicionales de levantamiento en terreno. \u201cFue un tremendo desaf\u00edo traducir esta tecnolog\u00eda al territorio, pero estamos convencidos de que, aplicada adecuadamente, puede transformarse en una herramienta clave para la gesti\u00f3n y el buen uso del espacio rural\u201d, se\u00f1al\u00f3 Andr\u00e9s G\u00f3mez, del equipo t\u00e9cnico de Agroplan.<\/p>\n<p style=\"font-weight: 400; text-align: justify;\">Mediante percepci\u00f3n remota, el sistema entrega datos continuos y de alta resoluci\u00f3n para la totalidad de un predio, superando las limitaciones del muestreo puntual en terreno. El proyecto se implement\u00f3 en bosques de lenga ubicados en terrenos con distintas pendientes y permiti\u00f3 comparar mediciones tradicionales con aquellas obtenidas mediante sensores remotos. Los resultados evidenciaron una alta correlaci\u00f3n entre ambos m\u00e9todos, validando la precisi\u00f3n del sistema.<\/p>\n<p style=\"font-weight: 400; text-align: justify;\">Adicionalmente, se desarrollaron f\u00f3rmulas para estimar otras variables como el DAP (di\u00e1metro a la altura del pecho) a partir de la informaci\u00f3n LiDAR, formulas y modelos que sin duda mejoraran en la medida de contar con mayor cantidad de datos de campo. Esto sin duda podr\u00eda facilitar la planificaci\u00f3n forestal, el dise\u00f1o de planes de manejo y la toma de decisiones t\u00e9cnicas basadas en datos objetivos y de alta calidad, agrego Andr\u00e9s G\u00f3mez.<\/p>\n<p style=\"font-weight: 400; text-align: justify;\">D\u00e1maris Mera Araneda, l\u00edder del proyecto de Agroplan, expres\u00f3 su satisfacci\u00f3n por los aprendizajes obtenidos, reconociendo que \u201ctuvimos algunos traspi\u00e9s, pero tambi\u00e9n mucho aprendizaje\u201d. Gracias al esfuerzo del equipo t\u00e9cnico, Agroplan ahora cuenta con m\u00e1s herramientas para ofrecer \u201cun servicio m\u00e1s seguro, m\u00e1s integral y con excelentes resultados\u201d. Indic\u00f3 que el apoyo de Corfo fue clave para asumir riesgos tecnol\u00f3gicos, especialmente en el uso de drones, fortaleciendo la capacidad operativa de la empresa. \u201cEste salto nos deja con mucha m\u00e1s experiencia\u201d, afirm\u00f3, destacando que el servicio no solo beneficia el trabajo en bosque nativo, sino que tambi\u00e9n puede aplicarse en sectores como medio ambiente, energ\u00eda y miner\u00eda.<\/p>\n<p style=\"font-weight: 400; text-align: justify;\">Desde el \u00e1mbito institucional, el proyecto fue reconocido como una muestra concreta de innovaci\u00f3n aplicada al desarrollo sostenible. Boris L\u00f3pez Bravo, subdirector de Corfo Ays\u00e9n, destac\u00f3 que \u201ceste proyecto de Ecolidar nos representa muy bien como Corfo\u201d, aludiendo a su coherencia con la misi\u00f3n de la entidad: fomentar la competitividad, la diversificaci\u00f3n productiva y el desarrollo tecnol\u00f3gico. \u201cLo que antes hac\u00edamos quiz\u00e1s en dos o tres semanas, hoy d\u00eda con esta tecnolog\u00eda la podemos hacer en un d\u00eda, es mucho m\u00e1s eficiente, menos costo, menos riesgo\u201d, agreg\u00f3.<\/p>\n<p style=\"font-weight: 400; text-align: justify;\">Eugenio Ruiz Espinoza, seremi de Agricultura, destac\u00f3 el valor del proyecto Ecolidar en la gesti\u00f3n de los bosques nativos de Ays\u00e9n, se\u00f1alando que la regi\u00f3n posee ecosistemas \u00fanicos que deben conocerse para avanzar hacia un desarrollo sustentable. \u201cNecesitamos entender su funci\u00f3n, para que en este proceso de desarrollo no nos equivoquemos\u201d, afirm\u00f3. Tambi\u00e9n subray\u00f3 la importancia de incorporar tecnolog\u00eda en planes de manejo y producci\u00f3n limpia, indicando que \u201cel dato mata el relato\u201d, y que contar con informaci\u00f3n precisa es esencial para tomar decisiones informadas que protejan el patrimonio natural de la regi\u00f3n.<\/p>\n<p style=\"font-weight: 400; text-align: justify;\">En t\u00e9rminos econ\u00f3micos, el muestreo LiDAR demostr\u00f3 ser competitivo. En predios de 800 hect\u00e1reas, el costo total fue de $4,1 millones, frente a los $6,2 millones del m\u00e9todo tradicional, con una capacidad de levantamiento de hasta 700 hect\u00e1reas por d\u00eda en condiciones \u00f3ptimas. El proyecto cont\u00f3 con un aporte institucional de $67.486.800 por parte de Corfo, lo que representa m\u00e1s del 90% del financiamiento total. El costo global alcanz\u00f3 los $74.986.800, permitiendo la implementaci\u00f3n y validaci\u00f3n de esta tecnolog\u00eda en condiciones reales de terreno.<\/p>\n<p style=\"font-weight: 400; text-align: justify;\">Finalmente, D\u00e1maris hizo un llamado a otras mujeres a atreverse a innovar y postular a fondos p\u00fablicos, destacando el respaldo institucional como un factor clave para emprender en tecnolog\u00eda. \u201cSiempre hay un poco de miedo a la Corfo, pero yo doy fe que es algo que uno puede lograrlo, hay harto apoyo de parte de los mismos ejecutivos\u201d, afirm\u00f3. \u201cHay muchas ideas muy creativas, no hay que tener miedo nom\u00e1s y hay que darle\u201d, concluy\u00f3, alentando a m\u00e1s mujeres a liderar proyectos con impacto territorial.<\/p>\n<\/div><\/section><\/div><div  style='height:50px' class='hr hr-invisible   avia-builder-el-6  el_after_av_one_full  el_before_av_social_share '><span class='hr-inner ' ><span class='hr-inner-style'><\/span><\/span><\/div><\/p>\n<div  class='av-social-sharing-box  avia-builder-el-7  el_after_av_hr  el_before_av_hr  '><div class='av-share-box'><h5 class='av-share-link-description av-no-toc '>Compartir esta noticia<\/h5><ul class='av-share-box-list noLightbox'><li class='av-share-link av-social-link-facebook' ><a target=\"_blank\" aria-label=\"Compartir en Facebook\" href='https:\/\/www.facebook.com\/sharer.php?u=https:\/\/radiorevelacionfm.cl\/?p=61341&#038;t=Innovaci%C3%B3n%20desde%20Ays%C3%A9n%3A%20Proyecto%20transforma%20la%20gesti%C3%B3n%20forestal%20utilizando%20tecnolog%C3%ADa%20LiDAR%20y%20datos%20inteligentes' aria-hidden='false' data-av_icon='\ue8f3' data-av_iconfont='entypo-fontello' title='' data-avia-related-tooltip='Compartir en Facebook' rel=\"noopener\"><span class='avia_hidden_link_text'>Compartir en Facebook<\/span><\/a><\/li><li class='av-share-link av-social-link-twitter' ><a target=\"_blank\" aria-label=\"Compartir en Twitter\" href='https:\/\/twitter.com\/share?text=Innovaci%C3%B3n%20desde%20Ays%C3%A9n%3A%20Proyecto%20transforma%20la%20gesti%C3%B3n%20forestal%20utilizando%20tecnolog%C3%ADa%20LiDAR%20y%20datos%20inteligentes&#038;url=https:\/\/radiorevelacionfm.cl\/?p=61341' aria-hidden='false' data-av_icon='\ue8f1' data-av_iconfont='entypo-fontello' title='' data-avia-related-tooltip='Compartir en Twitter' rel=\"noopener\"><span class='avia_hidden_link_text'>Compartir en Twitter<\/span><\/a><\/li><li class='av-share-link av-social-link-whatsapp' ><a target=\"_blank\" aria-label=\"Compartir en Whatsapp\" href='https:\/\/api.whatsapp.com\/send?text=https:\/\/radiorevelacionfm.cl\/?p=61341' aria-hidden='false' data-av_icon='\uf232' data-av_iconfont='entypo-fontello' title='' data-avia-related-tooltip='Compartir en Whatsapp' rel=\"noopener\"><span class='avia_hidden_link_text'>Compartir en Whatsapp<\/span><\/a><\/li><li class='av-share-link av-social-link-linkedin' ><a target=\"_blank\" aria-label=\"Compartir en LinkedIn\" href='https:\/\/linkedin.com\/shareArticle?mini=true&#038;title=Innovaci%C3%B3n%20desde%20Ays%C3%A9n%3A%20Proyecto%20transforma%20la%20gesti%C3%B3n%20forestal%20utilizando%20tecnolog%C3%ADa%20LiDAR%20y%20datos%20inteligentes&#038;url=https:\/\/radiorevelacionfm.cl\/?p=61341' aria-hidden='false' data-av_icon='\ue8fc' data-av_iconfont='entypo-fontello' title='' data-avia-related-tooltip='Compartir en LinkedIn' rel=\"noopener\"><span class='avia_hidden_link_text'>Compartir en LinkedIn<\/span><\/a><\/li><li class='av-share-link av-social-link-mail' ><a  aria-label=\"Compartir por correo\" href='mailto:?subject=Innovaci%C3%B3n%20desde%20Ays%C3%A9n%3A%20Proyecto%20transforma%20la%20gesti%C3%B3n%20forestal%20utilizando%20tecnolog%C3%ADa%20LiDAR%20y%20datos%20inteligentes&#038;body=https:\/\/radiorevelacionfm.cl\/?p=61341' aria-hidden='false' data-av_icon='\ue805' data-av_iconfont='entypo-fontello' title='' data-avia-related-tooltip='Compartir por correo'><span class='avia_hidden_link_text'>Compartir por correo<\/span><\/a><\/li><\/ul><\/div><\/div>\n<div  style='height:50px' class='hr hr-invisible   avia-builder-el-8  el_after_av_social_share  el_before_av_comments_list '><span class='hr-inner ' ><span class='hr-inner-style'><\/span><\/span><\/div>\n<div  class='av-buildercomment  av-blog-meta-html-info-disabled av-blog-meta-tag-disabled  '><\/div>\n","protected":false},"excerpt":{"rendered":"","protected":false},"author":1,"featured_media":61342,"comment_status":"closed","ping_status":"closed","sticky":false,"template":"","format":"standard","meta":{"footnotes":""},"categories":[37],"tags":[],"class_list":["post-61341","post","type-post","status-publish","format-standard","has-post-thumbnail","hentry","category-economia"],"jetpack_featured_media_url":"https:\/\/radiorevelacionfm.cl\/wp-content\/uploads\/2025\/11\/02_ecolidar-1_optimized.jpg","_links":{"self":[{"href":"https:\/\/radiorevelacionfm.cl\/index.php?rest_route=\/wp\/v2\/posts\/61341","targetHints":{"allow":["GET"]}}],"collection":[{"href":"https:\/\/radiorevelacionfm.cl\/index.php?rest_route=\/wp\/v2\/posts"}],"about":[{"href":"https:\/\/radiorevelacionfm.cl\/index.php?rest_route=\/wp\/v2\/types\/post"}],"author":[{"embeddable":true,"href":"https:\/\/radiorevelacionfm.cl\/index.php?rest_route=\/wp\/v2\/users\/1"}],"replies":[{"embeddable":true,"href":"https:\/\/radiorevelacionfm.cl\/index.php?rest_route=%2Fwp%2Fv2%2Fcomments&post=61341"}],"version-history":[{"count":2,"href":"https:\/\/radiorevelacionfm.cl\/index.php?rest_route=\/wp\/v2\/posts\/61341\/revisions"}],"predecessor-version":[{"id":61361,"href":"https:\/\/radiorevelacionfm.cl\/index.php?rest_route=\/wp\/v2\/posts\/61341\/revisions\/61361"}],"wp:featuredmedia":[{"embeddable":true,"href":"https:\/\/radiorevelacionfm.cl\/index.php?rest_route=\/wp\/v2\/media\/61342"}],"wp:attachment":[{"href":"https:\/\/radiorevelacionfm.cl\/index.php?rest_route=%2Fwp%2Fv2%2Fmedia&parent=61341"}],"wp:term":[{"taxonomy":"category","embeddable":true,"href":"https:\/\/radiorevelacionfm.cl\/index.php?rest_route=%2Fwp%2Fv2%2Fcategories&post=61341"},{"taxonomy":"post_tag","embeddable":true,"href":"https:\/\/radiorevelacionfm.cl\/index.php?rest_route=%2Fwp%2Fv2%2Ftags&post=61341"}],"curies":[{"name":"wp","href":"https:\/\/api.w.org\/{rel}","templated":true}]}}