{"id":61338,"date":"2025-11-12T20:34:33","date_gmt":"2025-11-12T23:34:33","guid":{"rendered":"https:\/\/radiorevelacionfm.cl\/?p=61338"},"modified":"2025-11-12T20:34:45","modified_gmt":"2025-11-12T23:34:45","slug":"gobierno-servel-y-sociedad-civil-refuerzan-voto-asistido-en-aysen-para-que-personas-con-discapacidad-participen-en-proximas-elecciones","status":"publish","type":"post","link":"https:\/\/radiorevelacionfm.cl\/?p=61338","title":{"rendered":"Gobierno, SERVEL y Sociedad Civil refuerzan voto asistido en Ays\u00e9n para que personas con discapacidad participen en pr\u00f3ximas elecciones"},"content":{"rendered":"<div class=\"flex_column av_one_full  flex_column_div av-zero-column-padding first  avia-builder-el-0  el_before_av_one_full  avia-builder-el-first  \" style='border-radius:0px; '><div  class='avia-image-container  av-styling-    avia-builder-el-1  avia-builder-el-no-sibling  avia-align-center '  itemprop=\"image\" itemscope=\"itemscope\" itemtype=\"https:\/\/schema.org\/ImageObject\"  ><div class='avia-image-container-inner'><div class='avia-image-overlay-wrap'><img decoding=\"async\" class='wp-image-61339 avia-img-lazy-loading-not-61339 avia_image' src=\"https:\/\/radiorevelacionfm.cl\/wp-content\/uploads\/2025\/11\/voto-asistido-1-2-1-1.jpeg\" alt='' title='voto asistido 1 (2) (1) (1)' height=\"600\" width=\"800\"  itemprop=\"thumbnailUrl\" srcset=\"https:\/\/radiorevelacionfm.cl\/wp-content\/uploads\/2025\/11\/voto-asistido-1-2-1-1.jpeg 800w, https:\/\/radiorevelacionfm.cl\/wp-content\/uploads\/2025\/11\/voto-asistido-1-2-1-1-300x225.jpeg 300w, https:\/\/radiorevelacionfm.cl\/wp-content\/uploads\/2025\/11\/voto-asistido-1-2-1-1-768x576.jpeg 768w, https:\/\/radiorevelacionfm.cl\/wp-content\/uploads\/2025\/11\/voto-asistido-1-2-1-1-705x529.jpeg 705w, https:\/\/radiorevelacionfm.cl\/wp-content\/uploads\/2025\/11\/voto-asistido-1-2-1-1-450x338.jpeg 450w, https:\/\/radiorevelacionfm.cl\/wp-content\/uploads\/2025\/11\/voto-asistido-1-2-1-1-600x450.jpeg 600w\" sizes=\"(max-width: 800px) 100vw, 800px\" \/><\/div><\/div><\/div><\/div><div class=\"flex_column av_one_full  flex_column_div av-zero-column-padding first  avia-builder-el-2  el_after_av_one_full  el_before_av_one_full  column-top-margin\" style='border-radius:0px; '><section class=\"av_textblock_section \"  itemscope=\"itemscope\" itemtype=\"https:\/\/schema.org\/BlogPosting\" itemprop=\"blogPost\" ><div class='avia_textblock  '   itemprop=\"text\" ><p style=\"text-align: center;\"><strong><span style=\"font-size: 18pt;\">Gobierno, SERVEL y Sociedad Civil refuerzan voto asistido en Ays\u00e9n para que personas con discapacidad participen en pr\u00f3ximas elecciones<\/span><\/strong><\/p>\n<div id=\"gtx-trans\" style=\"position: absolute; left: -50px; top: 4.31534px;\">\n<div class=\"gtx-trans-icon\"><\/div>\n<\/div>\n<\/div><\/section><\/div><div class=\"flex_column av_one_full  flex_column_div av-zero-column-padding first  avia-builder-el-4  el_after_av_one_full  el_before_av_hr  column-top-margin\" style='border-radius:0px; '><section class=\"av_textblock_section \"  itemscope=\"itemscope\" itemtype=\"https:\/\/schema.org\/BlogPosting\" itemprop=\"blogPost\" ><div class='avia_textblock  '   itemprop=\"text\" ><p style=\"text-align: justify;\"><i>Adem\u00e1s de poder concurrir a votar acompa\u00f1ado por alguien de confianza, las medidas incluyen uso de la plantilla ranurada con sistema Braille para personas ciegas o con discapacidad visual, plataforma Visor en la web del Servel para personas sordas y protocolo de acci\u00f3n.<\/i><\/p>\n<div style=\"text-align: justify;\">Pocos d\u00edas quedan para las pr\u00f3ximas elecciones presidencial y parlamentarias 2025 que se desarrollar\u00e1n este domingo 16 de noviembre, es por ello que, en dependencias de la Universidad de Ays\u00e9n, la Seremi de Desarrollo Social y Familia, el Servicio Nacional de la Discapacidad Senadis y el Servicio Electoral Servel, se reunieron para reforzar las medidas dispuestas que promueven la participaci\u00f3n de las personas con discapacidad y problemas de movilidad.<\/div>\n<div style=\"text-align: justify;\">Ejercer el derecho a voto con autonom\u00eda fue el mensaje entregado por la directora regional de Senadis, Viviana Mu\u00f1oz quien valor\u00f3 el trabajo colaborativo que hacen con la Universidad de Ays\u00e9n a trav\u00e9s de su Departamento de Inclusi\u00f3n, agregando que \u201cllevamos muchos a\u00f1os trabajando en ir mejorando las medidas accesibilidad para que personas con discapacidad puedan ejercer su derecho a voto en igualdad de condiciones que el resto de las personas. Es por ello que pueden concurrir a los locales de votaci\u00f3n sabiendo que los espacios, los vocales, los delegados todo est\u00e1 coordinado. Recordamos que pueden votar acompa\u00f1ados de una persona o perro de asistencia en todo momento, tambi\u00e9n votar fuera de la urna o con apoyo de quien presida la mesa\u201d.<\/div>\n<div style=\"text-align: justify;\">En caso de no poder concurrir deben presentar posteriormente en el Juzgado de Polic\u00eda Local la credencial de discapacidad o certificado que les permita justificar la inasistencia y quedar exentos de multa.<\/div>\n<div style=\"text-align: justify;\">En tanto la Seremi de Desarrollo Social y Familia Karina Acevedo reforz\u00f3 que \u201cEs muy importante destacar que en estas elecciones hay una coordinaci\u00f3n importante entre las instituciones, la sociedad civil y Servel para resguardar este espacio que es inclusivo y que permite ejercer el voto a todos en igualdad de condiciones. Y tambi\u00e9n damos garant\u00eda de una atenci\u00f3n preferente para personas cuidadoras inscritas en el Registro Social de Hogares, que bien sabemos que el tiempo que tienen es muy acotado\u201d.<\/div>\n<div style=\"text-align: justify;\">Desde el Servicio Electoral Servel, Mario Ortiz, Encargado de Fiscalizaci\u00f3n y Participaci\u00f3n Ciudadana relev\u00f3 que \u201cestar\u00e1n disponibles plantillas ranuradas con sistema Braille para personas ciegas y con discapacidad visual, adem\u00e1s dispone de la plataforma Visor en su sitio web para asistir a personas sordas o con discapacidad auditiva\u201d, agregando que \u201cEn caso que una persona con discapacidad necesite asistencia al momento de votar debe informar al presidente de mesa y puede ingresar a la c\u00e1mara acompa\u00f1ado de una persona de su confianza\u201d.<\/div>\n<div style=\"text-align: justify;\">Mariol Sobarzo, representante de la Agrupaci\u00f3n de Estudiantes Neurodivergentes y con Discapacidad de la Universidad de Ays\u00e9n destac\u00f3 el proceso que permite dar garant\u00edas y seguridad a todos para sufragar \u201cEsta es la segunda vez que participo, no he tenido problemas para votar, as\u00ed que mi mensaje es que asistan\u00a0 con confianza este domingo a los locales de votaci\u00f3n sobre todo a las juventudes, que son los que menos participan, ya que est\u00e1 todo adaptado a las necesidades que puedan presentar las personas con neurodivergencias o discapacidades\u201d.<\/div>\n<div style=\"text-align: justify;\">Por su lado Cristina Barrientos, Presidenta del Cosoc de la Discapacidad agreg\u00f3 \u201cHago el llamado a las personas con discapacidad a que no se resten, es nuestro derecho ejercer el voto, as\u00ed que acudan porque est\u00e1 todo dado y si no llevan a alguien de su confianza, pidan asistencia porque estar\u00e1 dispuesta en todos los locales\u201d.<\/div>\n<div><\/div>\n<div><\/div>\n<div style=\"text-align: justify;\"><\/div>\n<div style=\"text-align: justify;\"><b>Detalle de las medidas<\/b><\/div>\n<div><\/div>\n<div style=\"text-align: justify;\"><\/div>\n<div style=\"text-align: justify;\">\u2022 Las personas con discapacidad pueden ejercer su derecho al voto asistido, para lo cual pueden ir acompa\u00f1adas de una persona mayor de 18 a\u00f1os de su confianza, que puede ingresar a la c\u00e1mara secreta. En caso de acudir solos, pueden solicitar asistencia al presidente de la mesa, quien debe esperar fuera de la c\u00e1mara para doblar y cerrar el voto, resguardando el secreto del sufragio. En todos los casos debe quedar constancia en el acta de mesa el nombre del elector que utiliza el voto asistido y de quien lo asiste.<\/div>\n<div style=\"text-align: justify;\">\u2022 En el caso de las personas con discapacidad visual, podr\u00e1n solicitar al presidente de la mesa la plantilla ranurada o ranurada con sistema Braille, que estar\u00e1n disponibles en cada local de votaci\u00f3n. Adem\u00e1s, se debe permitir el ingreso de perros de asistencia, que pueden acompa\u00f1ar al votante durante todo el proceso.<\/div>\n<div style=\"text-align: justify;\">\u2022 En tanto, las personas que no puedan ingresar a la c\u00e1mara secreta por usar camilla, silla de ruedas u otro motivo, estar\u00e1n autorizadas a sufragar fuera de ella, y la mesa deber\u00e1 adoptar las medidas necesarias para mantener el secreto del voto.<\/div>\n<div style=\"text-align: justify;\">\u2022 Las personas sordas y personas con discapacidad auditiva, pueden expresar, a trav\u00e9s de lengua de se\u00f1as o por escrito, que desean utilizar el voto asistido.<\/div>\n<div style=\"text-align: justify;\">\u2022 Por otra parte, el Servicio Electoral ha dispuesto en su sitio web la plataforma Visor, que permite a las personas sordas acceder a la interpretaci\u00f3n en lengua de se\u00f1as simult\u00e1nea, de manera gratuita, para resolver dudas, y dar apoyo en los locales de votaci\u00f3n. Asimismo, el Servel dispuso atenci\u00f3n telef\u00f3nica preferencial para personas mayores, que ser\u00e1n identificadas a trav\u00e9s del RUT.<\/div>\n<\/div><\/section><\/div><div  style='height:50px' class='hr hr-invisible   avia-builder-el-6  el_after_av_one_full  el_before_av_social_share '><span class='hr-inner ' ><span class='hr-inner-style'><\/span><\/span><\/div><\/p>\n<div  class='av-social-sharing-box  avia-builder-el-7  el_after_av_hr  el_before_av_hr  '><div class='av-share-box'><h5 class='av-share-link-description av-no-toc '>Compartir esta noticia<\/h5><ul class='av-share-box-list noLightbox'><li class='av-share-link av-social-link-facebook' ><a target=\"_blank\" aria-label=\"Compartir en Facebook\" href='https:\/\/www.facebook.com\/sharer.php?u=https:\/\/radiorevelacionfm.cl\/?p=61338&#038;t=Gobierno%2C%20SERVEL%20y%20Sociedad%20Civil%20refuerzan%20voto%20asistido%20en%20Ays%C3%A9n%20para%20que%20personas%20con%20discapacidad%20participen%20en%20pr%C3%B3ximas%20elecciones' aria-hidden='false' data-av_icon='\ue8f3' data-av_iconfont='entypo-fontello' title='' data-avia-related-tooltip='Compartir en Facebook' rel=\"noopener\"><span class='avia_hidden_link_text'>Compartir en Facebook<\/span><\/a><\/li><li class='av-share-link av-social-link-twitter' ><a target=\"_blank\" aria-label=\"Compartir en Twitter\" href='https:\/\/twitter.com\/share?text=Gobierno%2C%20SERVEL%20y%20Sociedad%20Civil%20refuerzan%20voto%20asistido%20en%20Ays%C3%A9n%20para%20que%20personas%20con%20discapacidad%20participen%20en%20pr%C3%B3ximas%20elecciones&#038;url=https:\/\/radiorevelacionfm.cl\/?p=61338' aria-hidden='false' data-av_icon='\ue8f1' data-av_iconfont='entypo-fontello' title='' data-avia-related-tooltip='Compartir en Twitter' rel=\"noopener\"><span class='avia_hidden_link_text'>Compartir en Twitter<\/span><\/a><\/li><li class='av-share-link av-social-link-whatsapp' ><a target=\"_blank\" aria-label=\"Compartir en Whatsapp\" href='https:\/\/api.whatsapp.com\/send?text=https:\/\/radiorevelacionfm.cl\/?p=61338' aria-hidden='false' data-av_icon='\uf232' data-av_iconfont='entypo-fontello' title='' data-avia-related-tooltip='Compartir en Whatsapp' rel=\"noopener\"><span class='avia_hidden_link_text'>Compartir en Whatsapp<\/span><\/a><\/li><li class='av-share-link av-social-link-linkedin' ><a target=\"_blank\" aria-label=\"Compartir en LinkedIn\" href='https:\/\/linkedin.com\/shareArticle?mini=true&#038;title=Gobierno%2C%20SERVEL%20y%20Sociedad%20Civil%20refuerzan%20voto%20asistido%20en%20Ays%C3%A9n%20para%20que%20personas%20con%20discapacidad%20participen%20en%20pr%C3%B3ximas%20elecciones&#038;url=https:\/\/radiorevelacionfm.cl\/?p=61338' aria-hidden='false' data-av_icon='\ue8fc' data-av_iconfont='entypo-fontello' title='' data-avia-related-tooltip='Compartir en LinkedIn' rel=\"noopener\"><span class='avia_hidden_link_text'>Compartir en LinkedIn<\/span><\/a><\/li><li class='av-share-link av-social-link-mail' ><a  aria-label=\"Compartir por correo\" href='mailto:?subject=Gobierno%2C%20SERVEL%20y%20Sociedad%20Civil%20refuerzan%20voto%20asistido%20en%20Ays%C3%A9n%20para%20que%20personas%20con%20discapacidad%20participen%20en%20pr%C3%B3ximas%20elecciones&#038;body=https:\/\/radiorevelacionfm.cl\/?p=61338' aria-hidden='false' data-av_icon='\ue805' data-av_iconfont='entypo-fontello' title='' data-avia-related-tooltip='Compartir por correo'><span class='avia_hidden_link_text'>Compartir por correo<\/span><\/a><\/li><\/ul><\/div><\/div>\n<div  style='height:50px' class='hr hr-invisible   avia-builder-el-8  el_after_av_social_share  el_before_av_comments_list '><span class='hr-inner ' ><span class='hr-inner-style'><\/span><\/span><\/div>\n<div  class='av-buildercomment  av-blog-meta-html-info-disabled av-blog-meta-tag-disabled  '><\/div>\n","protected":false},"excerpt":{"rendered":"","protected":false},"author":1,"featured_media":61339,"comment_status":"closed","ping_status":"closed","sticky":false,"template":"","format":"standard","meta":{"footnotes":""},"categories":[38],"tags":[],"class_list":["post-61338","post","type-post","status-publish","format-standard","has-post-thumbnail","hentry","category-regional"],"jetpack_featured_media_url":"https:\/\/radiorevelacionfm.cl\/wp-content\/uploads\/2025\/11\/voto-asistido-1-2-1-1.jpeg","_links":{"self":[{"href":"https:\/\/radiorevelacionfm.cl\/index.php?rest_route=\/wp\/v2\/posts\/61338","targetHints":{"allow":["GET"]}}],"collection":[{"href":"https:\/\/radiorevelacionfm.cl\/index.php?rest_route=\/wp\/v2\/posts"}],"about":[{"href":"https:\/\/radiorevelacionfm.cl\/index.php?rest_route=\/wp\/v2\/types\/post"}],"author":[{"embeddable":true,"href":"https:\/\/radiorevelacionfm.cl\/index.php?rest_route=\/wp\/v2\/users\/1"}],"replies":[{"embeddable":true,"href":"https:\/\/radiorevelacionfm.cl\/index.php?rest_route=%2Fwp%2Fv2%2Fcomments&post=61338"}],"version-history":[{"count":2,"href":"https:\/\/radiorevelacionfm.cl\/index.php?rest_route=\/wp\/v2\/posts\/61338\/revisions"}],"predecessor-version":[{"id":61360,"href":"https:\/\/radiorevelacionfm.cl\/index.php?rest_route=\/wp\/v2\/posts\/61338\/revisions\/61360"}],"wp:featuredmedia":[{"embeddable":true,"href":"https:\/\/radiorevelacionfm.cl\/index.php?rest_route=\/wp\/v2\/media\/61339"}],"wp:attachment":[{"href":"https:\/\/radiorevelacionfm.cl\/index.php?rest_route=%2Fwp%2Fv2%2Fmedia&parent=61338"}],"wp:term":[{"taxonomy":"category","embeddable":true,"href":"https:\/\/radiorevelacionfm.cl\/index.php?rest_route=%2Fwp%2Fv2%2Fcategories&post=61338"},{"taxonomy":"post_tag","embeddable":true,"href":"https:\/\/radiorevelacionfm.cl\/index.php?rest_route=%2Fwp%2Fv2%2Ftags&post=61338"}],"curies":[{"name":"wp","href":"https:\/\/api.w.org\/{rel}","templated":true}]}}