{"id":61335,"date":"2025-11-12T20:32:36","date_gmt":"2025-11-12T23:32:36","guid":{"rendered":"https:\/\/radiorevelacionfm.cl\/?p=61335"},"modified":"2025-11-12T20:32:36","modified_gmt":"2025-11-12T23:32:36","slug":"en-la-region-de-aysen-comenzo-ciclo-de-talleres-sobre-la-prevencion-de-las-fan","status":"publish","type":"post","link":"https:\/\/radiorevelacionfm.cl\/?p=61335","title":{"rendered":"En la regi\u00f3n de Ays\u00e9n comenz\u00f3 ciclo de talleres sobre la prevenci\u00f3n de las FAN"},"content":{"rendered":"<div class=\"flex_column av_one_full  flex_column_div av-zero-column-padding first  avia-builder-el-0  el_before_av_one_full  avia-builder-el-first  \" style='border-radius:0px; '><div  class='avia-image-container  av-styling-    avia-builder-el-1  avia-builder-el-no-sibling  avia-align-center '  itemprop=\"image\" itemscope=\"itemscope\" itemtype=\"https:\/\/schema.org\/ImageObject\"  ><div class='avia-image-container-inner'><div class='avia-image-overlay-wrap'><img decoding=\"async\" class='wp-image-61336 avia-img-lazy-loading-not-61336 avia_image' src=\"https:\/\/radiorevelacionfm.cl\/wp-content\/uploads\/2025\/11\/CDS_FAN1-1-1.jpg\" alt='' title='CDS_FAN1 (1) (1)' height=\"600\" width=\"800\"  itemprop=\"thumbnailUrl\" srcset=\"https:\/\/radiorevelacionfm.cl\/wp-content\/uploads\/2025\/11\/CDS_FAN1-1-1.jpg 800w, https:\/\/radiorevelacionfm.cl\/wp-content\/uploads\/2025\/11\/CDS_FAN1-1-1-300x225.jpg 300w, https:\/\/radiorevelacionfm.cl\/wp-content\/uploads\/2025\/11\/CDS_FAN1-1-1-768x576.jpg 768w, https:\/\/radiorevelacionfm.cl\/wp-content\/uploads\/2025\/11\/CDS_FAN1-1-1-705x529.jpg 705w, https:\/\/radiorevelacionfm.cl\/wp-content\/uploads\/2025\/11\/CDS_FAN1-1-1-450x338.jpg 450w, https:\/\/radiorevelacionfm.cl\/wp-content\/uploads\/2025\/11\/CDS_FAN1-1-1-600x450.jpg 600w\" sizes=\"(max-width: 800px) 100vw, 800px\" \/><\/div><\/div><\/div><\/div><div class=\"flex_column av_one_full  flex_column_div av-zero-column-padding first  avia-builder-el-2  el_after_av_one_full  el_before_av_one_full  column-top-margin\" style='border-radius:0px; '><section class=\"av_textblock_section \"  itemscope=\"itemscope\" itemtype=\"https:\/\/schema.org\/BlogPosting\" itemprop=\"blogPost\" ><div class='avia_textblock  '   itemprop=\"text\" ><h3 style=\"text-align: center;\" align=\"center\"><span style=\"font-size: 18pt;\"><b><span lang=\"es\">En la regi\u00f3n de Ays\u00e9n comenz\u00f3 ciclo de talleres sobre la prevenci\u00f3n de las FAN<\/span><\/b><\/span><\/h3>\n<div id=\"gtx-trans\" style=\"position: absolute; left: -50px; top: 4.31534px;\">\n<div class=\"gtx-trans-icon\"><\/div>\n<\/div>\n<\/div><\/section><\/div><div class=\"flex_column av_one_full  flex_column_div av-zero-column-padding first  avia-builder-el-4  el_after_av_one_full  el_before_av_hr  column-top-margin\" style='border-radius:0px; '><section class=\"av_textblock_section \"  itemscope=\"itemscope\" itemtype=\"https:\/\/schema.org\/BlogPosting\" itemprop=\"blogPost\" ><div class='avia_textblock  '   itemprop=\"text\" ><p style=\"font-weight: 400; text-align: justify;\"><em>El Consejo del Salm\u00f3n junto a Sernapesca, la Gobernaci\u00f3n Mar\u00edtima de Ays\u00e9n y la Empresa Portuaria Chacabuco, reuni\u00f3 a representantes del sector acu\u00edcola para fortalecer la gesti\u00f3n preventiva frente a escenarios de cambio clim\u00e1tico y floraciones algales nocivas (FAN).<\/em><\/p>\n<p style=\"font-weight: 400; text-align: justify;\">Con una mirada puesta en la prevenci\u00f3n de la industria del salm\u00f3n frente a los efectos del cambio clim\u00e1tico, el Consejo del Salm\u00f3n, junto a Sernapesca, la gobernaci\u00f3n mar\u00edtima de Ays\u00e9n y la empresa portuaria Chacabuco, se realiz\u00f3 ayer 11 de noviembre la primera jornada del seminario \u201cPreparaci\u00f3n para enfrentar eventos de mortalidad masiva ante un escenario: cambio clim\u00e1tico \/ evento La Ni\u00f1a\u201d.<\/p>\n<p style=\"font-weight: 400; text-align: justify;\">La Instancia tuvo como foco relevar\u00a0 un di\u00e1logo t\u00e9cnico y transversal entre los distintos actores de la industria, donde empresas productoras, autoridades y\u00a0 el gremio compartieron sus planes preventivos y de mitigaci\u00f3n frente a las floraciones algales nocivas (FAN).<\/p>\n<p style=\"font-weight: 400; text-align: justify;\">Durante la jornada, colaboradores representantes de distintas empresas de la industria, compartieron sus experiencias en la gesti\u00f3n y prevenci\u00f3n de contingencias clim\u00e1ticas, destacando la relevancia de los simulacros internos y las estrategias de vigilancia y monitoreo en los centros de cultivo. Por parte de las empresas del Consejo del Salm\u00f3n estuvieron Natally Sep\u00falveda y Marco Mu\u00f1oz de Mowi, junto a Claudia Kiekebusch de Australis Seafoods,<\/p>\n<p style=\"font-weight: 400; text-align: justify;\">Por su parte, Sernapesca expuso sobre la normativa y los procedimientos de activaci\u00f3n de la pre-alerta acu\u00edcola, mientras que la Autoridad Mar\u00edtima abord\u00f3 los protocolos de fiscalizaci\u00f3n y respuesta ante eventos de emergencia.<\/p>\n<p style=\"font-weight: 400; text-align: justify;\">\u201cEl actuar preventivamente es la forma en que debemos abordar los posibles eventos asociados al cambio clim\u00e1tico. Desde el Consejo del Salm\u00f3n promovemos una mirada integral, que considera los aspectos normativos, operativos y log\u00edsticos, y que involucra a todos los actores: autoridades, empresas productoras, plantas reductoras, prestadores de servicios y gremios. La coordinaci\u00f3n y el trabajo conjunto son claves para fortalecer la estrategia de vigilancia y monitoreo de las empresas y seguir avanzando hacia una industria m\u00e1s preparada y sostenible\u201d, destac\u00f3\u00a0<strong>Marcela Lara,<\/strong>\u00a0asesora t\u00e9cnica del Consejo del Salm\u00f3n y experta veterinaria con m\u00e1s de 15 a\u00f1os de experiencia en gesti\u00f3n sanitaria y ambiental.<\/p>\n<p style=\"font-weight: 400; text-align: justify;\">\u201cEl desarrollo de este taller en Ays\u00e9n refleja el compromiso del sector con una gesti\u00f3n preventiva y coordinada. Espacios como este son esenciales para fortalecer la preparaci\u00f3n y la capacidad de respuesta del territorio ante escenarios que requieren coordinaci\u00f3n, responsabilidad y una visi\u00f3n de largo plazo\u201d, indic\u00f3\u00a0<strong>Rolf Traeger,<\/strong>\u00a0director regional de Ays\u00e9n del Consejo del Salm\u00f3n.<\/p>\n<p style=\"font-weight: 400; text-align: justify;\">Anteriormente en 2023 el Consejo del Salm\u00f3n ya hab\u00eda realizado talleres junto a Sernapesca y Directemar para informar sobre la importancia de prevenir contingencias como las FAN. Ser parte nuevamente de estas iniciativas permite fortalecer el trabajo conjunto entre autoridades y empresas en torno a la gesti\u00f3n preventiva sobre este fen\u00f3meno, profundizar en sus causas y los posibles impactos para la industria.<\/p>\n<p style=\"font-weight: 400; text-align: justify;\">El segundo seminario de este ciclo se realizar\u00e1 el viernes 14 de noviembre en la Regi\u00f3n de Los Lagos. En dicha jornada participar\u00e1 nuevamente el Consejo del Salm\u00f3n representados por Angela Saavedra, directora regional de Los Lagos y Marcela Lara, experta veterinaria con una vasta trayectoria en gesti\u00f3n sanitaria y ambiental.<\/p>\n<\/div><\/section><\/div><div  style='height:50px' class='hr hr-invisible   avia-builder-el-6  el_after_av_one_full  el_before_av_social_share '><span class='hr-inner ' ><span class='hr-inner-style'><\/span><\/span><\/div><\/p>\n<div  class='av-social-sharing-box  avia-builder-el-7  el_after_av_hr  el_before_av_hr  '><div class='av-share-box'><h5 class='av-share-link-description av-no-toc '>Compartir esta noticia<\/h5><ul class='av-share-box-list noLightbox'><li class='av-share-link av-social-link-facebook' ><a target=\"_blank\" aria-label=\"Compartir en Facebook\" href='https:\/\/www.facebook.com\/sharer.php?u=https:\/\/radiorevelacionfm.cl\/?p=61335&#038;t=En%20la%20regi%C3%B3n%20de%20Ays%C3%A9n%20comenz%C3%B3%20ciclo%20de%20talleres%20sobre%20la%20prevenci%C3%B3n%20de%20las%20FAN' aria-hidden='false' data-av_icon='\ue8f3' data-av_iconfont='entypo-fontello' title='' data-avia-related-tooltip='Compartir en Facebook' rel=\"noopener\"><span class='avia_hidden_link_text'>Compartir en Facebook<\/span><\/a><\/li><li class='av-share-link av-social-link-twitter' ><a target=\"_blank\" aria-label=\"Compartir en Twitter\" href='https:\/\/twitter.com\/share?text=En%20la%20regi%C3%B3n%20de%20Ays%C3%A9n%20comenz%C3%B3%20ciclo%20de%20talleres%20sobre%20la%20prevenci%C3%B3n%20de%20las%20FAN&#038;url=https:\/\/radiorevelacionfm.cl\/?p=61335' aria-hidden='false' data-av_icon='\ue8f1' data-av_iconfont='entypo-fontello' title='' data-avia-related-tooltip='Compartir en Twitter' rel=\"noopener\"><span class='avia_hidden_link_text'>Compartir en Twitter<\/span><\/a><\/li><li class='av-share-link av-social-link-whatsapp' ><a target=\"_blank\" aria-label=\"Compartir en Whatsapp\" href='https:\/\/api.whatsapp.com\/send?text=https:\/\/radiorevelacionfm.cl\/?p=61335' aria-hidden='false' data-av_icon='\uf232' data-av_iconfont='entypo-fontello' title='' data-avia-related-tooltip='Compartir en Whatsapp' rel=\"noopener\"><span class='avia_hidden_link_text'>Compartir en Whatsapp<\/span><\/a><\/li><li class='av-share-link av-social-link-linkedin' ><a target=\"_blank\" aria-label=\"Compartir en LinkedIn\" href='https:\/\/linkedin.com\/shareArticle?mini=true&#038;title=En%20la%20regi%C3%B3n%20de%20Ays%C3%A9n%20comenz%C3%B3%20ciclo%20de%20talleres%20sobre%20la%20prevenci%C3%B3n%20de%20las%20FAN&#038;url=https:\/\/radiorevelacionfm.cl\/?p=61335' aria-hidden='false' data-av_icon='\ue8fc' data-av_iconfont='entypo-fontello' title='' data-avia-related-tooltip='Compartir en LinkedIn' rel=\"noopener\"><span class='avia_hidden_link_text'>Compartir en LinkedIn<\/span><\/a><\/li><li class='av-share-link av-social-link-mail' ><a  aria-label=\"Compartir por correo\" href='mailto:?subject=En%20la%20regi%C3%B3n%20de%20Ays%C3%A9n%20comenz%C3%B3%20ciclo%20de%20talleres%20sobre%20la%20prevenci%C3%B3n%20de%20las%20FAN&#038;body=https:\/\/radiorevelacionfm.cl\/?p=61335' aria-hidden='false' data-av_icon='\ue805' data-av_iconfont='entypo-fontello' title='' data-avia-related-tooltip='Compartir por correo'><span class='avia_hidden_link_text'>Compartir por correo<\/span><\/a><\/li><\/ul><\/div><\/div>\n<div  style='height:50px' class='hr hr-invisible   avia-builder-el-8  el_after_av_social_share  el_before_av_comments_list '><span class='hr-inner ' ><span class='hr-inner-style'><\/span><\/span><\/div>\n<div  class='av-buildercomment  av-blog-meta-html-info-disabled av-blog-meta-tag-disabled  '><\/div>\n","protected":false},"excerpt":{"rendered":"","protected":false},"author":1,"featured_media":61336,"comment_status":"closed","ping_status":"closed","sticky":false,"template":"","format":"standard","meta":{"footnotes":""},"categories":[60],"tags":[],"class_list":["post-61335","post","type-post","status-publish","format-standard","has-post-thumbnail","hentry","category-pesca"],"jetpack_featured_media_url":"https:\/\/radiorevelacionfm.cl\/wp-content\/uploads\/2025\/11\/CDS_FAN1-1-1.jpg","_links":{"self":[{"href":"https:\/\/radiorevelacionfm.cl\/index.php?rest_route=\/wp\/v2\/posts\/61335","targetHints":{"allow":["GET"]}}],"collection":[{"href":"https:\/\/radiorevelacionfm.cl\/index.php?rest_route=\/wp\/v2\/posts"}],"about":[{"href":"https:\/\/radiorevelacionfm.cl\/index.php?rest_route=\/wp\/v2\/types\/post"}],"author":[{"embeddable":true,"href":"https:\/\/radiorevelacionfm.cl\/index.php?rest_route=\/wp\/v2\/users\/1"}],"replies":[{"embeddable":true,"href":"https:\/\/radiorevelacionfm.cl\/index.php?rest_route=%2Fwp%2Fv2%2Fcomments&post=61335"}],"version-history":[{"count":2,"href":"https:\/\/radiorevelacionfm.cl\/index.php?rest_route=\/wp\/v2\/posts\/61335\/revisions"}],"predecessor-version":[{"id":61359,"href":"https:\/\/radiorevelacionfm.cl\/index.php?rest_route=\/wp\/v2\/posts\/61335\/revisions\/61359"}],"wp:featuredmedia":[{"embeddable":true,"href":"https:\/\/radiorevelacionfm.cl\/index.php?rest_route=\/wp\/v2\/media\/61336"}],"wp:attachment":[{"href":"https:\/\/radiorevelacionfm.cl\/index.php?rest_route=%2Fwp%2Fv2%2Fmedia&parent=61335"}],"wp:term":[{"taxonomy":"category","embeddable":true,"href":"https:\/\/radiorevelacionfm.cl\/index.php?rest_route=%2Fwp%2Fv2%2Fcategories&post=61335"},{"taxonomy":"post_tag","embeddable":true,"href":"https:\/\/radiorevelacionfm.cl\/index.php?rest_route=%2Fwp%2Fv2%2Ftags&post=61335"}],"curies":[{"name":"wp","href":"https:\/\/api.w.org\/{rel}","templated":true}]}}