{"id":61332,"date":"2025-11-12T19:31:11","date_gmt":"2025-11-12T22:31:11","guid":{"rendered":"https:\/\/radiorevelacionfm.cl\/?p=61332"},"modified":"2025-11-12T19:31:11","modified_gmt":"2025-11-12T22:31:11","slug":"colegio-francisco-xavier-butina-de-coyhaique-se-incorpora-a-la-red-nacional-de-liceos-bicentenario-de-excelencia","status":"publish","type":"post","link":"https:\/\/radiorevelacionfm.cl\/?p=61332","title":{"rendered":"Colegio  Francisco Xavier Buti\u00f1a de Coyhaique se incorpora a la red nacional de Liceos Bicentenario de Excelencia"},"content":{"rendered":"<div class=\"flex_column av_one_full  flex_column_div av-zero-column-padding first  avia-builder-el-0  el_before_av_one_full  avia-builder-el-first  \" style='border-radius:0px; '><div  class='avia-image-container  av-styling-    avia-builder-el-1  avia-builder-el-no-sibling  avia-align-center '  itemprop=\"image\" itemscope=\"itemscope\" itemtype=\"https:\/\/schema.org\/ImageObject\"  ><div class='avia-image-container-inner'><div class='avia-image-overlay-wrap'><img decoding=\"async\" class='wp-image-61333 avia-img-lazy-loading-not-61333 avia_image' src=\"https:\/\/radiorevelacionfm.cl\/wp-content\/uploads\/2025\/11\/elena-1-1.jpeg\" alt='' title='elena (1) (1)' height=\"600\" width=\"800\"  itemprop=\"thumbnailUrl\" srcset=\"https:\/\/radiorevelacionfm.cl\/wp-content\/uploads\/2025\/11\/elena-1-1.jpeg 800w, https:\/\/radiorevelacionfm.cl\/wp-content\/uploads\/2025\/11\/elena-1-1-300x225.jpeg 300w, https:\/\/radiorevelacionfm.cl\/wp-content\/uploads\/2025\/11\/elena-1-1-768x576.jpeg 768w, https:\/\/radiorevelacionfm.cl\/wp-content\/uploads\/2025\/11\/elena-1-1-705x529.jpeg 705w, https:\/\/radiorevelacionfm.cl\/wp-content\/uploads\/2025\/11\/elena-1-1-450x338.jpeg 450w, https:\/\/radiorevelacionfm.cl\/wp-content\/uploads\/2025\/11\/elena-1-1-600x450.jpeg 600w\" sizes=\"(max-width: 800px) 100vw, 800px\" \/><\/div><\/div><\/div><\/div><div class=\"flex_column av_one_full  flex_column_div av-zero-column-padding first  avia-builder-el-2  el_after_av_one_full  el_before_av_one_full  column-top-margin\" style='border-radius:0px; '><section class=\"av_textblock_section \"  itemscope=\"itemscope\" itemtype=\"https:\/\/schema.org\/BlogPosting\" itemprop=\"blogPost\" ><div class='avia_textblock  '   itemprop=\"text\" ><p style=\"text-align: center;\"><span style=\"font-size: 18pt;\"><b>Colegio\u00a0 Francisco Xavier Buti\u00f1a de Coyhaique se incorpora a la red nacional de Liceos Bicentenario de Excelencia<\/b><\/span><\/p>\n<div id=\"gtx-trans\" style=\"position: absolute; left: -50px; top: 4.31534px;\">\n<div class=\"gtx-trans-icon\"><\/div>\n<\/div>\n<\/div><\/section><\/div><div class=\"flex_column av_one_full  flex_column_div av-zero-column-padding first  avia-builder-el-4  el_after_av_one_full  el_before_av_hr  column-top-margin\" style='border-radius:0px; '><section class=\"av_textblock_section \"  itemscope=\"itemscope\" itemtype=\"https:\/\/schema.org\/BlogPosting\" itemprop=\"blogPost\" ><div class='avia_textblock  '   itemprop=\"text\" ><p style=\"font-weight: 400; text-align: justify;\"><em>El programa busca fortalecer pr\u00e1cticas pedag\u00f3gicas, igualdad de oportunidades y desarrollo regional mediante proyectos de mejora de aprendizajes presentados por cada establecimiento.<\/em><\/p>\n<p style=\"font-weight: 400; text-align: justify;\">El Ministerio de Educaci\u00f3n anunci\u00f3 la adjudicaci\u00f3n de 20 nuevos Liceos Bicentenario de Excelencia en todo el pa\u00eds, seleccionados a partir de proyectos de mejoramiento de aprendizajes que promueven la calidad educativa con un enfoque territorial. Entre los establecimientos reconocidos se encuentra el Colegio Francisco Xavier Buti\u00f1a de Coyhaique, que se incorpora oficialmente a esta red nacional de excelencia.<\/p>\n<p style=\"font-weight: 400; text-align: justify;\">El ministro de Educaci\u00f3n, Nicol\u00e1s Cataldo, destac\u00f3 que los establecimientos que se suman a la red \u201cprovienen de distintas regiones del pa\u00eds y reflejan la diversidad de nuestro sistema educativo. Estos centros contar\u00e1n con una red de apoyos pedag\u00f3gicos, t\u00e9cnicos y de acompa\u00f1amiento por parte del Ministerio de Educaci\u00f3n, porque la pol\u00edtica de Liceos Bicentenario se hace cargo de fortalecer los aprendizajes de ni\u00f1as, ni\u00f1os y adolescentes\u201d.<\/p>\n<p style=\"font-weight: 400; text-align: justify;\">La seremi de Educaci\u00f3n de Ays\u00e9n, Katherine Miqueles visit\u00f3 el establecimiento oportunidad en la que se reuni\u00f3 con su directora Elena Manquemilla Andrade y la representante legal Ximena Jim\u00e9nez a quienes felicit\u00f3 por este reconocimiento del Mineduc y de igual forma entreg\u00f3 su saludo al equipo docente.<\/p>\n<p style=\"font-weight: 400; text-align: justify;\">\u201cLa adjudicaci\u00f3n del Colegio Francisco Xavier Buti\u00f1a como nuevo Liceo Bicentenario representa un reconocimiento al compromiso educativo del territorio. Estamos contentos porque conocemos todo el trabajo que han realizado en este colegio\u00a0 durante estos a\u00f1os, no solo potenciando los aprendizajes sino que promoviendo el desarrollo integral y val\u00f3rico de ni\u00f1as, ni\u00f1os y adolescentes. Desde el Ministerio de Educaci\u00f3n seguimos impulsando pol\u00edticas que fortalezcan la calidad y equidad en contextos regionales, acercando m\u00e1s oportunidades a nuestras y nuestros estudiantes\u201d.<\/p>\n<p style=\"font-weight: 400; text-align: justify;\">La autoridad regional a\u00f1adi\u00f3 que esta iniciativa \u201cse enmarca en la visi\u00f3n del Gobierno de avanzar en la mejora de los aprendizajes desde un enfoque inclusivo y descentralizado, fortaleciendo capacidades locales y promoviendo la innovaci\u00f3n pedag\u00f3gica desde las propias comunidades educativas\u201d.<\/p>\n<p style=\"font-weight: 400; text-align: justify;\">En tanto, la directora del plantel educacional Elena Manquemilla Andrade manifest\u00f3 su satisfacci\u00f3n con la adjudicaci\u00f3n:\u00a0\u201cHemos recibido esta distinci\u00f3n con mucha alegr\u00eda y con mucha gratitud a Dios tambi\u00e9n porque finalmente es un reconocimiento al trabajo de todos estos a\u00f1os, a nuestra visi\u00f3n, misi\u00f3n y sue\u00f1o de la congregaci\u00f3n Siervas de San Jos\u00e9 el cual tambi\u00e9n nosotros hacemos vida cada d\u00eda en nuestra comunidad escolar\u201d.<\/p>\n<p style=\"font-weight: 400; text-align: justify;\">En esta convocatoria de Liceos Bicentenario se presentaron 110 proyectos, de los cuales 90 fueron declarados admisibles. Finalmente, 20 establecimientos fueron seleccionados: 10 en la Regi\u00f3n Metropolitana y 10 en distintas regiones del pa\u00eds, destacando la presencia del Colegio Francisco Xavier Buti\u00f1a como representante de Ays\u00e9n.<\/p>\n<p style=\"font-weight: 400; text-align: justify;\">Con esta adjudicaci\u00f3n, el Ministerio de Educaci\u00f3n contin\u00faa impulsando el desarrollo de una educaci\u00f3n p\u00fablica y particular subvencionada de excelencia, fortaleciendo la formaci\u00f3n integral, la innovaci\u00f3n y la equidad territorial en todo el pa\u00eds.<\/p>\n<\/div><\/section><\/div><div  style='height:50px' class='hr hr-invisible   avia-builder-el-6  el_after_av_one_full  el_before_av_social_share '><span class='hr-inner ' ><span class='hr-inner-style'><\/span><\/span><\/div><\/p>\n<div  class='av-social-sharing-box  avia-builder-el-7  el_after_av_hr  el_before_av_hr  '><div class='av-share-box'><h5 class='av-share-link-description av-no-toc '>Compartir esta noticia<\/h5><ul class='av-share-box-list noLightbox'><li class='av-share-link av-social-link-facebook' ><a target=\"_blank\" aria-label=\"Compartir en Facebook\" href='https:\/\/www.facebook.com\/sharer.php?u=https:\/\/radiorevelacionfm.cl\/?p=61332&#038;t=Colegio%20%20Francisco%20Xavier%20Buti%C3%B1a%20de%20Coyhaique%20se%20incorpora%20a%20la%20red%20nacional%20de%20Liceos%20Bicentenario%20de%20Excelencia' aria-hidden='false' data-av_icon='\ue8f3' data-av_iconfont='entypo-fontello' title='' data-avia-related-tooltip='Compartir en Facebook' rel=\"noopener\"><span class='avia_hidden_link_text'>Compartir en Facebook<\/span><\/a><\/li><li class='av-share-link av-social-link-twitter' ><a target=\"_blank\" aria-label=\"Compartir en Twitter\" href='https:\/\/twitter.com\/share?text=Colegio%20%20Francisco%20Xavier%20Buti%C3%B1a%20de%20Coyhaique%20se%20incorpora%20a%20la%20red%20nacional%20de%20Liceos%20Bicentenario%20de%20Excelencia&#038;url=https:\/\/radiorevelacionfm.cl\/?p=61332' aria-hidden='false' data-av_icon='\ue8f1' data-av_iconfont='entypo-fontello' title='' data-avia-related-tooltip='Compartir en Twitter' rel=\"noopener\"><span class='avia_hidden_link_text'>Compartir en Twitter<\/span><\/a><\/li><li class='av-share-link av-social-link-whatsapp' ><a target=\"_blank\" aria-label=\"Compartir en Whatsapp\" href='https:\/\/api.whatsapp.com\/send?text=https:\/\/radiorevelacionfm.cl\/?p=61332' aria-hidden='false' data-av_icon='\uf232' data-av_iconfont='entypo-fontello' title='' data-avia-related-tooltip='Compartir en Whatsapp' rel=\"noopener\"><span class='avia_hidden_link_text'>Compartir en Whatsapp<\/span><\/a><\/li><li class='av-share-link av-social-link-linkedin' ><a target=\"_blank\" aria-label=\"Compartir en LinkedIn\" href='https:\/\/linkedin.com\/shareArticle?mini=true&#038;title=Colegio%20%20Francisco%20Xavier%20Buti%C3%B1a%20de%20Coyhaique%20se%20incorpora%20a%20la%20red%20nacional%20de%20Liceos%20Bicentenario%20de%20Excelencia&#038;url=https:\/\/radiorevelacionfm.cl\/?p=61332' aria-hidden='false' data-av_icon='\ue8fc' data-av_iconfont='entypo-fontello' title='' data-avia-related-tooltip='Compartir en LinkedIn' rel=\"noopener\"><span class='avia_hidden_link_text'>Compartir en LinkedIn<\/span><\/a><\/li><li class='av-share-link av-social-link-mail' ><a  aria-label=\"Compartir por correo\" href='mailto:?subject=Colegio%20%20Francisco%20Xavier%20Buti%C3%B1a%20de%20Coyhaique%20se%20incorpora%20a%20la%20red%20nacional%20de%20Liceos%20Bicentenario%20de%20Excelencia&#038;body=https:\/\/radiorevelacionfm.cl\/?p=61332' aria-hidden='false' data-av_icon='\ue805' data-av_iconfont='entypo-fontello' title='' data-avia-related-tooltip='Compartir por correo'><span class='avia_hidden_link_text'>Compartir por correo<\/span><\/a><\/li><\/ul><\/div><\/div>\n<div  style='height:50px' class='hr hr-invisible   avia-builder-el-8  el_after_av_social_share  el_before_av_comments_list '><span class='hr-inner ' ><span class='hr-inner-style'><\/span><\/span><\/div>\n<div  class='av-buildercomment  av-blog-meta-html-info-disabled av-blog-meta-tag-disabled  '><\/div>\n","protected":false},"excerpt":{"rendered":"","protected":false},"author":1,"featured_media":61333,"comment_status":"closed","ping_status":"closed","sticky":false,"template":"","format":"standard","meta":{"footnotes":""},"categories":[49],"tags":[],"class_list":["post-61332","post","type-post","status-publish","format-standard","has-post-thumbnail","hentry","category-educacion"],"jetpack_featured_media_url":"https:\/\/radiorevelacionfm.cl\/wp-content\/uploads\/2025\/11\/elena-1-1.jpeg","_links":{"self":[{"href":"https:\/\/radiorevelacionfm.cl\/index.php?rest_route=\/wp\/v2\/posts\/61332","targetHints":{"allow":["GET"]}}],"collection":[{"href":"https:\/\/radiorevelacionfm.cl\/index.php?rest_route=\/wp\/v2\/posts"}],"about":[{"href":"https:\/\/radiorevelacionfm.cl\/index.php?rest_route=\/wp\/v2\/types\/post"}],"author":[{"embeddable":true,"href":"https:\/\/radiorevelacionfm.cl\/index.php?rest_route=\/wp\/v2\/users\/1"}],"replies":[{"embeddable":true,"href":"https:\/\/radiorevelacionfm.cl\/index.php?rest_route=%2Fwp%2Fv2%2Fcomments&post=61332"}],"version-history":[{"count":2,"href":"https:\/\/radiorevelacionfm.cl\/index.php?rest_route=\/wp\/v2\/posts\/61332\/revisions"}],"predecessor-version":[{"id":61358,"href":"https:\/\/radiorevelacionfm.cl\/index.php?rest_route=\/wp\/v2\/posts\/61332\/revisions\/61358"}],"wp:featuredmedia":[{"embeddable":true,"href":"https:\/\/radiorevelacionfm.cl\/index.php?rest_route=\/wp\/v2\/media\/61333"}],"wp:attachment":[{"href":"https:\/\/radiorevelacionfm.cl\/index.php?rest_route=%2Fwp%2Fv2%2Fmedia&parent=61332"}],"wp:term":[{"taxonomy":"category","embeddable":true,"href":"https:\/\/radiorevelacionfm.cl\/index.php?rest_route=%2Fwp%2Fv2%2Fcategories&post=61332"},{"taxonomy":"post_tag","embeddable":true,"href":"https:\/\/radiorevelacionfm.cl\/index.php?rest_route=%2Fwp%2Fv2%2Ftags&post=61332"}],"curies":[{"name":"wp","href":"https:\/\/api.w.org\/{rel}","templated":true}]}}