{"id":61329,"date":"2025-11-12T18:48:49","date_gmt":"2025-11-12T21:48:49","guid":{"rendered":"https:\/\/radiorevelacionfm.cl\/?p=61329"},"modified":"2025-11-12T18:48:49","modified_gmt":"2025-11-12T21:48:49","slug":"seremi-de-salud-seguimos-mejorando-infraestructura-para-atencion-de-la-comunidad-y-avanzamos-en-politicas-de-salud","status":"publish","type":"post","link":"https:\/\/radiorevelacionfm.cl\/?p=61329","title":{"rendered":"Seremi de Salud: \u201cSeguimos mejorando infraestructura para atenci\u00f3n de la comunidad y avanzamos en pol\u00edticas de salud\u201d"},"content":{"rendered":"<div class=\"flex_column av_one_full  flex_column_div av-zero-column-padding first  avia-builder-el-0  el_before_av_one_full  avia-builder-el-first  \" style='border-radius:0px; '><div  class='avia-image-container  av-styling-    avia-builder-el-1  avia-builder-el-no-sibling  avia-align-center '  itemprop=\"image\" itemscope=\"itemscope\" itemtype=\"https:\/\/schema.org\/ImageObject\"  ><div class='avia-image-container-inner'><div class='avia-image-overlay-wrap'><img decoding=\"async\" class='wp-image-61330 avia-img-lazy-loading-not-61330 avia_image' src=\"https:\/\/radiorevelacionfm.cl\/wp-content\/uploads\/2025\/11\/Nirsevimab_VRS-1-1-1.jpg\" alt='' title='Nirsevimab_VRS-1 (1) (1)' height=\"600\" width=\"924\"  itemprop=\"thumbnailUrl\" srcset=\"https:\/\/radiorevelacionfm.cl\/wp-content\/uploads\/2025\/11\/Nirsevimab_VRS-1-1-1.jpg 924w, https:\/\/radiorevelacionfm.cl\/wp-content\/uploads\/2025\/11\/Nirsevimab_VRS-1-1-1-300x195.jpg 300w, https:\/\/radiorevelacionfm.cl\/wp-content\/uploads\/2025\/11\/Nirsevimab_VRS-1-1-1-768x499.jpg 768w, https:\/\/radiorevelacionfm.cl\/wp-content\/uploads\/2025\/11\/Nirsevimab_VRS-1-1-1-705x458.jpg 705w, https:\/\/radiorevelacionfm.cl\/wp-content\/uploads\/2025\/11\/Nirsevimab_VRS-1-1-1-450x292.jpg 450w, https:\/\/radiorevelacionfm.cl\/wp-content\/uploads\/2025\/11\/Nirsevimab_VRS-1-1-1-600x390.jpg 600w\" sizes=\"(max-width: 924px) 100vw, 924px\" \/><\/div><\/div><\/div><\/div><div class=\"flex_column av_one_full  flex_column_div av-zero-column-padding first  avia-builder-el-2  el_after_av_one_full  el_before_av_one_full  column-top-margin\" style='border-radius:0px; '><section class=\"av_textblock_section \"  itemscope=\"itemscope\" itemtype=\"https:\/\/schema.org\/BlogPosting\" itemprop=\"blogPost\" ><div class='avia_textblock  '   itemprop=\"text\" ><p style=\"text-align: center;\"><span style=\"font-size: 18pt;\"><strong>Seremi de Salud:\u00a0<\/strong><strong>\u201cSeguimos mejorando infraestructura para atenci\u00f3n de la comunidad y avanzamos en pol\u00edticas de salud\u201d \u00a0<\/strong><\/span><\/p>\n<div id=\"gtx-trans\" style=\"position: absolute; left: -50px; top: 4.31534px;\">\n<div class=\"gtx-trans-icon\"><\/div>\n<\/div>\n<\/div><\/section><\/div><div class=\"flex_column av_one_full  flex_column_div av-zero-column-padding first  avia-builder-el-4  el_after_av_one_full  el_before_av_hr  column-top-margin\" style='border-radius:0px; '><section class=\"av_textblock_section \"  itemscope=\"itemscope\" itemtype=\"https:\/\/schema.org\/BlogPosting\" itemprop=\"blogPost\" ><div class='avia_textblock  '   itemprop=\"text\" ><p><em>A la reciente puesta en marcha del nuevo Hospital de Chile Chico, se suman tambi\u00e9n las obras de construcci\u00f3n y mejoramiento en la red asistencial, como la Posta de Salud Rural de Puyuhuapi.<\/em><\/p>\n<p style=\"text-align: justify;\"><strong><em>\u00a0<\/em><\/strong><em>En estrategias de salud, se destaca la implementaci\u00f3n del anticuerpo monoclonal NIRSEVIMAB que, a nivel regional, permiti\u00f3 que durante este a\u00f1o 2025 no se registraran decesos de reci\u00e9n nacidos o infantes durante la \u00e9poca invernal.<\/em><\/p>\n<p style=\"text-align: justify;\">Con el funcionamiento del nuevo Hospital Dr. Leopoldo Ortega de Chile Chico o la Posta de Salud Rural en Puerto Guadal, las familias de la cuenca del lago General Carrera vieron un avance importante en el mejoramiento de la red de infraestructura, las cuales cuentan adem\u00e1s con equipamiento cl\u00ednico que ha permitido mejorar sustancialmente las atenciones de salud en ese sector de la regi\u00f3n.<\/p>\n<p style=\"text-align: justify;\">Un importante logro en infraestructura de salud p\u00fablica en Ays\u00e9n, que fue destacado por la Seremi de Salud Gloria \u00c1guila Schmeisser. \u201cHe trabajado en el \u00e1rea de la salud p\u00fablica de la regi\u00f3n por m\u00e1s de cuarenta a\u00f1os, por lo tanto, he tenido la oportunidad de conocer los importantes avances que hoy existen en la atenci\u00f3n primaria de salud, donde en estos \u00faltimos a\u00f1os destacan la construcci\u00f3n y puesta en funcionamiento del moderno hospital de Chile Chico, con una superficie de casi 4.900 metros cuadrados construidos, con un pabell\u00f3n, una sala de parto integral, box de atenciones m\u00e9dicas y un equipo humano de profesionales comprometidos con la salud de su comunidad.\u201d<\/p>\n<p style=\"text-align: justify;\">Proyectos de mejoramiento en infraestructura que adem\u00e1s se complementan con la construcci\u00f3n y mejoramientos de Postas de Salud Rural. \u201cEl \u00e9nfasis de nuestras autoridades gubernamentales y de salud, tambi\u00e9n nos ha permitido avanzar con las Postas de Salud Rural en localidades como Puerto Guadal y Cerro Castillo que ya est\u00e1n en funcionamiento, o Puyuhuapi, donde ya se registra un avance del 85%, por lo que esperamos se pueda entregar al funcionamiento de su comunidad en el transcurso de este a\u00f1o\u201d.<\/p>\n<p style=\"text-align: justify;\">Este proyecto, se enmarca dentro del Convenio de Programaci\u00f3n, con financiamiento FNDR por m\u00e1s de mil 300 millones de pesos para su ejecuci\u00f3n, donde la Posta de Salud Rural de Puyuhuapi fue ampliada y refaccionada alcanzando una superficie total de 204 m\u00b2.<\/p>\n<p style=\"text-align: justify;\"><strong>Salud Mental<\/strong><\/p>\n<p style=\"text-align: justify;\">Menci\u00f3n aparte, explic\u00f3 la Seremi Gloria \u00c1guila, es la puesta en funcionamiento del Centro Comunitario de Salud Mental (COSAM) de Puerto Ays\u00e9n, inaugurado por la Ministra de Salud, cumpliendo con el compromiso adquirido por el Presidente Gabriel Boric en la estrategia del Gobierno de priorizar la salud mental, acercando la atenci\u00f3n especializada a la comunidad, donde la cartera de servicios del COSAM incluye consultas de ingreso, psicodiagn\u00f3stico, psicoterapia individual y familiar, y actividades comunitarias con organizaciones de usuarios y familiares.<\/p>\n<p style=\"text-align: justify;\"><strong>NIRSEVIMAB<\/strong><\/p>\n<p style=\"text-align: justify;\">Dentro de las estrategias impulsadas por el Ministerio de Salud, destaca el proceso de inmunizaci\u00f3n que se realiz\u00f3 con la entrega del anticuerpo monoclonal a menores y reci\u00e9n nacidos, NIRSEVIMAB, lo que permiti\u00f3 resguardar la salud de este grupo de la poblaci\u00f3n. En el caso de Ays\u00e9n, este anticuerpo se suministr\u00f3 a 800 menores, no registr\u00e1ndose decesos que lamentar, reduci\u00e9ndose incluso el traslado de pacientes fuera de la regi\u00f3n por enfermedades respiratorias.<\/p>\n<p style=\"text-align: justify;\">\u201cEsta estrategia del MINSAL, destacada a nivel internacional, forma parte de las acciones impulsadas por el Gobierno en el \u00e1rea de la salud, donde tenemos la exitosa campa\u00f1a de inmunizaci\u00f3n contra el virus respiratorio sincicial implementada durante el a\u00f1o 2024-2025, donde las vacunas y estrategias de inmunizaci\u00f3n salvaron vidas durante el invierno\u201d, puntualiz\u00f3 la Seremi.<\/p>\n<p style=\"text-align: justify;\"><strong>Medicamento para el c\u00e1ncer triple negativo<\/strong><\/p>\n<p style=\"text-align: justify;\">Durante este a\u00f1o, se dio a conocer una importante noticia, se trata de la primera inmunoterapia disponible para el C\u00e1ncer de Mama Triple Negativo en la red p\u00fablica de salud, con lo cual se avanza en equidad y acceso a tratamientos oncol\u00f3gicos de \u00faltima generaci\u00f3n.<\/p>\n<p style=\"text-align: justify;\">Este medicamento, Pembrolizumab, representa un tratamiento distinto en el abordaje del C\u00e1ncer de Mama Triple Negativo, ya que beneficiar\u00e1 a cerca de 650 mujeres que se atienden en el sistema p\u00fablico cada a\u00f1o, quienes podr\u00e1n acceder de forma gratuita a esta modalidad.\u00a0 Tal como lo manifest\u00f3 la Seremi Gloria \u00c1guila Schmeisser, \u201cesta es la primera inmunoterapia disponible para el C\u00e1ncer de Mama Triple Negativo en la red p\u00fablica, donde avanzamos en equidad, ya que se trata de un medicamento de alto costo que estar\u00e1 disponible en forma gratuita para cerca de 650 mujeres al a\u00f1o que cumplen con el diagn\u00f3stico y par\u00e1metros cl\u00ednicos para su aplicaci\u00f3n, lo que muestra los alcances y preocupaci\u00f3n del gobierno por seguir acercando la salud a la poblaci\u00f3n\u201d.<\/p>\n<\/div><\/section><\/div><div  style='height:50px' class='hr hr-invisible   avia-builder-el-6  el_after_av_one_full  el_before_av_social_share '><span class='hr-inner ' ><span class='hr-inner-style'><\/span><\/span><\/div><\/p>\n<div  class='av-social-sharing-box  avia-builder-el-7  el_after_av_hr  el_before_av_hr  '><div class='av-share-box'><h5 class='av-share-link-description av-no-toc '>Compartir esta noticia<\/h5><ul class='av-share-box-list noLightbox'><li class='av-share-link av-social-link-facebook' ><a target=\"_blank\" aria-label=\"Compartir en Facebook\" href='https:\/\/www.facebook.com\/sharer.php?u=https:\/\/radiorevelacionfm.cl\/?p=61329&#038;t=Seremi%20de%20Salud%3A%20%E2%80%9CSeguimos%20mejorando%20infraestructura%20para%20atenci%C3%B3n%20de%20la%20comunidad%20y%20avanzamos%20en%20pol%C3%ADticas%20de%20salud%E2%80%9D' aria-hidden='false' data-av_icon='\ue8f3' data-av_iconfont='entypo-fontello' title='' data-avia-related-tooltip='Compartir en Facebook' rel=\"noopener\"><span class='avia_hidden_link_text'>Compartir en Facebook<\/span><\/a><\/li><li class='av-share-link av-social-link-twitter' ><a target=\"_blank\" aria-label=\"Compartir en Twitter\" href='https:\/\/twitter.com\/share?text=Seremi%20de%20Salud%3A%20%E2%80%9CSeguimos%20mejorando%20infraestructura%20para%20atenci%C3%B3n%20de%20la%20comunidad%20y%20avanzamos%20en%20pol%C3%ADticas%20de%20salud%E2%80%9D&#038;url=https:\/\/radiorevelacionfm.cl\/?p=61329' aria-hidden='false' data-av_icon='\ue8f1' data-av_iconfont='entypo-fontello' title='' data-avia-related-tooltip='Compartir en Twitter' rel=\"noopener\"><span class='avia_hidden_link_text'>Compartir en Twitter<\/span><\/a><\/li><li class='av-share-link av-social-link-whatsapp' ><a target=\"_blank\" aria-label=\"Compartir en Whatsapp\" href='https:\/\/api.whatsapp.com\/send?text=https:\/\/radiorevelacionfm.cl\/?p=61329' aria-hidden='false' data-av_icon='\uf232' data-av_iconfont='entypo-fontello' title='' data-avia-related-tooltip='Compartir en Whatsapp' rel=\"noopener\"><span class='avia_hidden_link_text'>Compartir en Whatsapp<\/span><\/a><\/li><li class='av-share-link av-social-link-linkedin' ><a target=\"_blank\" aria-label=\"Compartir en LinkedIn\" href='https:\/\/linkedin.com\/shareArticle?mini=true&#038;title=Seremi%20de%20Salud%3A%20%E2%80%9CSeguimos%20mejorando%20infraestructura%20para%20atenci%C3%B3n%20de%20la%20comunidad%20y%20avanzamos%20en%20pol%C3%ADticas%20de%20salud%E2%80%9D&#038;url=https:\/\/radiorevelacionfm.cl\/?p=61329' aria-hidden='false' data-av_icon='\ue8fc' data-av_iconfont='entypo-fontello' title='' data-avia-related-tooltip='Compartir en LinkedIn' rel=\"noopener\"><span class='avia_hidden_link_text'>Compartir en LinkedIn<\/span><\/a><\/li><li class='av-share-link av-social-link-mail' ><a  aria-label=\"Compartir por correo\" href='mailto:?subject=Seremi%20de%20Salud%3A%20%E2%80%9CSeguimos%20mejorando%20infraestructura%20para%20atenci%C3%B3n%20de%20la%20comunidad%20y%20avanzamos%20en%20pol%C3%ADticas%20de%20salud%E2%80%9D&#038;body=https:\/\/radiorevelacionfm.cl\/?p=61329' aria-hidden='false' data-av_icon='\ue805' data-av_iconfont='entypo-fontello' title='' data-avia-related-tooltip='Compartir por correo'><span class='avia_hidden_link_text'>Compartir por correo<\/span><\/a><\/li><\/ul><\/div><\/div>\n<div  style='height:50px' class='hr hr-invisible   avia-builder-el-8  el_after_av_social_share  el_before_av_comments_list '><span class='hr-inner ' ><span class='hr-inner-style'><\/span><\/span><\/div>\n<div  class='av-buildercomment  av-blog-meta-html-info-disabled av-blog-meta-tag-disabled  '><\/div>\n","protected":false},"excerpt":{"rendered":"","protected":false},"author":1,"featured_media":61330,"comment_status":"closed","ping_status":"closed","sticky":false,"template":"","format":"standard","meta":{"footnotes":""},"categories":[46],"tags":[],"class_list":["post-61329","post","type-post","status-publish","format-standard","has-post-thumbnail","hentry","category-salud"],"jetpack_featured_media_url":"https:\/\/radiorevelacionfm.cl\/wp-content\/uploads\/2025\/11\/Nirsevimab_VRS-1-1-1.jpg","_links":{"self":[{"href":"https:\/\/radiorevelacionfm.cl\/index.php?rest_route=\/wp\/v2\/posts\/61329","targetHints":{"allow":["GET"]}}],"collection":[{"href":"https:\/\/radiorevelacionfm.cl\/index.php?rest_route=\/wp\/v2\/posts"}],"about":[{"href":"https:\/\/radiorevelacionfm.cl\/index.php?rest_route=\/wp\/v2\/types\/post"}],"author":[{"embeddable":true,"href":"https:\/\/radiorevelacionfm.cl\/index.php?rest_route=\/wp\/v2\/users\/1"}],"replies":[{"embeddable":true,"href":"https:\/\/radiorevelacionfm.cl\/index.php?rest_route=%2Fwp%2Fv2%2Fcomments&post=61329"}],"version-history":[{"count":1,"href":"https:\/\/radiorevelacionfm.cl\/index.php?rest_route=\/wp\/v2\/posts\/61329\/revisions"}],"predecessor-version":[{"id":61331,"href":"https:\/\/radiorevelacionfm.cl\/index.php?rest_route=\/wp\/v2\/posts\/61329\/revisions\/61331"}],"wp:featuredmedia":[{"embeddable":true,"href":"https:\/\/radiorevelacionfm.cl\/index.php?rest_route=\/wp\/v2\/media\/61330"}],"wp:attachment":[{"href":"https:\/\/radiorevelacionfm.cl\/index.php?rest_route=%2Fwp%2Fv2%2Fmedia&parent=61329"}],"wp:term":[{"taxonomy":"category","embeddable":true,"href":"https:\/\/radiorevelacionfm.cl\/index.php?rest_route=%2Fwp%2Fv2%2Fcategories&post=61329"},{"taxonomy":"post_tag","embeddable":true,"href":"https:\/\/radiorevelacionfm.cl\/index.php?rest_route=%2Fwp%2Fv2%2Ftags&post=61329"}],"curies":[{"name":"wp","href":"https:\/\/api.w.org\/{rel}","templated":true}]}}