{"id":61323,"date":"2025-11-12T17:10:10","date_gmt":"2025-11-12T20:10:10","guid":{"rendered":"https:\/\/radiorevelacionfm.cl\/?p=61323"},"modified":"2025-11-12T17:10:10","modified_gmt":"2025-11-12T20:10:10","slug":"cchc-coyhaique-plantea-al-consejo-regional-preocupacion-por-presupuesto-mop-y-minvu-para-2026","status":"publish","type":"post","link":"https:\/\/radiorevelacionfm.cl\/?p=61323","title":{"rendered":"CChC Coyhaique plantea al Consejo Regional preocupaci\u00f3n por presupuesto MOP y Minvu para 2026"},"content":{"rendered":"<p>&nbsp;<\/p>\n<div class=\"flex_column av_one_full  flex_column_div av-zero-column-padding first  avia-builder-el-0  el_before_av_one_full  avia-builder-el-first  \" style='border-radius:0px; '><section class=\"av_textblock_section \"  itemscope=\"itemscope\" itemtype=\"https:\/\/schema.org\/BlogPosting\" itemprop=\"blogPost\" ><div class='avia_textblock  '   itemprop=\"text\" ><p style=\"text-align: center;\"><span style=\"font-size: 18pt;\"><strong>CChC Coyhaique plantea al Consejo Regional preocupaci\u00f3n por presupuesto MOP y Minvu para 2026<\/strong><\/span><\/p>\n<div id=\"gtx-trans\" style=\"position: absolute; left: -50px; top: 4.31534px;\">\n<div class=\"gtx-trans-icon\"><\/div>\n<\/div>\n<\/div><\/section><\/div><div class=\"flex_column av_one_full  flex_column_div av-zero-column-padding first  \" style='border-radius:0px; '><section class=\"av_textblock_section \"  itemscope=\"itemscope\" itemtype=\"https:\/\/schema.org\/BlogPosting\" itemprop=\"blogPost\" ><div class='avia_textblock  '   itemprop=\"text\" ><p style=\"text-align: justify;\"><em>El gremio expuso ante la Comisi\u00f3n de Infraestructura, revelando que la inversi\u00f3n del MINVU para la regi\u00f3n tendr\u00e1 la segunda mayor ca\u00edda del pa\u00eds y que los proyectos nuevos del MOP representar\u00e1n solo el 3,7% del total.<\/em><\/p>\n<p style=\"text-align: justify;\">Un preocupante diagn\u00f3stico sobre el sector construcci\u00f3n y el dr\u00e1stico impacto que tendr\u00e1 el Proyecto de Ley de Presupuesto 2026 en la inversi\u00f3n regional, present\u00f3 la C\u00e1mara Chilena de la Construcci\u00f3n (CChC) Coyhaique ante la Comisi\u00f3n de Infraestructura del Gobierno Regional (GORE) de Ays\u00e9n.<\/p>\n<p style=\"text-align: justify;\">En la presentaci\u00f3n, liderada por el presidente de la CChC Coyhaique, Pablo Carrasco, se evidenci\u00f3 la delicada situaci\u00f3n que vive el sector, que ha visto disminuir su participaci\u00f3n en el PIB regional de un 7,3% en 2016 a solo un 4,8% en 2024.<\/p>\n<p style=\"text-align: justify;\">La principal alerta se centr\u00f3 en la contracci\u00f3n de la inversi\u00f3n p\u00fablica contemplada para 2026. Seg\u00fan el an\u00e1lisis del gremio, el presupuesto del MOP para Ays\u00e9n considera solo un 3,7% de fondos para proyectos nuevos, con un 96,3% destinado a iniciativas de \u00abarrastre\u00bb.<\/p>\n<p style=\"text-align: justify;\">Igual de preocupante es la situaci\u00f3n del Minvu, porque el presupuesto Serviu, particularmente en los subt\u00edtulos 31 y 33, experimentar\u00e1 una variaci\u00f3n -24,9% respecto a 2025, siendo la segunda mayor ca\u00edda a nivel nacional, solo superada por Magallanes.<\/p>\n<p style=\"text-align: justify;\">\u201cNos complica sobre todo el tema de los subsidios t\u00e9rmicos, queremos trabajar con el Gobierno Regional en ver c\u00f3mo podemos solucionar este tema, porque impacta en la econom\u00eda y el empleo local, pero tambi\u00e9n en la ciudad y a la regi\u00f3n\u201d, explic\u00f3 el presidente de la CChC Coyhaique, agregando que \u201ccon el Ministerio de Obras P\u00fablicas, si bien el presupuesto que hay es grande, es mucho arrastre y eso significa que el pr\u00f3ximo a\u00f1o habr\u00e1 poca obra nueva. Estamos concentrados en c\u00f3mo generamos obras nuevas que den empleo local\u201d, puntualiz\u00f3.<\/p>\n<p style=\"text-align: justify;\"><strong>Propuesta de reactivaci\u00f3n <\/strong><\/p>\n<p style=\"text-align: justify;\">Ante este escenario, la CChC propuso al consejo regional acelerar la generaci\u00f3n de convenios de programaci\u00f3n que utilicen fondos FNDR para reactivar la econom\u00eda local y dar continuidad a la inversi\u00f3n.<\/p>\n<p style=\"text-align: justify;\">En este sentido, la idea ser\u00eda complementar con dineros del Gobierno Regional los programas de acondicionamiento t\u00e9rmico, suplementar proyectos de vivienda nueva para cubrir obras de habilitaci\u00f3n y urbanizaci\u00f3n, y financiar la recuperaci\u00f3n de espacios p\u00fablicos.<\/p>\n<p style=\"text-align: justify;\"><strong>En <\/strong>cuanto al MOP, se propuso financiar proyectos de conservaci\u00f3n de caminos secundarios. Pues, seg\u00fan el gremio, la envergadura de estos proyectos permitir\u00eda reactivar de forma directa las pymes del sector.<\/p>\n<p style=\"text-align: justify;\">\u201cLlegamos con varias propuestas, para ver c\u00f3mo podemos mejorar la industria en general, en materias de vivienda, urbanismo y tambi\u00e9n de Obras P\u00fablicas, que pueden ser de ayuda para mejorar la industria, a generar empleo local el pr\u00f3ximo a\u00f1o y hacer una acci\u00f3n contra c\u00edclica para la rebaja de presupuestos que tenemos de nivel nacional\u201d, finaliz\u00f3 el dirigente gremial.<\/p>\n<p style=\"text-align: justify;\">El gremio hizo un llamado a la colaboraci\u00f3n p\u00fablico-privada y a la acci\u00f3n decidida del Gobierno Regional para utilizar su capacidad de inversi\u00f3n y mitigar los efectos de un presupuesto sectorial que se vislumbra insuficiente para las necesidades de Ays\u00e9n.<\/p>\n<\/div><\/section><\/div><div  style='height:50px' class='hr hr-invisible  '><span class='hr-inner ' ><span class='hr-inner-style'><\/span><\/span><\/div><\/p>\n<div  class='av-social-sharing-box  '><div class='av-share-box'><h5 class='av-share-link-description av-no-toc '>Compartir esta noticia<\/h5><ul class='av-share-box-list noLightbox'><li class='av-share-link av-social-link-facebook' ><a target=\"_blank\" aria-label=\"Compartir en Facebook\" href='https:\/\/www.facebook.com\/sharer.php?u=https:\/\/radiorevelacionfm.cl\/?p=61323&#038;t=CChC%20Coyhaique%20plantea%20al%20Consejo%20Regional%20preocupaci%C3%B3n%20por%20presupuesto%20MOP%20y%20Minvu%20para%202026' aria-hidden='false' data-av_icon='\ue8f3' data-av_iconfont='entypo-fontello' title='' data-avia-related-tooltip='Compartir en Facebook' rel=\"noopener\"><span class='avia_hidden_link_text'>Compartir en Facebook<\/span><\/a><\/li><li class='av-share-link av-social-link-twitter' ><a target=\"_blank\" aria-label=\"Compartir en Twitter\" href='https:\/\/twitter.com\/share?text=CChC%20Coyhaique%20plantea%20al%20Consejo%20Regional%20preocupaci%C3%B3n%20por%20presupuesto%20MOP%20y%20Minvu%20para%202026&#038;url=https:\/\/radiorevelacionfm.cl\/?p=61323' aria-hidden='false' data-av_icon='\ue8f1' data-av_iconfont='entypo-fontello' title='' data-avia-related-tooltip='Compartir en Twitter' rel=\"noopener\"><span class='avia_hidden_link_text'>Compartir en Twitter<\/span><\/a><\/li><li class='av-share-link av-social-link-whatsapp' ><a target=\"_blank\" aria-label=\"Compartir en Whatsapp\" href='https:\/\/api.whatsapp.com\/send?text=https:\/\/radiorevelacionfm.cl\/?p=61323' aria-hidden='false' data-av_icon='\uf232' data-av_iconfont='entypo-fontello' title='' data-avia-related-tooltip='Compartir en Whatsapp' rel=\"noopener\"><span class='avia_hidden_link_text'>Compartir en Whatsapp<\/span><\/a><\/li><li class='av-share-link av-social-link-linkedin' ><a target=\"_blank\" aria-label=\"Compartir en LinkedIn\" href='https:\/\/linkedin.com\/shareArticle?mini=true&#038;title=CChC%20Coyhaique%20plantea%20al%20Consejo%20Regional%20preocupaci%C3%B3n%20por%20presupuesto%20MOP%20y%20Minvu%20para%202026&#038;url=https:\/\/radiorevelacionfm.cl\/?p=61323' aria-hidden='false' data-av_icon='\ue8fc' data-av_iconfont='entypo-fontello' title='' data-avia-related-tooltip='Compartir en LinkedIn' rel=\"noopener\"><span class='avia_hidden_link_text'>Compartir en LinkedIn<\/span><\/a><\/li><li class='av-share-link av-social-link-mail' ><a  aria-label=\"Compartir por correo\" href='mailto:?subject=CChC%20Coyhaique%20plantea%20al%20Consejo%20Regional%20preocupaci%C3%B3n%20por%20presupuesto%20MOP%20y%20Minvu%20para%202026&#038;body=https:\/\/radiorevelacionfm.cl\/?p=61323' aria-hidden='false' data-av_icon='\ue805' data-av_iconfont='entypo-fontello' title='' data-avia-related-tooltip='Compartir por correo'><span class='avia_hidden_link_text'>Compartir por correo<\/span><\/a><\/li><\/ul><\/div><\/div>\n<div  style='height:50px' class='hr hr-invisible  '><span class='hr-inner ' ><span class='hr-inner-style'><\/span><\/span><\/div>\n<div  class='av-buildercomment  av-blog-meta-html-info-disabled av-blog-meta-tag-disabled  '><\/div>\n","protected":false},"excerpt":{"rendered":"<p>&nbsp;<\/p>\n","protected":false},"author":1,"featured_media":61324,"comment_status":"closed","ping_status":"closed","sticky":false,"template":"","format":"standard","meta":{"footnotes":""},"categories":[66],"tags":[],"class_list":["post-61323","post","type-post","status-publish","format-standard","has-post-thumbnail","hentry","category-obras-publicas"],"jetpack_featured_media_url":"https:\/\/radiorevelacionfm.cl\/wp-content\/uploads\/2025\/11\/1-2025-11-12T153819.386-1-1.jpg","_links":{"self":[{"href":"https:\/\/radiorevelacionfm.cl\/index.php?rest_route=\/wp\/v2\/posts\/61323","targetHints":{"allow":["GET"]}}],"collection":[{"href":"https:\/\/radiorevelacionfm.cl\/index.php?rest_route=\/wp\/v2\/posts"}],"about":[{"href":"https:\/\/radiorevelacionfm.cl\/index.php?rest_route=\/wp\/v2\/types\/post"}],"author":[{"embeddable":true,"href":"https:\/\/radiorevelacionfm.cl\/index.php?rest_route=\/wp\/v2\/users\/1"}],"replies":[{"embeddable":true,"href":"https:\/\/radiorevelacionfm.cl\/index.php?rest_route=%2Fwp%2Fv2%2Fcomments&post=61323"}],"version-history":[{"count":3,"href":"https:\/\/radiorevelacionfm.cl\/index.php?rest_route=\/wp\/v2\/posts\/61323\/revisions"}],"predecessor-version":[{"id":61328,"href":"https:\/\/radiorevelacionfm.cl\/index.php?rest_route=\/wp\/v2\/posts\/61323\/revisions\/61328"}],"wp:featuredmedia":[{"embeddable":true,"href":"https:\/\/radiorevelacionfm.cl\/index.php?rest_route=\/wp\/v2\/media\/61324"}],"wp:attachment":[{"href":"https:\/\/radiorevelacionfm.cl\/index.php?rest_route=%2Fwp%2Fv2%2Fmedia&parent=61323"}],"wp:term":[{"taxonomy":"category","embeddable":true,"href":"https:\/\/radiorevelacionfm.cl\/index.php?rest_route=%2Fwp%2Fv2%2Fcategories&post=61323"},{"taxonomy":"post_tag","embeddable":true,"href":"https:\/\/radiorevelacionfm.cl\/index.php?rest_route=%2Fwp%2Fv2%2Ftags&post=61323"}],"curies":[{"name":"wp","href":"https:\/\/api.w.org\/{rel}","templated":true}]}}