{"id":6132,"date":"2021-07-09T21:19:54","date_gmt":"2021-07-10T00:19:54","guid":{"rendered":"https:\/\/radiorevelacionfm.cl\/?p=6132"},"modified":"2021-07-09T21:19:54","modified_gmt":"2021-07-10T00:19:54","slug":"encuentran-persona-fallecida-al-interior-de-un-camion-en-ruta-7-sur-cerca-de-laguna-cofre","status":"publish","type":"post","link":"https:\/\/radiorevelacionfm.cl\/?p=6132","title":{"rendered":"Encuentran persona fallecida al interior de un cami\u00f3n en ruta 7 Sur cerca de Laguna Cofr\u00e9"},"content":{"rendered":"<div class=\"flex_column av_one_full  flex_column_div av-zero-column-padding first  avia-builder-el-0  el_before_av_one_full  avia-builder-el-first  \" style='border-radius:0px; '><div  class='avia-image-container  av-styling-    avia-builder-el-1  avia-builder-el-no-sibling  avia-align-center '  itemprop=\"image\" itemscope=\"itemscope\" itemtype=\"https:\/\/schema.org\/ImageObject\"  ><div class='avia-image-container-inner'><div class='avia-image-overlay-wrap'><img decoding=\"async\" class='wp-image-6133 avia-img-lazy-loading-not-6133 avia_image' src=\"https:\/\/radiorevelacionfm.cl\/wp-content\/uploads\/2021\/07\/000c-1-1.jpg\" alt='' title='000c (1) (1)' height=\"600\" width=\"1067\"  itemprop=\"thumbnailUrl\" srcset=\"https:\/\/radiorevelacionfm.cl\/wp-content\/uploads\/2021\/07\/000c-1-1.jpg 1067w, https:\/\/radiorevelacionfm.cl\/wp-content\/uploads\/2021\/07\/000c-1-1-300x169.jpg 300w, https:\/\/radiorevelacionfm.cl\/wp-content\/uploads\/2021\/07\/000c-1-1-1030x579.jpg 1030w, https:\/\/radiorevelacionfm.cl\/wp-content\/uploads\/2021\/07\/000c-1-1-768x432.jpg 768w, https:\/\/radiorevelacionfm.cl\/wp-content\/uploads\/2021\/07\/000c-1-1-705x396.jpg 705w, https:\/\/radiorevelacionfm.cl\/wp-content\/uploads\/2021\/07\/000c-1-1-600x337.jpg 600w\" sizes=\"(max-width: 1067px) 100vw, 1067px\" \/><\/div><\/div><\/div><\/div><div class=\"flex_column av_one_full  flex_column_div av-zero-column-padding first  avia-builder-el-2  el_after_av_one_full  el_before_av_one_full  column-top-margin\" style='border-radius:0px; '><section class=\"av_textblock_section \"  itemscope=\"itemscope\" itemtype=\"https:\/\/schema.org\/BlogPosting\" itemprop=\"blogPost\" ><div class='avia_textblock  '   itemprop=\"text\" ><p style=\"text-align: center;\"><strong><span style=\"font-size: 18pt;\">Encuentran persona fallecida al interior de un cami\u00f3n en ruta 7 Sur cerca de Laguna Cofr\u00e9<\/span><\/strong><\/p>\n<div id=\"gtx-trans\" style=\"position: absolute; left: -50px; top: 4.31534px;\">\n<div class=\"gtx-trans-icon\"><\/div>\n<\/div>\n<\/div><\/section><\/div><div class=\"flex_column av_one_full  flex_column_div av-zero-column-padding first  avia-builder-el-4  el_after_av_one_full  el_before_av_hr  column-top-margin\" style='border-radius:0px; '><section class=\"av_textblock_section \"  itemscope=\"itemscope\" itemtype=\"https:\/\/schema.org\/BlogPosting\" itemprop=\"blogPost\" ><div class='avia_textblock  '   itemprop=\"text\" ><div class=\"\" data-block=\"true\" data-editor=\"4n66q\" data-offset-key=\"98g1t-0-0\">\n<div class=\"_1mf _1mj\" style=\"text-align: justify;\" data-offset-key=\"98g1t-0-0\">\n<p>Un llamado recibido en el nivel 133 dio aviso a Carabineros de un accidente en la ruta, seg\u00fan informaci\u00f3n del Teniente Carlos V\u00e1squez, en el comunicado manifestaron que en el sector de Laguna Cofr\u00e9, ruta 7 Sur km 759 aproximadamente, habr\u00eda ocurrido un accidente en el tr\u00e1nsito con la participaci\u00f3n de un cami\u00f3n y producto de ello hab\u00eda una persona fallecida.<\/p>\n<p>Hasta el lugar concurri\u00f3 personal del ret\u00e9n R\u00edo Tranquilo y de la Tenencia de Puerto Ingeniero Ib\u00e1\u00f1ez, de igual modo se activo el ABC, una vez en el lugar se corrobor\u00f3 la informaci\u00f3n y se trataba de la participaci\u00f3n de un tractocami\u00f3n en cuyo interior hab\u00eda una persona fallecida, de sexo masculino de aproximadamente unos 60 a\u00f1os de edad.<\/p>\n<p>V\u00e1squez se\u00f1al\u00f3, se tom\u00f3 contacto con el fiscal de turno, quien dispuso la concurrencia de peritos de Labocar, al realizar preliminarmente un examen no habr\u00eda intervenci\u00f3n de terceros y la causa ser\u00eda por causas naturales, de igual modo se descart\u00f3 el accidente en el tr\u00e1nsito, este veh\u00edculo circulaba en direcci\u00f3n sur-norte y transportaba dos veh\u00edculos en su rampla.<\/p>\n<p>La data de muerte se calcula, desde que lleg\u00f3 personal de Carabineros al lugar, unas dos horas atr\u00e1s, el cami\u00f3n se manten\u00eda en el sitio del suceso a un costado del camino, en tanto, la ruta 7 se manten\u00eda habilitada en una pista.<\/p>\n<\/div>\n<\/div>\n<div class=\"\" data-block=\"true\" data-editor=\"4n66q\" data-offset-key=\"31b3f-0-0\"><\/div>\n<\/div><\/section><\/div><div  style='height:50px' class='hr hr-invisible   avia-builder-el-6  el_after_av_one_full  el_before_av_social_share '><span class='hr-inner ' ><span class='hr-inner-style'><\/span><\/span><\/div><\/p>\n<div  class='av-social-sharing-box  avia-builder-el-7  el_after_av_hr  el_before_av_hr  '><div class='av-share-box'><h5 class='av-share-link-description av-no-toc '>Compartir esta noticia<\/h5><ul class='av-share-box-list noLightbox'><li class='av-share-link av-social-link-facebook' ><a target=\"_blank\" aria-label=\"Compartir en Facebook\" href='https:\/\/www.facebook.com\/sharer.php?u=https:\/\/radiorevelacionfm.cl\/?p=6132&#038;t=Encuentran%20persona%20fallecida%20al%20interior%20de%20un%20cami%C3%B3n%20en%20ruta%207%20Sur%20cerca%20de%20Laguna%20Cofr%C3%A9' aria-hidden='false' data-av_icon='\ue8f3' data-av_iconfont='entypo-fontello' title='' data-avia-related-tooltip='Compartir en Facebook' rel=\"noopener\"><span class='avia_hidden_link_text'>Compartir en Facebook<\/span><\/a><\/li><li class='av-share-link av-social-link-twitter' ><a target=\"_blank\" aria-label=\"Compartir en Twitter\" href='https:\/\/twitter.com\/share?text=Encuentran%20persona%20fallecida%20al%20interior%20de%20un%20cami%C3%B3n%20en%20ruta%207%20Sur%20cerca%20de%20Laguna%20Cofr%C3%A9&#038;url=https:\/\/radiorevelacionfm.cl\/?p=6132' aria-hidden='false' data-av_icon='\ue8f1' data-av_iconfont='entypo-fontello' title='' data-avia-related-tooltip='Compartir en Twitter' rel=\"noopener\"><span class='avia_hidden_link_text'>Compartir en Twitter<\/span><\/a><\/li><li class='av-share-link av-social-link-whatsapp' ><a target=\"_blank\" aria-label=\"Compartir en Whatsapp\" href='https:\/\/api.whatsapp.com\/send?text=https:\/\/radiorevelacionfm.cl\/?p=6132' aria-hidden='false' data-av_icon='\uf232' data-av_iconfont='entypo-fontello' title='' data-avia-related-tooltip='Compartir en Whatsapp' rel=\"noopener\"><span class='avia_hidden_link_text'>Compartir en Whatsapp<\/span><\/a><\/li><li class='av-share-link av-social-link-linkedin' ><a target=\"_blank\" aria-label=\"Compartir en LinkedIn\" href='https:\/\/linkedin.com\/shareArticle?mini=true&#038;title=Encuentran%20persona%20fallecida%20al%20interior%20de%20un%20cami%C3%B3n%20en%20ruta%207%20Sur%20cerca%20de%20Laguna%20Cofr%C3%A9&#038;url=https:\/\/radiorevelacionfm.cl\/?p=6132' aria-hidden='false' data-av_icon='\ue8fc' data-av_iconfont='entypo-fontello' title='' data-avia-related-tooltip='Compartir en LinkedIn' rel=\"noopener\"><span class='avia_hidden_link_text'>Compartir en LinkedIn<\/span><\/a><\/li><li class='av-share-link av-social-link-mail' ><a  aria-label=\"Compartir por correo\" href='mailto:?subject=Encuentran%20persona%20fallecida%20al%20interior%20de%20un%20cami%C3%B3n%20en%20ruta%207%20Sur%20cerca%20de%20Laguna%20Cofr%C3%A9&#038;body=https:\/\/radiorevelacionfm.cl\/?p=6132' aria-hidden='false' data-av_icon='\ue805' data-av_iconfont='entypo-fontello' title='' data-avia-related-tooltip='Compartir por correo'><span class='avia_hidden_link_text'>Compartir por correo<\/span><\/a><\/li><\/ul><\/div><\/div>\n<div  style='height:50px' class='hr hr-invisible   avia-builder-el-8  el_after_av_social_share  el_before_av_comments_list '><span class='hr-inner ' ><span class='hr-inner-style'><\/span><\/span><\/div>\n<div  class='av-buildercomment  av-blog-meta-html-info-disabled av-blog-meta-tag-disabled  '><\/div>\n","protected":false},"excerpt":{"rendered":"","protected":false},"author":1,"featured_media":6133,"comment_status":"open","ping_status":"open","sticky":false,"template":"","format":"standard","meta":{"footnotes":""},"categories":[36],"tags":[],"class_list":["post-6132","post","type-post","status-publish","format-standard","has-post-thumbnail","hentry","category-policial"],"jetpack_featured_media_url":"https:\/\/radiorevelacionfm.cl\/wp-content\/uploads\/2021\/07\/000c-1-1.jpg","_links":{"self":[{"href":"https:\/\/radiorevelacionfm.cl\/index.php?rest_route=\/wp\/v2\/posts\/6132","targetHints":{"allow":["GET"]}}],"collection":[{"href":"https:\/\/radiorevelacionfm.cl\/index.php?rest_route=\/wp\/v2\/posts"}],"about":[{"href":"https:\/\/radiorevelacionfm.cl\/index.php?rest_route=\/wp\/v2\/types\/post"}],"author":[{"embeddable":true,"href":"https:\/\/radiorevelacionfm.cl\/index.php?rest_route=\/wp\/v2\/users\/1"}],"replies":[{"embeddable":true,"href":"https:\/\/radiorevelacionfm.cl\/index.php?rest_route=%2Fwp%2Fv2%2Fcomments&post=6132"}],"version-history":[{"count":1,"href":"https:\/\/radiorevelacionfm.cl\/index.php?rest_route=\/wp\/v2\/posts\/6132\/revisions"}],"predecessor-version":[{"id":6134,"href":"https:\/\/radiorevelacionfm.cl\/index.php?rest_route=\/wp\/v2\/posts\/6132\/revisions\/6134"}],"wp:featuredmedia":[{"embeddable":true,"href":"https:\/\/radiorevelacionfm.cl\/index.php?rest_route=\/wp\/v2\/media\/6133"}],"wp:attachment":[{"href":"https:\/\/radiorevelacionfm.cl\/index.php?rest_route=%2Fwp%2Fv2%2Fmedia&parent=6132"}],"wp:term":[{"taxonomy":"category","embeddable":true,"href":"https:\/\/radiorevelacionfm.cl\/index.php?rest_route=%2Fwp%2Fv2%2Fcategories&post=6132"},{"taxonomy":"post_tag","embeddable":true,"href":"https:\/\/radiorevelacionfm.cl\/index.php?rest_route=%2Fwp%2Fv2%2Ftags&post=6132"}],"curies":[{"name":"wp","href":"https:\/\/api.w.org\/{rel}","templated":true}]}}