{"id":61319,"date":"2025-11-12T15:25:30","date_gmt":"2025-11-12T18:25:30","guid":{"rendered":"https:\/\/radiorevelacionfm.cl\/?p=61319"},"modified":"2025-11-12T15:25:30","modified_gmt":"2025-11-12T18:25:30","slug":"gracias-a-municipio-de-tortel-ninos-ninas-y-adolescentes-protagonizan-feria-de-los-derechos-en-nuevo-parque-costumbrista","status":"publish","type":"post","link":"https:\/\/radiorevelacionfm.cl\/?p=61319","title":{"rendered":"Gracias a Municipio de Tortel: Ni\u00f1os, ni\u00f1as y adolescentes protagonizan Feria de los Derechos en nuevo Parque Costumbrista"},"content":{"rendered":"<div class=\"flex_column av_one_full  flex_column_div av-zero-column-padding first  avia-builder-el-0  el_before_av_one_full  avia-builder-el-first  \" style='border-radius:0px; '><div  class='avia-image-container  av-styling-    avia-builder-el-1  avia-builder-el-no-sibling  avia-align-center '  itemprop=\"image\" itemscope=\"itemscope\" itemtype=\"https:\/\/schema.org\/ImageObject\"  ><div class='avia-image-container-inner'><div class='avia-image-overlay-wrap'><img decoding=\"async\" class='wp-image-61320 avia-img-lazy-loading-not-61320 avia_image' src=\"https:\/\/radiorevelacionfm.cl\/wp-content\/uploads\/2025\/11\/feria-tortel-10-1_optimized.jpeg\" alt='' title='feria-tortel-10-(1)_optimized' height=\"600\" width=\"800\"  itemprop=\"thumbnailUrl\" srcset=\"https:\/\/radiorevelacionfm.cl\/wp-content\/uploads\/2025\/11\/feria-tortel-10-1_optimized.jpeg 800w, https:\/\/radiorevelacionfm.cl\/wp-content\/uploads\/2025\/11\/feria-tortel-10-1_optimized-300x225.jpeg 300w, https:\/\/radiorevelacionfm.cl\/wp-content\/uploads\/2025\/11\/feria-tortel-10-1_optimized-768x576.jpeg 768w, https:\/\/radiorevelacionfm.cl\/wp-content\/uploads\/2025\/11\/feria-tortel-10-1_optimized-705x529.jpeg 705w, https:\/\/radiorevelacionfm.cl\/wp-content\/uploads\/2025\/11\/feria-tortel-10-1_optimized-450x338.jpeg 450w, https:\/\/radiorevelacionfm.cl\/wp-content\/uploads\/2025\/11\/feria-tortel-10-1_optimized-600x450.jpeg 600w\" sizes=\"(max-width: 800px) 100vw, 800px\" \/><\/div><\/div><\/div><\/div><div class=\"flex_column av_one_full  flex_column_div av-zero-column-padding first  avia-builder-el-2  el_after_av_one_full  el_before_av_one_full  column-top-margin\" style='border-radius:0px; '><section class=\"av_textblock_section \"  itemscope=\"itemscope\" itemtype=\"https:\/\/schema.org\/BlogPosting\" itemprop=\"blogPost\" ><div class='avia_textblock  '   itemprop=\"text\" ><p style=\"text-align: center;\"><strong><span style=\"font-size: 18pt;\">Gracias a Municipio de Tortel:\u00a0Ni\u00f1os, ni\u00f1as y adolescentes protagonizan Feria de los Derechos en nuevo Parque Costumbrista<\/span><\/strong><\/p>\n<div id=\"gtx-trans\" style=\"position: absolute; left: -50px; top: 4.31534px;\">\n<div class=\"gtx-trans-icon\"><\/div>\n<\/div>\n<\/div><\/section><\/div><div class=\"flex_column av_one_full  flex_column_div av-zero-column-padding first  avia-builder-el-4  el_after_av_one_full  el_before_av_hr  column-top-margin\" style='border-radius:0px; '><section class=\"av_textblock_section \"  itemscope=\"itemscope\" itemtype=\"https:\/\/schema.org\/BlogPosting\" itemprop=\"blogPost\" ><div class='avia_textblock  '   itemprop=\"text\" ><p style=\"text-align: justify;\"><em>La iniciativa fue coordinada por la Mesa de Articulaci\u00f3n Interinstitucional Comunal (MAIC) compuesta por Oficina Local de la Ni\u00f1ez, unidades de medio ambiente, discapacidad, deporte y salud, Cultura, comunitaria, Programa Red Local de Apoyos y Cuidados, Carabineros de Chile, Posta de salud Tortel, Escuela Comandante Luis Bravo, Tortel sin Barreras, Biblioteca P\u00fablica.<\/em><\/p>\n<p style=\"text-align: justify;\">Con destacada participaci\u00f3n de la comunidad la OLN local organiz\u00f3 y llevo a cabo la segunda versi\u00f3n de la Feria de Promoci\u00f3n de Derechos de ni\u00f1os, ni\u00f1as y adolescentes \u201cTejiendo Futuro\u201d, en esta instancia tuvo un rol fundamental la Ilustre Municipalidad de Tortel, liderada por la alcaldesa Marisela Jim\u00e9nez Cruces.<\/p>\n<p style=\"text-align: justify;\">La voluntad y disposici\u00f3n de la m\u00e1xima autoridad comunal permiti\u00f3 que los ni\u00f1os y ni\u00f1as del territorio sean los encargados de inaugurar el nuevo parque costumbrista de Tortel, un amplio, c\u00f3modo y bello espacio, que permite el desarrollo de diversas instancias como la feria de los derechos.<\/p>\n<p style=\"text-align: justify;\">\u201cEsta es la segunda edici\u00f3n de la feria de promoci\u00f3n de derechos, la cual fue una instancia muy grata para las familias, los ni\u00f1os, ni\u00f1as y adolescentes de la comuna. La que estaba compuesta por distintos stands, de Carabineros, Salud, Educaci\u00f3n, unidad de Medio Ambiente, unidad de discapacidad y el objetivo de la feria era poder concientizar a los ni\u00f1os, ni\u00f1as y adolescentes, tambi\u00e9n a las familias respecto a la importancia que tienen sus derechos en la comuna. Logramos promocionar distintos derechos que son vinculados a la defensor\u00eda de la ni\u00f1ez, el derecho a la educaci\u00f3n, el derecho a vivir en familia, el derecho a vivir en un ambiente sano. Tambi\u00e9n es importante mencionar el rol que cumpli\u00f3 en este caso la Ilustre Municipalidad de Tortel, que fue muy importante, ya que siempre han prestado los espacios para los ni\u00f1os. Es significativo mencionar que en esta instancia inauguramos el parque costumbrista que fue terminado reci\u00e9n hace una semana. En este caso, por parte de la municipalidad se eligi\u00f3 que los ni\u00f1os sean quienes inauguren este nuevo espacio\u201d, se\u00f1al\u00f3 el coordinador de la oficina local de la ni\u00f1ez en Tortel, Felipe Alvarado.<\/p>\n<p style=\"text-align: justify;\">En representaci\u00f3n de la alcaldesa, fue el Secretario Municipal de Tortel, Rodrigo Maldonado, quien puso en valor la iniciativa dirigida a los ni\u00f1os, ni\u00f1as y adolescentes de la comuna.<\/p>\n<p style=\"text-align: justify;\">\u201cLo m\u00e1s importante ac\u00e1 es cuidar los derechos de nuestros ni\u00f1os y ni\u00f1as adolescentes y poder promover actividades como esta feria que es de suma importancia, porque eso nos permite reunirnos en un lugar com\u00fan como este hermoso parque costumbrista y poder interiorizarnos en los distintos stands en qu\u00e9 consisten los derechos de los ni\u00f1os y de una forma l\u00fadica y educativa. Me parece que es lo ideal y es el objetivo principal de esta feria pienso yo y tambi\u00e9n de la OLN que su foco est\u00e9 netamente en los ni\u00f1os, ni\u00f1as y adolescentes presente y que eso se pueda seguir preparando en el tiempo y que los peque\u00f1os, las peque\u00f1as y los j\u00f3venes sientan que estos espacios son de ellos tambi\u00e9n\u201d.<\/p>\n<p style=\"text-align: justify;\">Carabineros del Reten de Tortel fue una de las entidades que se sum\u00f3 la feria \u201cTejiendo Futuro\u201d, liderados por el Suboficial Luis Araya, quien destac\u00f3 la iniciativa de la OLN, reafirmando su compromiso en ser garantes de los derechos de los ni\u00f1os, ni\u00f1as y adolescentes de la comuna. \u201cNuestro stand representa a la Instituci\u00f3n Carabineros de Chile, quien somos garantes de los derechos de los ni\u00f1os ac\u00e1 en esta localidad, correspondi\u00e9ndonos apoyar en todas las funciones y a la familia respecto a los derechos de cada uno de los ni\u00f1os y adolescentes de la comuna. Excelente la jornada, primera vez que Carabineros ac\u00e1 en la comuna participa en una actividad como esta que es sumamente importante, por cuanto como comuna estamos resguardando los derechos de los ni\u00f1os, ni\u00f1as y adolescentes. As\u00ed que esta feria es primordial, es un \u00e9xito y ojal\u00e1 que se vuelva a repetir\u201d.<\/p>\n<p style=\"text-align: justify;\">Desde la posta local tambi\u00e9n se hicieron presentes en la jornada por los derechos de los ni\u00f1os, ni\u00f1as y adolescentes. Nicol\u00e1s Garc\u00e9s, m\u00e9dico del recinto asistencial, se mostr\u00f3 feliz de haber sido convocados a esta importante actividad, ya que, esto les permite mantener el v\u00ednculo que ya existe con este rango etario, principalmente en temas de prevenci\u00f3n.<\/p>\n<p style=\"text-align: justify;\">\u201cCon los ni\u00f1os de la comuna, bueno, la instituci\u00f3n de la posta tiene mucho trabajo de promoci\u00f3n de salud a trav\u00e9s tanto los profesionales m\u00e9dicos, enfermeras, psic\u00f3loga, nutricionista, matrona, hacemos diferentes intervenciones en escuela y tambi\u00e9n algunos talleres para ense\u00f1arles sobre la promoci\u00f3n y prevenci\u00f3n de la salud, que es lo m\u00e1s importante, llegar antes de la enfermedad. Respecto a la feria, genial, en verdad una s\u00faper buena instancia de participaci\u00f3n comunitaria y en verdad involucrar a tantas organizaciones en una sola actividad es lo que hay que hacer y se agradece la invitaci\u00f3n, ya que est\u00e1 todo funcionando s\u00faper bien. As\u00ed es que, todo nuestro apoyo para seguir participando y realizando actividades como estas\u201d.<\/p>\n<p style=\"text-align: justify;\">De igual forma, Laura Parra de la unidad de medio ambiente del Municipio de Tortel, validaba la iniciativa y coment\u00f3 que, \u201cquisimos venir con un stand enfocado en el derecho de vivir en un medio ambiente libre de contaminaci\u00f3n y presentando en el stand un juego que era una trivia con preguntas sobre flora, fauna, residuos, cultura local, as\u00ed como recursos h\u00eddricos, que son elementos importantes ac\u00e1 para conocer en la comuna tanto para ni\u00f1os, ni\u00f1as y adolescentes como para sus cuidadores, padres y madres\u201d.<\/p>\n<p style=\"text-align: justify;\">Antonella Franco, est\u00e1 a cargo de la unidad de deportes en la Municipalidad de Tortel y quiso destacar que, \u201cLa idea es poder siempre mantener esa vinculaci\u00f3n de los ni\u00f1os junto a sus derechos y a las personas responsables de hacer cumplir sus derechos como debe ser. As\u00ed que estamos muy contentos de poder hacer actividades sencillas como saltar en la cuerda, actividades grupales, con adultos, con ni\u00f1os y tambi\u00e9n en circuito. Adem\u00e1s, decir que, la feria ha sido en primer lugar algo bastante interesante porque as\u00ed lo estamos haciendo tambi\u00e9n en un lugar que es bastante cultural en la comuna, en donde se celebran mayoritariamente actividades y me parece genial que podamos involucrar a los ni\u00f1os en este tipo de espacios y poder promover sus derechos tambi\u00e9n\u201d.<\/p>\n<p style=\"text-align: justify;\">Jennifer Ruiz, encargada de la unidad comunitaria del municipio local, resalt\u00f3 el trabajo que las \u00e1reas de cultura, biblioteca y la que ella dirige han realizado en apoyo a la feria de los derechos. \u201cEstamos participando de la feria de la promoci\u00f3n de los derechos de los ni\u00f1os y ni\u00f1as y adolescentes con el stand que titulamos jugamos, participamos y cuidamos nuestra historia, que contempla las unidades comunitarias, cultural y a la biblioteca. Nosotros estamos promocionando hoy d\u00eda el derecho al disfrute de los espacios de la cultura, el derecho a la participaci\u00f3n y el derecho a expresarse libremente\u201d.<\/p>\n<p style=\"text-align: justify;\">Los protagonistas de la jornada, fueron los m\u00e1s entusiastas, disfrutaron al m\u00e1xima cada una de las actividades que se prepararon para ellos y ellas. Los stands recibieron la visita y las preguntas de ni\u00f1os, ni\u00f1as y adolescentes, quienes opinaron sobre esta segunda feria de sus derechos.<\/p>\n<p style=\"text-align: justify;\">\u201cMe pareci\u00f3 que estuvo bien entretenida y bac\u00e1n. Me gust\u00f3 la actividad de los kayaks. Aprend\u00ed el derecho a tener un ambiente no contaminado\u201d, se\u00f1al\u00f3 M\u00e1ximo. En tanto, Valentina, demostr\u00f3 con claridad cu\u00e1les son algunos de sus derechos, mencion\u00e1ndolos \u201cderecho a la salud, a tener una nacionalidad, a la alimentaci\u00f3n, al cuidado\u201d.<\/p>\n<p style=\"text-align: justify;\">Para Gabriela la feria \u201cTejiendo Futuro\u201d, \u201cha sido divertida y ha sido bueno participar porque para m\u00ed parece divertido que participen muchos ni\u00f1os\u201d. Por su parte, el peque\u00f1o y entusiasta Lucas, dijo que, \u201cme gusta la actividad, pero me gusta toda la actividad donde yo jugaba. Hay mucho espacio, hay pelotas, pero tambi\u00e9n hay pintura para dibujar, pero me gusta esta actividad, todo el espacio tambi\u00e9n me gusta. Y tambi\u00e9n jugar con otros amigos, para hacer competencias, para correr y conocer mis derechos para que no me pase nada\u201d.<\/p>\n<p style=\"text-align: justify;\">Desde la organizaci\u00f3n agradecieron el permanente apoyo y colaboraci\u00f3n de la Municipalidad de Tortel, a trav\u00e9s de su alcaldesa Marisela Jim\u00e9nez. Como as\u00ed tambi\u00e9n a la Mesa de Articulaci\u00f3n Interinstitucional Comunal (MAIC) compuesta por Oficina Local de la Ni\u00f1ez, unidades del municipio<\/p>\n<p style=\"text-align: justify;\">como Medio Ambiente, Discapacidad, Deporte y Salud, Cultura, Comunitaria, Programa Red Local de Apoyos y Cuidados, Carabineros de Chile, Posta de Salud Tortel, Escuela Comandante Luis Bravo, Tortel sin Barreras y Biblioteca P\u00fablica.<\/p>\n<\/div><\/section><\/div><div  style='height:50px' class='hr hr-invisible   avia-builder-el-6  el_after_av_one_full  el_before_av_social_share '><span class='hr-inner ' ><span class='hr-inner-style'><\/span><\/span><\/div><\/p>\n<div  class='av-social-sharing-box  avia-builder-el-7  el_after_av_hr  el_before_av_hr  '><div class='av-share-box'><h5 class='av-share-link-description av-no-toc '>Compartir esta noticia<\/h5><ul class='av-share-box-list noLightbox'><li class='av-share-link av-social-link-facebook' ><a target=\"_blank\" aria-label=\"Compartir en Facebook\" href='https:\/\/www.facebook.com\/sharer.php?u=https:\/\/radiorevelacionfm.cl\/?p=61319&#038;t=Gracias%20a%20Municipio%20de%20Tortel%3A%20Ni%C3%B1os%2C%20ni%C3%B1as%20y%20adolescentes%20protagonizan%20Feria%20de%20los%20Derechos%20en%20nuevo%20Parque%20Costumbrista' aria-hidden='false' data-av_icon='\ue8f3' data-av_iconfont='entypo-fontello' title='' data-avia-related-tooltip='Compartir en Facebook' rel=\"noopener\"><span class='avia_hidden_link_text'>Compartir en Facebook<\/span><\/a><\/li><li class='av-share-link av-social-link-twitter' ><a target=\"_blank\" aria-label=\"Compartir en Twitter\" href='https:\/\/twitter.com\/share?text=Gracias%20a%20Municipio%20de%20Tortel%3A%20Ni%C3%B1os%2C%20ni%C3%B1as%20y%20adolescentes%20protagonizan%20Feria%20de%20los%20Derechos%20en%20nuevo%20Parque%20Costumbrista&#038;url=https:\/\/radiorevelacionfm.cl\/?p=61319' aria-hidden='false' data-av_icon='\ue8f1' data-av_iconfont='entypo-fontello' title='' data-avia-related-tooltip='Compartir en Twitter' rel=\"noopener\"><span class='avia_hidden_link_text'>Compartir en Twitter<\/span><\/a><\/li><li class='av-share-link av-social-link-whatsapp' ><a target=\"_blank\" aria-label=\"Compartir en Whatsapp\" href='https:\/\/api.whatsapp.com\/send?text=https:\/\/radiorevelacionfm.cl\/?p=61319' aria-hidden='false' data-av_icon='\uf232' data-av_iconfont='entypo-fontello' title='' data-avia-related-tooltip='Compartir en Whatsapp' rel=\"noopener\"><span class='avia_hidden_link_text'>Compartir en Whatsapp<\/span><\/a><\/li><li class='av-share-link av-social-link-linkedin' ><a target=\"_blank\" aria-label=\"Compartir en LinkedIn\" href='https:\/\/linkedin.com\/shareArticle?mini=true&#038;title=Gracias%20a%20Municipio%20de%20Tortel%3A%20Ni%C3%B1os%2C%20ni%C3%B1as%20y%20adolescentes%20protagonizan%20Feria%20de%20los%20Derechos%20en%20nuevo%20Parque%20Costumbrista&#038;url=https:\/\/radiorevelacionfm.cl\/?p=61319' aria-hidden='false' data-av_icon='\ue8fc' data-av_iconfont='entypo-fontello' title='' data-avia-related-tooltip='Compartir en LinkedIn' rel=\"noopener\"><span class='avia_hidden_link_text'>Compartir en LinkedIn<\/span><\/a><\/li><li class='av-share-link av-social-link-mail' ><a  aria-label=\"Compartir por correo\" href='mailto:?subject=Gracias%20a%20Municipio%20de%20Tortel%3A%20Ni%C3%B1os%2C%20ni%C3%B1as%20y%20adolescentes%20protagonizan%20Feria%20de%20los%20Derechos%20en%20nuevo%20Parque%20Costumbrista&#038;body=https:\/\/radiorevelacionfm.cl\/?p=61319' aria-hidden='false' data-av_icon='\ue805' data-av_iconfont='entypo-fontello' title='' data-avia-related-tooltip='Compartir por correo'><span class='avia_hidden_link_text'>Compartir por correo<\/span><\/a><\/li><\/ul><\/div><\/div>\n<div  style='height:50px' class='hr hr-invisible   avia-builder-el-8  el_after_av_social_share  el_before_av_comments_list '><span class='hr-inner ' ><span class='hr-inner-style'><\/span><\/span><\/div>\n<div  class='av-buildercomment  av-blog-meta-html-info-disabled av-blog-meta-tag-disabled  '><\/div>\n","protected":false},"excerpt":{"rendered":"","protected":false},"author":1,"featured_media":61320,"comment_status":"closed","ping_status":"closed","sticky":false,"template":"","format":"standard","meta":{"footnotes":""},"categories":[65],"tags":[],"class_list":["post-61319","post","type-post","status-publish","format-standard","has-post-thumbnail","hentry","category-ninez-y-adolescencia"],"jetpack_featured_media_url":"https:\/\/radiorevelacionfm.cl\/wp-content\/uploads\/2025\/11\/feria-tortel-10-1_optimized.jpeg","_links":{"self":[{"href":"https:\/\/radiorevelacionfm.cl\/index.php?rest_route=\/wp\/v2\/posts\/61319","targetHints":{"allow":["GET"]}}],"collection":[{"href":"https:\/\/radiorevelacionfm.cl\/index.php?rest_route=\/wp\/v2\/posts"}],"about":[{"href":"https:\/\/radiorevelacionfm.cl\/index.php?rest_route=\/wp\/v2\/types\/post"}],"author":[{"embeddable":true,"href":"https:\/\/radiorevelacionfm.cl\/index.php?rest_route=\/wp\/v2\/users\/1"}],"replies":[{"embeddable":true,"href":"https:\/\/radiorevelacionfm.cl\/index.php?rest_route=%2Fwp%2Fv2%2Fcomments&post=61319"}],"version-history":[{"count":2,"href":"https:\/\/radiorevelacionfm.cl\/index.php?rest_route=\/wp\/v2\/posts\/61319\/revisions"}],"predecessor-version":[{"id":61322,"href":"https:\/\/radiorevelacionfm.cl\/index.php?rest_route=\/wp\/v2\/posts\/61319\/revisions\/61322"}],"wp:featuredmedia":[{"embeddable":true,"href":"https:\/\/radiorevelacionfm.cl\/index.php?rest_route=\/wp\/v2\/media\/61320"}],"wp:attachment":[{"href":"https:\/\/radiorevelacionfm.cl\/index.php?rest_route=%2Fwp%2Fv2%2Fmedia&parent=61319"}],"wp:term":[{"taxonomy":"category","embeddable":true,"href":"https:\/\/radiorevelacionfm.cl\/index.php?rest_route=%2Fwp%2Fv2%2Fcategories&post=61319"},{"taxonomy":"post_tag","embeddable":true,"href":"https:\/\/radiorevelacionfm.cl\/index.php?rest_route=%2Fwp%2Fv2%2Ftags&post=61319"}],"curies":[{"name":"wp","href":"https:\/\/api.w.org\/{rel}","templated":true}]}}