{"id":61315,"date":"2025-11-12T13:46:07","date_gmt":"2025-11-12T16:46:07","guid":{"rendered":"https:\/\/radiorevelacionfm.cl\/?p=61315"},"modified":"2025-11-12T13:46:07","modified_gmt":"2025-11-12T16:46:07","slug":"cedula-de-identidad-o-pasaporte-unicos-documentos-validos-para-votar-este-16-de-noviembre","status":"publish","type":"post","link":"https:\/\/radiorevelacionfm.cl\/?p=61315","title":{"rendered":"C\u00e9dula de identidad o pasaporte: \u00fanicos documentos v\u00e1lidos para votar este 16 de noviembre"},"content":{"rendered":"<div class=\"flex_column av_one_full  flex_column_div av-zero-column-padding first  avia-builder-el-0  el_before_av_one_full  avia-builder-el-first  \" style='border-radius:0px; '><div  class='avia-image-container  av-styling-    avia-builder-el-1  avia-builder-el-no-sibling  avia-align-center '  itemprop=\"image\" itemscope=\"itemscope\" itemtype=\"https:\/\/schema.org\/ImageObject\"  ><div class='avia-image-container-inner'><div class='avia-image-overlay-wrap'><img decoding=\"async\" class='wp-image-61316 avia-img-lazy-loading-not-61316 avia_image' src=\"https:\/\/radiorevelacionfm.cl\/wp-content\/uploads\/2025\/11\/foto-2-89-1-1.jpg\" alt='' title='foto 2 (89) (1) (1)' height=\"600\" width=\"600\"  itemprop=\"thumbnailUrl\" srcset=\"https:\/\/radiorevelacionfm.cl\/wp-content\/uploads\/2025\/11\/foto-2-89-1-1.jpg 600w, https:\/\/radiorevelacionfm.cl\/wp-content\/uploads\/2025\/11\/foto-2-89-1-1-300x300.jpg 300w, https:\/\/radiorevelacionfm.cl\/wp-content\/uploads\/2025\/11\/foto-2-89-1-1-80x80.jpg 80w, https:\/\/radiorevelacionfm.cl\/wp-content\/uploads\/2025\/11\/foto-2-89-1-1-36x36.jpg 36w, https:\/\/radiorevelacionfm.cl\/wp-content\/uploads\/2025\/11\/foto-2-89-1-1-180x180.jpg 180w, https:\/\/radiorevelacionfm.cl\/wp-content\/uploads\/2025\/11\/foto-2-89-1-1-120x120.jpg 120w, https:\/\/radiorevelacionfm.cl\/wp-content\/uploads\/2025\/11\/foto-2-89-1-1-450x450.jpg 450w, https:\/\/radiorevelacionfm.cl\/wp-content\/uploads\/2025\/11\/foto-2-89-1-1-100x100.jpg 100w\" sizes=\"(max-width: 600px) 100vw, 600px\" \/><\/div><\/div><\/div><\/div><div class=\"flex_column av_one_full  flex_column_div av-zero-column-padding first  avia-builder-el-2  el_after_av_one_full  el_before_av_one_full  column-top-margin\" style='border-radius:0px; '><section class=\"av_textblock_section \"  itemscope=\"itemscope\" itemtype=\"https:\/\/schema.org\/BlogPosting\" itemprop=\"blogPost\" ><div class='avia_textblock  '   itemprop=\"text\" ><p style=\"text-align: center;\"><span style=\"font-size: 18pt;\"><strong>C\u00e9dula de identidad o pasaporte: \u00fanicos documentos v\u00e1lidos para votar este 16 de noviembre<\/strong><\/span><\/p>\n<div id=\"gtx-trans\" style=\"position: absolute; left: -50px; top: 4.31534px;\">\n<div class=\"gtx-trans-icon\"><\/div>\n<\/div>\n<\/div><\/section><\/div><div class=\"flex_column av_one_full  flex_column_div av-zero-column-padding first  avia-builder-el-4  el_after_av_one_full  el_before_av_hr  column-top-margin\" style='border-radius:0px; '><section class=\"av_textblock_section \"  itemscope=\"itemscope\" itemtype=\"https:\/\/schema.org\/BlogPosting\" itemprop=\"blogPost\" ><div class='avia_textblock  '   itemprop=\"text\" ><p style=\"text-align: justify;\"><em>El Registro Civil anunci\u00f3 que sus oficinas atender\u00e1n de manera excepcional hasta las 16:00 horas los d\u00edas jueves 13 y viernes 14 de noviembre, exclusivamente para el retiro de c\u00e9dulas de identidad, con el fin de facilitar la participaci\u00f3n en las elecciones del pr\u00f3ximo domingo.<\/em><\/p>\n<p style=\"text-align: justify;\">Ad portas de las elecciones de diputados, senadores y Presidente de la Rep\u00fablica del pr\u00f3ximo domingo 16 de noviembre, la <strong>Secretar\u00eda Regional Ministerial de Justicia y Derechos Humanos<\/strong> y el <strong>Servicio de Registro Civil e Identificaci\u00f3n<\/strong> recordaron a la ciudadan\u00eda que <strong>solo la c\u00e9dula de identidad o el pasaporte<\/strong> son documentos v\u00e1lidos para ejercer el derecho a voto.<\/p>\n<p style=\"text-align: justify;\">El <strong>Seremi de Justicia y Derechos Humanos, Samuel Navarro<\/strong>, enfatiz\u00f3 que no existe ning\u00fan otro documento habilitado para sufragar se\u00f1alando que \u201cEs muy importante que la ciudadan\u00eda participe de estas elecciones y por lo mismo lo que queremos se\u00f1alar es cu\u00e1les son los documentos v\u00e1lidos para emitir el sufragio. El d\u00eda 16 de noviembre se puede votar solo con dos documentos, que son la c\u00e9dula de identidad o el pasaporte. No hay ning\u00fan otro documento y hacemos un llamado a la ciudadan\u00eda a tener muy claro esto\u201d.<\/p>\n<p style=\"text-align: justify;\">Ambos documentos pueden estar <strong>vigentes o vencidos hasta un a\u00f1o<\/strong>, es decir, desde el <strong>16 de noviembre de 2024<\/strong>, seg\u00fan lo establecido en la ley. En el caso de los electores extranjeros, solo pueden votar con la <strong>c\u00e9dula de identidad para extranjeros<\/strong> emitida por el Registro Civil.<\/p>\n<p style=\"text-align: justify;\">El Servicio record\u00f3 que <strong>no es v\u00e1lido votar con el comprobante de tr\u00e1mite<\/strong>, ni con fotograf\u00edas, copias digitales o versiones electr\u00f3nicas del documento.<\/p>\n<p style=\"text-align: justify;\">El <strong>director regional del Registro Civil e Identificaci\u00f3n, Sergio Gonz\u00e1lez<\/strong>, inform\u00f3 que actualmente existen <strong>m\u00e1s de 500 c\u00e9dulas de identidad<\/strong> de personas mayores de 18 a\u00f1os habilitadas para votar que a\u00fan no han sido retiradas por los usuarios.<\/p>\n<p style=\"text-align: justify;\">\u201cEn un esfuerzo adicional, nuestras oficinas extender\u00e1n sus horarios de atenci\u00f3n el <strong>jueves 13 y viernes 14 de noviembre<\/strong>, desde las <strong>8:30 hasta las 16:00 horas<\/strong>, exclusivamente para el retiro de c\u00e9dulas de identidad. Queremos dar todas las facilidades para que las personas puedan contar con su documento antes de las elecciones\u201d, se\u00f1al\u00f3.<\/p>\n<p style=\"text-align: justify;\">Adicionalmente, Gonz\u00e1lez destac\u00f3 que el Registro Civil dispondr\u00e1 de <strong>expertos en identificaci\u00f3n en los 48 locales de votaci\u00f3n de la Regi\u00f3n<\/strong>, quienes apoyar\u00e1n a las mesas receptoras en caso de dudas sobre la identidad de los electores, reafirmando el compromiso institucional con la transparencia y la seguridad del proceso eleccionario.<\/p>\n<\/div><\/section><\/div><div  style='height:50px' class='hr hr-invisible   avia-builder-el-6  el_after_av_one_full  el_before_av_social_share '><span class='hr-inner ' ><span class='hr-inner-style'><\/span><\/span><\/div><\/p>\n<div  class='av-social-sharing-box  avia-builder-el-7  el_after_av_hr  el_before_av_hr  '><div class='av-share-box'><h5 class='av-share-link-description av-no-toc '>Compartir esta noticia<\/h5><ul class='av-share-box-list noLightbox'><li class='av-share-link av-social-link-facebook' ><a target=\"_blank\" aria-label=\"Compartir en Facebook\" href='https:\/\/www.facebook.com\/sharer.php?u=https:\/\/radiorevelacionfm.cl\/?p=61315&#038;t=C%C3%A9dula%20de%20identidad%20o%20pasaporte%3A%20%C3%BAnicos%20documentos%20v%C3%A1lidos%20para%20votar%20este%2016%20de%20noviembre' aria-hidden='false' data-av_icon='\ue8f3' data-av_iconfont='entypo-fontello' title='' data-avia-related-tooltip='Compartir en Facebook' rel=\"noopener\"><span class='avia_hidden_link_text'>Compartir en Facebook<\/span><\/a><\/li><li class='av-share-link av-social-link-twitter' ><a target=\"_blank\" aria-label=\"Compartir en Twitter\" href='https:\/\/twitter.com\/share?text=C%C3%A9dula%20de%20identidad%20o%20pasaporte%3A%20%C3%BAnicos%20documentos%20v%C3%A1lidos%20para%20votar%20este%2016%20de%20noviembre&#038;url=https:\/\/radiorevelacionfm.cl\/?p=61315' aria-hidden='false' data-av_icon='\ue8f1' data-av_iconfont='entypo-fontello' title='' data-avia-related-tooltip='Compartir en Twitter' rel=\"noopener\"><span class='avia_hidden_link_text'>Compartir en Twitter<\/span><\/a><\/li><li class='av-share-link av-social-link-whatsapp' ><a target=\"_blank\" aria-label=\"Compartir en Whatsapp\" href='https:\/\/api.whatsapp.com\/send?text=https:\/\/radiorevelacionfm.cl\/?p=61315' aria-hidden='false' data-av_icon='\uf232' data-av_iconfont='entypo-fontello' title='' data-avia-related-tooltip='Compartir en Whatsapp' rel=\"noopener\"><span class='avia_hidden_link_text'>Compartir en Whatsapp<\/span><\/a><\/li><li class='av-share-link av-social-link-linkedin' ><a target=\"_blank\" aria-label=\"Compartir en LinkedIn\" href='https:\/\/linkedin.com\/shareArticle?mini=true&#038;title=C%C3%A9dula%20de%20identidad%20o%20pasaporte%3A%20%C3%BAnicos%20documentos%20v%C3%A1lidos%20para%20votar%20este%2016%20de%20noviembre&#038;url=https:\/\/radiorevelacionfm.cl\/?p=61315' aria-hidden='false' data-av_icon='\ue8fc' data-av_iconfont='entypo-fontello' title='' data-avia-related-tooltip='Compartir en LinkedIn' rel=\"noopener\"><span class='avia_hidden_link_text'>Compartir en LinkedIn<\/span><\/a><\/li><li class='av-share-link av-social-link-mail' ><a  aria-label=\"Compartir por correo\" href='mailto:?subject=C%C3%A9dula%20de%20identidad%20o%20pasaporte%3A%20%C3%BAnicos%20documentos%20v%C3%A1lidos%20para%20votar%20este%2016%20de%20noviembre&#038;body=https:\/\/radiorevelacionfm.cl\/?p=61315' aria-hidden='false' data-av_icon='\ue805' data-av_iconfont='entypo-fontello' title='' data-avia-related-tooltip='Compartir por correo'><span class='avia_hidden_link_text'>Compartir por correo<\/span><\/a><\/li><\/ul><\/div><\/div>\n<div  style='height:50px' class='hr hr-invisible   avia-builder-el-8  el_after_av_social_share  el_before_av_comments_list '><span class='hr-inner ' ><span class='hr-inner-style'><\/span><\/span><\/div>\n<div  class='av-buildercomment  av-blog-meta-html-info-disabled av-blog-meta-tag-disabled  '><\/div>\n","protected":false},"excerpt":{"rendered":"","protected":false},"author":1,"featured_media":61316,"comment_status":"closed","ping_status":"closed","sticky":false,"template":"","format":"standard","meta":{"footnotes":""},"categories":[61],"tags":[],"class_list":["post-61315","post","type-post","status-publish","format-standard","has-post-thumbnail","hentry","category-nacional"],"jetpack_featured_media_url":"https:\/\/radiorevelacionfm.cl\/wp-content\/uploads\/2025\/11\/foto-2-89-1-1.jpg","_links":{"self":[{"href":"https:\/\/radiorevelacionfm.cl\/index.php?rest_route=\/wp\/v2\/posts\/61315","targetHints":{"allow":["GET"]}}],"collection":[{"href":"https:\/\/radiorevelacionfm.cl\/index.php?rest_route=\/wp\/v2\/posts"}],"about":[{"href":"https:\/\/radiorevelacionfm.cl\/index.php?rest_route=\/wp\/v2\/types\/post"}],"author":[{"embeddable":true,"href":"https:\/\/radiorevelacionfm.cl\/index.php?rest_route=\/wp\/v2\/users\/1"}],"replies":[{"embeddable":true,"href":"https:\/\/radiorevelacionfm.cl\/index.php?rest_route=%2Fwp%2Fv2%2Fcomments&post=61315"}],"version-history":[{"count":2,"href":"https:\/\/radiorevelacionfm.cl\/index.php?rest_route=\/wp\/v2\/posts\/61315\/revisions"}],"predecessor-version":[{"id":61318,"href":"https:\/\/radiorevelacionfm.cl\/index.php?rest_route=\/wp\/v2\/posts\/61315\/revisions\/61318"}],"wp:featuredmedia":[{"embeddable":true,"href":"https:\/\/radiorevelacionfm.cl\/index.php?rest_route=\/wp\/v2\/media\/61316"}],"wp:attachment":[{"href":"https:\/\/radiorevelacionfm.cl\/index.php?rest_route=%2Fwp%2Fv2%2Fmedia&parent=61315"}],"wp:term":[{"taxonomy":"category","embeddable":true,"href":"https:\/\/radiorevelacionfm.cl\/index.php?rest_route=%2Fwp%2Fv2%2Fcategories&post=61315"},{"taxonomy":"post_tag","embeddable":true,"href":"https:\/\/radiorevelacionfm.cl\/index.php?rest_route=%2Fwp%2Fv2%2Ftags&post=61315"}],"curies":[{"name":"wp","href":"https:\/\/api.w.org\/{rel}","templated":true}]}}