{"id":61300,"date":"2025-11-11T19:51:46","date_gmt":"2025-11-11T22:51:46","guid":{"rendered":"https:\/\/radiorevelacionfm.cl\/?p=61300"},"modified":"2025-11-11T19:51:46","modified_gmt":"2025-11-11T22:51:46","slug":"exposicion-de-ceramica-y-tejido-del-parque-nacional-cerro-castillo-llega-al-centro-cultural-coyhaique","status":"publish","type":"post","link":"https:\/\/radiorevelacionfm.cl\/?p=61300","title":{"rendered":"Exposici\u00f3n de cer\u00e1mica y tejido del Parque Nacional Cerro Castillo llega al Centro Cultural Coyhaique"},"content":{"rendered":"<div class=\"flex_column av_one_full  flex_column_div av-zero-column-padding first  avia-builder-el-0  el_before_av_one_full  avia-builder-el-first  \" style='border-radius:0px; '><div  class='avia-image-container  av-styling-    avia-builder-el-1  avia-builder-el-no-sibling  avia-align-center '  itemprop=\"image\" itemscope=\"itemscope\" itemtype=\"https:\/\/schema.org\/ImageObject\"  ><div class='avia-image-container-inner'><div class='avia-image-overlay-wrap'><img decoding=\"async\" class='wp-image-61301 avia-img-lazy-loading-not-61301 avia_image' src=\"https:\/\/radiorevelacionfm.cl\/wp-content\/uploads\/2025\/11\/038_ARTESANAS_CASTILLO_REWILDING_2025-1-1.jpg\" alt='' title='038_ARTESANAS_CASTILLO_REWILDING_2025 (1) (1)' height=\"600\" width=\"900\"  itemprop=\"thumbnailUrl\" srcset=\"https:\/\/radiorevelacionfm.cl\/wp-content\/uploads\/2025\/11\/038_ARTESANAS_CASTILLO_REWILDING_2025-1-1.jpg 900w, https:\/\/radiorevelacionfm.cl\/wp-content\/uploads\/2025\/11\/038_ARTESANAS_CASTILLO_REWILDING_2025-1-1-300x200.jpg 300w, https:\/\/radiorevelacionfm.cl\/wp-content\/uploads\/2025\/11\/038_ARTESANAS_CASTILLO_REWILDING_2025-1-1-768x512.jpg 768w, https:\/\/radiorevelacionfm.cl\/wp-content\/uploads\/2025\/11\/038_ARTESANAS_CASTILLO_REWILDING_2025-1-1-705x470.jpg 705w, https:\/\/radiorevelacionfm.cl\/wp-content\/uploads\/2025\/11\/038_ARTESANAS_CASTILLO_REWILDING_2025-1-1-450x300.jpg 450w, https:\/\/radiorevelacionfm.cl\/wp-content\/uploads\/2025\/11\/038_ARTESANAS_CASTILLO_REWILDING_2025-1-1-600x400.jpg 600w\" sizes=\"(max-width: 900px) 100vw, 900px\" \/><\/div><\/div><\/div><\/div><div class=\"flex_column av_one_full  flex_column_div av-zero-column-padding first  avia-builder-el-2  el_after_av_one_full  el_before_av_one_full  column-top-margin\" style='border-radius:0px; '><section class=\"av_textblock_section \"  itemscope=\"itemscope\" itemtype=\"https:\/\/schema.org\/BlogPosting\" itemprop=\"blogPost\" ><div class='avia_textblock  '   itemprop=\"text\" ><p style=\"text-align: center;\"><span style=\"font-size: 18pt;\"><strong>Exposici\u00f3n de cer\u00e1mica y tejido del Parque Nacional Cerro Castillo llega al Centro Cultural Coyhaique<\/strong><\/span><\/p>\n<div id=\"gtx-trans\" style=\"position: absolute; left: -50px; top: 4.31534px;\">\n<div class=\"gtx-trans-icon\"><\/div>\n<\/div>\n<\/div><\/section><\/div><div class=\"flex_column av_one_full  flex_column_div av-zero-column-padding first  avia-builder-el-4  el_after_av_one_full  el_before_av_hr  column-top-margin\" style='border-radius:0px; '><section class=\"av_textblock_section \"  itemscope=\"itemscope\" itemtype=\"https:\/\/schema.org\/BlogPosting\" itemprop=\"blogPost\" ><div class='avia_textblock  '   itemprop=\"text\" ><p style=\"text-align: justify;\"><em>La muestra estar\u00e1 abierta hasta el 13 de noviembre y busca rescatar t\u00e9cnicas tradicionales, adem\u00e1s de poner en valor los saberes y dise\u00f1os propios del territorio.<\/em><\/p>\n<p style=\"text-align: justify;\">En conmemoraci\u00f3n del D\u00eda de la Artesana y el Artesano en el Centro Cultural de Coyhaique se dio inici\u00f3 a la exhibici\u00f3n abierta a la comunidad, instancia donde creadores de Villa Cerro Castillo presentan piezas en cer\u00e1mica y tejido a palillo elaboradas durante la segunda versi\u00f3n del programa <em>Artesan\u00eda y Naturaleza<\/em>.<\/p>\n<p style=\"text-align: justify;\">Este programa, impulsado por <em>Amigos de los Parques<\/em> de Fundaci\u00f3n Rewilding Chile, celebr\u00f3 este a\u00f1o su segunda edici\u00f3n, consolid\u00e1ndose como un espacio que conecta los saberes artesanales con la naturaleza y la identidad local. En esta versi\u00f3n, el foco estuvo en rescatar t\u00e9cnicas y dise\u00f1os tradicionales para crear piezas que reflejan la historia, herencia y car\u00e1cter de la comunidad de Villa Cerro Castillo.<\/p>\n<p style=\"text-align: justify;\">El programa cuenta con la participaci\u00f3n de 27 creadores y creadoras locales, y es desarrollado por Pulso Austral, organizaci\u00f3n interdisciplinaria de mujeres del territorio de Ays\u00e9n dedicada a vincular arte, educaci\u00f3n, cultura y ecolog\u00eda. En la sede de la Agrupaci\u00f3n Manos del Castillo, las actividades del programa incluyeron talleres t\u00e9cnicos de tejido a palillo y cer\u00e1mica guiados por las destacadas artesanas Eva Carrillo de Puerto Ib\u00e1\u00f1ez y Viviana Lagos de Coyhaique, adem\u00e1s de experiencias en terreno \u2014que permitieron a las artesanas conocer de cerca el proceso de la esquila, el hilado y lavado de lana, y la extracci\u00f3n responsable de la greda desde una veta\u2014, e instancias de formaci\u00f3n en identidad de marca y comercializaci\u00f3n.<\/p>\n<p style=\"text-align: justify;\">Este invierno se vivi\u00f3 diferente en Cerro Castillo, comentan desde Pulso Austral. \u201cLos oficios manuales abandonaron el espacio dom\u00e9stico. Las artesanas cambiaron la intimidad del tejido y del modelado en cer\u00e1mica por sesiones colectivas semanales y conversadas para crear en comunidad. Mujeres y hombres que encontraron en estas pr\u00e1cticas artesanales, texturas de encuentro y nuevos v\u00ednculos. Ese esp\u00edritu perme\u00f3 esta segunda versi\u00f3n del programa, que llegar\u00e1 a Coyhaique con una exposici\u00f3n y mediaci\u00f3n en artesan\u00eda\u201d, destac\u00f3 Cecilia Moura, sic\u00f3loga comunitaria de la organizaci\u00f3n.<\/p>\n<p style=\"text-align: justify;\">Como cierre del programa y en conmemoraci\u00f3n del D\u00eda de la Artesana y el Artesano, esta <strong>exposici\u00f3n estar\u00e1 abierta a la comunidad en el Centro Cultural de Coyhaique hasta el 13 de noviembre, <\/strong>donde los protagonistas ser\u00e1n los tradicionales chalecos sin manga tejidos a palillo y objetos utilitarios en cer\u00e1mica basados en dise\u00f1os que aprendi\u00f3 la comunidad de artesanas de la Villa en la d\u00e9cada de los 80\u2019.<\/p>\n<p style=\"text-align: justify;\">\u201cLa exposici\u00f3n <em>Un viaje a los oficios tradicionales de Villa Cerro Castillo<\/em> surge de registros y relatos sobre las ra\u00edces del tejido a palillo y la cer\u00e1mica en la Villa. Rescatamos puntos de las chombas tradicionales y objetos como asaderas y palmatorias, que evocan tiempos en que la cer\u00e1mica se aprend\u00eda en comunidad\u201d, explic\u00f3 Moura, quien adem\u00e1s destac\u00f3 la diversidad del grupo participante como una valiosa oportunidad de rescate patrimonial y fortalecimiento comunitario.<\/p>\n<p style=\"text-align: justify;\">\u201cEl programa Artesan\u00eda y Naturaleza contin\u00faa fortaleciendo los v\u00ednculos entre cultura, oficio y conservaci\u00f3n, impulsando el talento local y la valoraci\u00f3n del patrimonio biocultural de la Patagonia. Por medio de estos oficios se crea comunidad y se refuerza la conexi\u00f3n con la naturaleza del Parque Nacional Cerro Castillo, resaltando la identidad del territorio y generando oportunidades reales de desarrollo local\u201d, concluy\u00f3 Carolina Cerda, directora del \u00e1rea de Vinculaci\u00f3n Comunitaria de Fundaci\u00f3n Rewilding Chile.<\/p>\n<p style=\"text-align: justify;\"><strong>Exposici\u00f3n \u201cArtesan\u00eda y Naturaleza en el Parque Nacional Cerro Castillo\u201d<\/strong><\/p>\n<p style=\"text-align: justify;\"><strong>Centro Cultural de Coyhaique<\/strong><\/p>\n<p style=\"text-align: justify;\"><strong>7 al 13 de noviembre<\/strong><\/p>\n<\/div><\/section><\/div><div  style='height:50px' class='hr hr-invisible   avia-builder-el-6  el_after_av_one_full  el_before_av_social_share '><span class='hr-inner ' ><span class='hr-inner-style'><\/span><\/span><\/div><\/p>\n<div  class='av-social-sharing-box  avia-builder-el-7  el_after_av_hr  el_before_av_hr  '><div class='av-share-box'><h5 class='av-share-link-description av-no-toc '>Compartir esta noticia<\/h5><ul class='av-share-box-list noLightbox'><li class='av-share-link av-social-link-facebook' ><a target=\"_blank\" aria-label=\"Compartir en Facebook\" href='https:\/\/www.facebook.com\/sharer.php?u=https:\/\/radiorevelacionfm.cl\/?p=61300&#038;t=Exposici%C3%B3n%20de%20cer%C3%A1mica%20y%20tejido%20del%20Parque%20Nacional%20Cerro%20Castillo%20llega%20al%20Centro%20Cultural%20Coyhaique' aria-hidden='false' data-av_icon='\ue8f3' data-av_iconfont='entypo-fontello' title='' data-avia-related-tooltip='Compartir en Facebook' rel=\"noopener\"><span class='avia_hidden_link_text'>Compartir en Facebook<\/span><\/a><\/li><li class='av-share-link av-social-link-twitter' ><a target=\"_blank\" aria-label=\"Compartir en Twitter\" href='https:\/\/twitter.com\/share?text=Exposici%C3%B3n%20de%20cer%C3%A1mica%20y%20tejido%20del%20Parque%20Nacional%20Cerro%20Castillo%20llega%20al%20Centro%20Cultural%20Coyhaique&#038;url=https:\/\/radiorevelacionfm.cl\/?p=61300' aria-hidden='false' data-av_icon='\ue8f1' data-av_iconfont='entypo-fontello' title='' data-avia-related-tooltip='Compartir en Twitter' rel=\"noopener\"><span class='avia_hidden_link_text'>Compartir en Twitter<\/span><\/a><\/li><li class='av-share-link av-social-link-whatsapp' ><a target=\"_blank\" aria-label=\"Compartir en Whatsapp\" href='https:\/\/api.whatsapp.com\/send?text=https:\/\/radiorevelacionfm.cl\/?p=61300' aria-hidden='false' data-av_icon='\uf232' data-av_iconfont='entypo-fontello' title='' data-avia-related-tooltip='Compartir en Whatsapp' rel=\"noopener\"><span class='avia_hidden_link_text'>Compartir en Whatsapp<\/span><\/a><\/li><li class='av-share-link av-social-link-linkedin' ><a target=\"_blank\" aria-label=\"Compartir en LinkedIn\" href='https:\/\/linkedin.com\/shareArticle?mini=true&#038;title=Exposici%C3%B3n%20de%20cer%C3%A1mica%20y%20tejido%20del%20Parque%20Nacional%20Cerro%20Castillo%20llega%20al%20Centro%20Cultural%20Coyhaique&#038;url=https:\/\/radiorevelacionfm.cl\/?p=61300' aria-hidden='false' data-av_icon='\ue8fc' data-av_iconfont='entypo-fontello' title='' data-avia-related-tooltip='Compartir en LinkedIn' rel=\"noopener\"><span class='avia_hidden_link_text'>Compartir en LinkedIn<\/span><\/a><\/li><li class='av-share-link av-social-link-mail' ><a  aria-label=\"Compartir por correo\" href='mailto:?subject=Exposici%C3%B3n%20de%20cer%C3%A1mica%20y%20tejido%20del%20Parque%20Nacional%20Cerro%20Castillo%20llega%20al%20Centro%20Cultural%20Coyhaique&#038;body=https:\/\/radiorevelacionfm.cl\/?p=61300' aria-hidden='false' data-av_icon='\ue805' data-av_iconfont='entypo-fontello' title='' data-avia-related-tooltip='Compartir por correo'><span class='avia_hidden_link_text'>Compartir por correo<\/span><\/a><\/li><\/ul><\/div><\/div>\n<div  style='height:50px' class='hr hr-invisible   avia-builder-el-8  el_after_av_social_share  el_before_av_comments_list '><span class='hr-inner ' ><span class='hr-inner-style'><\/span><\/span><\/div>\n<div  class='av-buildercomment  av-blog-meta-html-info-disabled av-blog-meta-tag-disabled  '><\/div>\n","protected":false},"excerpt":{"rendered":"","protected":false},"author":1,"featured_media":61301,"comment_status":"closed","ping_status":"closed","sticky":false,"template":"","format":"standard","meta":{"footnotes":""},"categories":[52],"tags":[],"class_list":["post-61300","post","type-post","status-publish","format-standard","has-post-thumbnail","hentry","category-cultura"],"jetpack_featured_media_url":"https:\/\/radiorevelacionfm.cl\/wp-content\/uploads\/2025\/11\/038_ARTESANAS_CASTILLO_REWILDING_2025-1-1.jpg","_links":{"self":[{"href":"https:\/\/radiorevelacionfm.cl\/index.php?rest_route=\/wp\/v2\/posts\/61300","targetHints":{"allow":["GET"]}}],"collection":[{"href":"https:\/\/radiorevelacionfm.cl\/index.php?rest_route=\/wp\/v2\/posts"}],"about":[{"href":"https:\/\/radiorevelacionfm.cl\/index.php?rest_route=\/wp\/v2\/types\/post"}],"author":[{"embeddable":true,"href":"https:\/\/radiorevelacionfm.cl\/index.php?rest_route=\/wp\/v2\/users\/1"}],"replies":[{"embeddable":true,"href":"https:\/\/radiorevelacionfm.cl\/index.php?rest_route=%2Fwp%2Fv2%2Fcomments&post=61300"}],"version-history":[{"count":2,"href":"https:\/\/radiorevelacionfm.cl\/index.php?rest_route=\/wp\/v2\/posts\/61300\/revisions"}],"predecessor-version":[{"id":61305,"href":"https:\/\/radiorevelacionfm.cl\/index.php?rest_route=\/wp\/v2\/posts\/61300\/revisions\/61305"}],"wp:featuredmedia":[{"embeddable":true,"href":"https:\/\/radiorevelacionfm.cl\/index.php?rest_route=\/wp\/v2\/media\/61301"}],"wp:attachment":[{"href":"https:\/\/radiorevelacionfm.cl\/index.php?rest_route=%2Fwp%2Fv2%2Fmedia&parent=61300"}],"wp:term":[{"taxonomy":"category","embeddable":true,"href":"https:\/\/radiorevelacionfm.cl\/index.php?rest_route=%2Fwp%2Fv2%2Fcategories&post=61300"},{"taxonomy":"post_tag","embeddable":true,"href":"https:\/\/radiorevelacionfm.cl\/index.php?rest_route=%2Fwp%2Fv2%2Ftags&post=61300"}],"curies":[{"name":"wp","href":"https:\/\/api.w.org\/{rel}","templated":true}]}}