{"id":61297,"date":"2025-11-11T18:51:27","date_gmt":"2025-11-11T21:51:27","guid":{"rendered":"https:\/\/radiorevelacionfm.cl\/?p=61297"},"modified":"2025-11-11T18:51:27","modified_gmt":"2025-11-11T21:51:27","slug":"seremi-de-gobierno-realiza-visita-en-terreno-para-conocer-el-impacto-de-proyectos-ffoip-en-repollal-villa-amengual-y-puyuhuapi","status":"publish","type":"post","link":"https:\/\/radiorevelacionfm.cl\/?p=61297","title":{"rendered":"Seremi de Gobierno realiza visita en terreno para conocer el impacto de proyectos FFOIP en Repollal, Villa Amengual y Puyuhuapi"},"content":{"rendered":"<div class=\"flex_column av_one_full  flex_column_div av-zero-column-padding first  avia-builder-el-0  el_before_av_one_full  avia-builder-el-first  \" style='border-radius:0px; '><div  class='avia-image-container  av-styling-    avia-builder-el-1  avia-builder-el-no-sibling  avia-align-center '  itemprop=\"image\" itemscope=\"itemscope\" itemtype=\"https:\/\/schema.org\/ImageObject\"  ><div class='avia-image-container-inner'><div class='avia-image-overlay-wrap'><img decoding=\"async\" class='wp-image-61298 avia-img-lazy-loading-not-61298 avia_image' src=\"https:\/\/radiorevelacionfm.cl\/wp-content\/uploads\/2025\/11\/repollal2-1-1.jpg\" alt='' title='repollal2 (1) (1)' height=\"600\" width=\"1067\"  itemprop=\"thumbnailUrl\" srcset=\"https:\/\/radiorevelacionfm.cl\/wp-content\/uploads\/2025\/11\/repollal2-1-1.jpg 1067w, https:\/\/radiorevelacionfm.cl\/wp-content\/uploads\/2025\/11\/repollal2-1-1-300x169.jpg 300w, https:\/\/radiorevelacionfm.cl\/wp-content\/uploads\/2025\/11\/repollal2-1-1-1030x579.jpg 1030w, https:\/\/radiorevelacionfm.cl\/wp-content\/uploads\/2025\/11\/repollal2-1-1-768x432.jpg 768w, https:\/\/radiorevelacionfm.cl\/wp-content\/uploads\/2025\/11\/repollal2-1-1-705x396.jpg 705w, https:\/\/radiorevelacionfm.cl\/wp-content\/uploads\/2025\/11\/repollal2-1-1-450x253.jpg 450w, https:\/\/radiorevelacionfm.cl\/wp-content\/uploads\/2025\/11\/repollal2-1-1-600x337.jpg 600w\" sizes=\"(max-width: 1067px) 100vw, 1067px\" \/><\/div><\/div><\/div><\/div><div class=\"flex_column av_one_full  flex_column_div av-zero-column-padding first  avia-builder-el-2  el_after_av_one_full  el_before_av_one_full  column-top-margin\" style='border-radius:0px; '><section class=\"av_textblock_section \"  itemscope=\"itemscope\" itemtype=\"https:\/\/schema.org\/BlogPosting\" itemprop=\"blogPost\" ><div class='avia_textblock  '   itemprop=\"text\" ><p style=\"text-align: center;\"><span style=\"font-size: 18pt;\"><strong>Seremi de Gobierno realiza visita en terreno para conocer el impacto de proyectos FFOIP en Repollal, Villa Amengual y Puyuhuapi<\/strong><\/span><\/p>\n<div id=\"gtx-trans\" style=\"position: absolute; left: -50px; top: 4.31534px;\">\n<div class=\"gtx-trans-icon\"><\/div>\n<\/div>\n<\/div><\/section><\/div><div class=\"flex_column av_one_full  flex_column_div av-zero-column-padding first  avia-builder-el-4  el_after_av_one_full  el_before_av_hr  column-top-margin\" style='border-radius:0px; '><section class=\"av_textblock_section \"  itemscope=\"itemscope\" itemtype=\"https:\/\/schema.org\/BlogPosting\" itemprop=\"blogPost\" ><div class='avia_textblock  '   itemprop=\"text\" ><p style=\"text-align: justify;\">En un despliegue por la zona norte de la regi\u00f3n, la Secretaria Regional Ministerial de Gobierno, \u00darsula Mix, visit\u00f3 recientemente diversas localidades para inspeccionar en terreno los avances de los proyectos financiados por el Fondo de Fortalecimiento de Organizaciones de Inter\u00e9s P\u00fablico (FFOIP).<\/p>\n<p style=\"text-align: justify;\">La autoridad se reuni\u00f3 con representantes de las organizaciones sociales beneficiarias en Repollal, Villa Amengual y Puyuhuapi, donde pudo constatar el impacto directo de estas iniciativas en el fortalecimiento del tejido social y el desarrollo local.<\/p>\n<p style=\"text-align: justify;\">\u201cCompartir en terreno con las organizaciones y ver c\u00f3mo estos fondos se traducen en hechos concretos, aparte de hermoso, es fundamental para nuestro Gobierno. Estos proyectos generan capacidades, las comunidades tambi\u00e9n permiten el rescate de su historia, que se empoderen de su entorno y generen lazos que fortalecen a las personas y contribuyen a solucionar sus problem\u00e1ticas locales. Todo esto se traduce en fortalecimiento del trabajo en los territorios y de nuestras organizaciones \u00ab, se\u00f1al\u00f3 la vocera de Gobierno, \u00darsula Mix.<\/p>\n<p style=\"text-align: justify;\">En Repollal, comuna de Guaitecas, la Seremi se reuni\u00f3 con la Junta de Vecinos N\u00b03, que se adjudic\u00f3 fondos para el \u00a0proyecto: <strong>\u201cConectando Repollal, Taller de Alfabetizaci\u00f3n Digital para la Inclusi\u00f3n en Zonas Aisladas\u201d<\/strong>, centrado en el desarrollo y la mejora comunitaria, con el prop\u00f3sito de fomentar la inclusi\u00f3n digital y mejorar la calidad de vida de sus habitantes. Esta iniciativa busca reducir la brecha digital que afecta a los vecinos y vecinas de esta localidad aislada, proporcionando herramientas esenciales para el mundo digital.<\/p>\n<p style=\"text-align: justify;\">El proyecto consiste en la realizaci\u00f3n de un taller presencial dirigido a 15 beneficiarios y beneficiarias, quienes debido a la falta de oportunidades de acceso a tecnolog\u00edas en la zona, no han tenido la instancia para desarrollar habilidades pr\u00e1cticas como el uso de dispositivos m\u00f3viles, navegaci\u00f3n en internet, manejo de correo electr\u00f3nico y la realizaci\u00f3n de tr\u00e1mites en l\u00ednea, por lo que las y los participantes esperan que despu\u00e9s del taller se les facilitar\u00e1 el acceso a servicios p\u00fablicos y privados.<\/p>\n<p style=\"text-align: justify;\">En Villa Amengual, la visita se enfoc\u00f3 en el proyecto: <strong>Fortalecimiento Ambiental explorar y descubrir para conservar la biodiversidad y patrimonio natural<\/strong>, una innovadora iniciativa de educaci\u00f3n ambiental y observaci\u00f3n de aves (birdwatching) que promueve el turismo responsable y el empoderamiento de la comunidad mediante el conocimiento del entorno natural. Esta iniciativa busca empoderar a la comunidad -especialmente a mujeres rurales, adultos mayores y a ni\u00f1os, ni\u00f1as y adolescentes- a trav\u00e9s del conocimiento de su entorno natural, promoviendo pr\u00e1cticas de turismo sostenible y sustentable y la valoraci\u00f3n del patrimonio natural de la comuna de Lago Verde.<\/p>\n<p style=\"text-align: justify;\">En tanto, en un esfuerzo por reconocer y apoyar las iniciativas locales que buscan salvaguardar el patrimonio inmaterial en Puyuhuapi, la Seremi visit\u00f3 el proyecto<strong> \u00abMemorias que unen: Taller de Historia Local y Cultura del Territorio Queulat\u00bb. <\/strong><\/p>\n<p style=\"text-align: justify;\">La iniciativa, impulsada por gestores locales y con una entusiasta participaci\u00f3n de la comunidad, tiene como objetivo principal la preservaci\u00f3n y difusi\u00f3n de historias, tradiciones y saberes que conforman la identidad del territorio Queulat. A trav\u00e9s de la recopilaci\u00f3n de relatos orales y material hist\u00f3rico, el taller busca crear un registro vivo de la memoria colectiva de la zona.<\/p>\n<p style=\"text-align: justify;\">Durante su visita, la autoridad regional dialog\u00f3 extensamente con los gestores y participantes del proyecto. En la instancia, pudo conocer de primera fuente el valor y la dedicaci\u00f3n que hay detr\u00e1s de cada historia recopilada, y la importancia que estas instancias tienen para las nuevas generaciones.<\/p>\n<p style=\"text-align: justify;\">Los participantes del taller agradecieron la visita de la autoridad y la oportunidad de visibilizar su trabajo, el cual consideran esencial para asegurar que las tradiciones y la historia local perduren en el tiempo.<\/p>\n<p style=\"text-align: justify;\">Luisa Ludwig, participante del taller de historia local y cultural del territorio Queulat, destac\u00f3: \u201cNos encontramos con gente de varios pueblos vecinos aqu\u00ed del sector norte de la regi\u00f3n de Ays\u00e9n. Para nosotros es s\u00faper importante juntarnos, compartir nuestras experiencias, nuestros recuerdos y ver lo que nos comunica, por decir as\u00ed, para poder cont\u00e1rselo a otros tambi\u00e9n y, para poder tener una historia que no sea solamente de an\u00e9cdota sino que una historia como m\u00e1s seria\u201d.<\/p>\n<p style=\"text-align: justify;\">Esta gira por localidades del norte de la regi\u00f3n, reafirma el compromiso del Gobierno con las organizaciones, reconociendo el importante rol que cumplen en el desarrollo territorial y en la implementaci\u00f3n de pol\u00edticas p\u00fablicas con sentido de pertinencia local.<\/p>\n<p style=\"text-align: justify;\"><strong>\u00a0<\/strong><\/p>\n<p><strong>\u00a0<\/strong><\/p>\n<\/div><\/section><\/div><div  style='height:50px' class='hr hr-invisible   avia-builder-el-6  el_after_av_one_full  el_before_av_social_share '><span class='hr-inner ' ><span class='hr-inner-style'><\/span><\/span><\/div><\/p>\n<div  class='av-social-sharing-box  avia-builder-el-7  el_after_av_hr  el_before_av_hr  '><div class='av-share-box'><h5 class='av-share-link-description av-no-toc '>Compartir esta noticia<\/h5><ul class='av-share-box-list noLightbox'><li class='av-share-link av-social-link-facebook' ><a target=\"_blank\" aria-label=\"Compartir en Facebook\" href='https:\/\/www.facebook.com\/sharer.php?u=https:\/\/radiorevelacionfm.cl\/?p=61297&#038;t=Seremi%20de%20Gobierno%20realiza%20visita%20en%20terreno%20para%20conocer%20el%20impacto%20de%20proyectos%20FFOIP%20en%20Repollal%2C%20Villa%20Amengual%20y%20Puyuhuapi' aria-hidden='false' data-av_icon='\ue8f3' data-av_iconfont='entypo-fontello' title='' data-avia-related-tooltip='Compartir en Facebook' rel=\"noopener\"><span class='avia_hidden_link_text'>Compartir en Facebook<\/span><\/a><\/li><li class='av-share-link av-social-link-twitter' ><a target=\"_blank\" aria-label=\"Compartir en Twitter\" href='https:\/\/twitter.com\/share?text=Seremi%20de%20Gobierno%20realiza%20visita%20en%20terreno%20para%20conocer%20el%20impacto%20de%20proyectos%20FFOIP%20en%20Repollal%2C%20Villa%20Amengual%20y%20Puyuhuapi&#038;url=https:\/\/radiorevelacionfm.cl\/?p=61297' aria-hidden='false' data-av_icon='\ue8f1' data-av_iconfont='entypo-fontello' title='' data-avia-related-tooltip='Compartir en Twitter' rel=\"noopener\"><span class='avia_hidden_link_text'>Compartir en Twitter<\/span><\/a><\/li><li class='av-share-link av-social-link-whatsapp' ><a target=\"_blank\" aria-label=\"Compartir en Whatsapp\" href='https:\/\/api.whatsapp.com\/send?text=https:\/\/radiorevelacionfm.cl\/?p=61297' aria-hidden='false' data-av_icon='\uf232' data-av_iconfont='entypo-fontello' title='' data-avia-related-tooltip='Compartir en Whatsapp' rel=\"noopener\"><span class='avia_hidden_link_text'>Compartir en Whatsapp<\/span><\/a><\/li><li class='av-share-link av-social-link-linkedin' ><a target=\"_blank\" aria-label=\"Compartir en LinkedIn\" href='https:\/\/linkedin.com\/shareArticle?mini=true&#038;title=Seremi%20de%20Gobierno%20realiza%20visita%20en%20terreno%20para%20conocer%20el%20impacto%20de%20proyectos%20FFOIP%20en%20Repollal%2C%20Villa%20Amengual%20y%20Puyuhuapi&#038;url=https:\/\/radiorevelacionfm.cl\/?p=61297' aria-hidden='false' data-av_icon='\ue8fc' data-av_iconfont='entypo-fontello' title='' data-avia-related-tooltip='Compartir en LinkedIn' rel=\"noopener\"><span class='avia_hidden_link_text'>Compartir en LinkedIn<\/span><\/a><\/li><li class='av-share-link av-social-link-mail' ><a  aria-label=\"Compartir por correo\" href='mailto:?subject=Seremi%20de%20Gobierno%20realiza%20visita%20en%20terreno%20para%20conocer%20el%20impacto%20de%20proyectos%20FFOIP%20en%20Repollal%2C%20Villa%20Amengual%20y%20Puyuhuapi&#038;body=https:\/\/radiorevelacionfm.cl\/?p=61297' aria-hidden='false' data-av_icon='\ue805' data-av_iconfont='entypo-fontello' title='' data-avia-related-tooltip='Compartir por correo'><span class='avia_hidden_link_text'>Compartir por correo<\/span><\/a><\/li><\/ul><\/div><\/div>\n<div  style='height:50px' class='hr hr-invisible   avia-builder-el-8  el_after_av_social_share  el_before_av_comments_list '><span class='hr-inner ' ><span class='hr-inner-style'><\/span><\/span><\/div>\n<div  class='av-buildercomment  av-blog-meta-html-info-disabled av-blog-meta-tag-disabled  '><\/div>\n","protected":false},"excerpt":{"rendered":"","protected":false},"author":1,"featured_media":61298,"comment_status":"closed","ping_status":"closed","sticky":false,"template":"","format":"standard","meta":{"footnotes":""},"categories":[38],"tags":[],"class_list":["post-61297","post","type-post","status-publish","format-standard","has-post-thumbnail","hentry","category-regional"],"jetpack_featured_media_url":"https:\/\/radiorevelacionfm.cl\/wp-content\/uploads\/2025\/11\/repollal2-1-1.jpg","_links":{"self":[{"href":"https:\/\/radiorevelacionfm.cl\/index.php?rest_route=\/wp\/v2\/posts\/61297","targetHints":{"allow":["GET"]}}],"collection":[{"href":"https:\/\/radiorevelacionfm.cl\/index.php?rest_route=\/wp\/v2\/posts"}],"about":[{"href":"https:\/\/radiorevelacionfm.cl\/index.php?rest_route=\/wp\/v2\/types\/post"}],"author":[{"embeddable":true,"href":"https:\/\/radiorevelacionfm.cl\/index.php?rest_route=\/wp\/v2\/users\/1"}],"replies":[{"embeddable":true,"href":"https:\/\/radiorevelacionfm.cl\/index.php?rest_route=%2Fwp%2Fv2%2Fcomments&post=61297"}],"version-history":[{"count":2,"href":"https:\/\/radiorevelacionfm.cl\/index.php?rest_route=\/wp\/v2\/posts\/61297\/revisions"}],"predecessor-version":[{"id":61303,"href":"https:\/\/radiorevelacionfm.cl\/index.php?rest_route=\/wp\/v2\/posts\/61297\/revisions\/61303"}],"wp:featuredmedia":[{"embeddable":true,"href":"https:\/\/radiorevelacionfm.cl\/index.php?rest_route=\/wp\/v2\/media\/61298"}],"wp:attachment":[{"href":"https:\/\/radiorevelacionfm.cl\/index.php?rest_route=%2Fwp%2Fv2%2Fmedia&parent=61297"}],"wp:term":[{"taxonomy":"category","embeddable":true,"href":"https:\/\/radiorevelacionfm.cl\/index.php?rest_route=%2Fwp%2Fv2%2Fcategories&post=61297"},{"taxonomy":"post_tag","embeddable":true,"href":"https:\/\/radiorevelacionfm.cl\/index.php?rest_route=%2Fwp%2Fv2%2Ftags&post=61297"}],"curies":[{"name":"wp","href":"https:\/\/api.w.org\/{rel}","templated":true}]}}