{"id":61294,"date":"2025-11-12T11:21:04","date_gmt":"2025-11-12T14:21:04","guid":{"rendered":"https:\/\/radiorevelacionfm.cl\/?p=61294"},"modified":"2025-11-12T11:21:04","modified_gmt":"2025-11-12T14:21:04","slug":"radio-fm-del-mar-102-1-fm-vuelve-a-conectar-a-islas-huichas-tras-cuatro-anos-fuera-del-aire","status":"publish","type":"post","link":"https:\/\/radiorevelacionfm.cl\/?p=61294","title":{"rendered":"Radio FM del Mar 102.1 FM vuelve a conectar a Islas Huichas tras cuatro a\u00f1os fuera del aire"},"content":{"rendered":"<div class=\"flex_column av_one_full  flex_column_div av-zero-column-padding first  avia-builder-el-0  el_before_av_one_full  avia-builder-el-first  \" style='border-radius:0px; '><div  class='avia-image-container  av-styling-    avia-builder-el-1  avia-builder-el-no-sibling  avia-align-center '  itemprop=\"image\" itemscope=\"itemscope\" itemtype=\"https:\/\/schema.org\/ImageObject\"  ><div class='avia-image-container-inner'><div class='avia-image-overlay-wrap'><img decoding=\"async\" class='wp-image-61295 avia-img-lazy-loading-not-61295 avia_image' src=\"https:\/\/radiorevelacionfm.cl\/wp-content\/uploads\/2025\/11\/COM3972-1-1.jpg\" alt='' title='_COM3972 (1) (1)' height=\"600\" width=\"898\"  itemprop=\"thumbnailUrl\" srcset=\"https:\/\/radiorevelacionfm.cl\/wp-content\/uploads\/2025\/11\/COM3972-1-1.jpg 898w, https:\/\/radiorevelacionfm.cl\/wp-content\/uploads\/2025\/11\/COM3972-1-1-300x200.jpg 300w, https:\/\/radiorevelacionfm.cl\/wp-content\/uploads\/2025\/11\/COM3972-1-1-768x513.jpg 768w, https:\/\/radiorevelacionfm.cl\/wp-content\/uploads\/2025\/11\/COM3972-1-1-705x471.jpg 705w, https:\/\/radiorevelacionfm.cl\/wp-content\/uploads\/2025\/11\/COM3972-1-1-450x301.jpg 450w, https:\/\/radiorevelacionfm.cl\/wp-content\/uploads\/2025\/11\/COM3972-1-1-600x401.jpg 600w\" sizes=\"(max-width: 898px) 100vw, 898px\" \/><\/div><\/div><\/div><\/div><div class=\"flex_column av_one_full  flex_column_div av-zero-column-padding first  avia-builder-el-2  el_after_av_one_full  el_before_av_one_full  column-top-margin\" style='border-radius:0px; '><section class=\"av_textblock_section \"  itemscope=\"itemscope\" itemtype=\"https:\/\/schema.org\/BlogPosting\" itemprop=\"blogPost\" ><div class='avia_textblock  '   itemprop=\"text\" ><p style=\"text-align: center;\"><span style=\"font-size: 18pt;\"><strong>Radio FM del Mar 102.1 FM vuelve a conectar a Islas Huichas tras cuatro a\u00f1os fuera del aire<\/strong><\/span><\/p>\n<div id=\"gtx-trans\" style=\"position: absolute; left: -50px; top: 4.31534px;\">\n<div class=\"gtx-trans-icon\"><\/div>\n<\/div>\n<\/div><\/section><\/div><div class=\"flex_column av_one_full  flex_column_div av-zero-column-padding first  avia-builder-el-4  el_after_av_one_full  el_before_av_hr  column-top-margin\" style='border-radius:0px; '><section class=\"av_textblock_section \"  itemscope=\"itemscope\" itemtype=\"https:\/\/schema.org\/BlogPosting\" itemprop=\"blogPost\" ><div class='avia_textblock  '   itemprop=\"text\" ><p style=\"text-align: justify;\">Tras un arduo trabajo t\u00e9cnico y de gesti\u00f3n, la municipalidad de Ays\u00e9n reactiv\u00f3 oficialmente la \u201cFM Del Mar\u201d, emisora comunitaria que une a Puerto Aguirre, Caleta Andrade y Estero Copa, cumpliendo as\u00ed un compromiso asumido por el alcalde Luis Mart\u00ednez al iniciar la presente administraci\u00f3n.<\/p>\n<p style=\"text-align: justify;\">De esta manera, tras un periodo de marcha blanca en que fue posible afinar diversos detalles t\u00e9cnicos, este lunes 10 de noviembre se dio por reinaugurada la radio comunitaria, que volvi\u00f3 al aire en su nueva frecuencia 102.1 FM, luego de haber suspendido sus transmisiones en agosto de 2021, dejando a los vecinos y vecinas sin su tradicional medio de comunicaci\u00f3n y compa\u00f1\u00eda.<\/p>\n<p style=\"text-align: justify;\">La reactivaci\u00f3n del servicio fue posible gracias a un trabajo arduo y coordinado entre equipos t\u00e9cnicos municipales, el \u00e1rea de comunicaciones y diversas instituciones que aportaron al proceso de recuperaci\u00f3n y renovaci\u00f3n del sistema radial, y que permiti\u00f3 a la comunidad de Islas Huichas vivir un momento muy anhelado.<\/p>\n<p style=\"text-align: justify;\">El edil comunal, Luis Mart\u00ednez, acompa\u00f1\u00f3 este retorno en una amena conversaci\u00f3n al aire, junto a los concejales Basilio Becerra, Luis Otth y Luis Mu\u00f1oz, marcando as\u00ed el primer matinal de la nueva etapa de la emisora.<\/p>\n<p style=\"text-align: justify;\">La conducci\u00f3n del espacio est\u00e1 a cargo de don Joel Manr\u00edquez, vecino huichano, quien desde hoy ser\u00e1 la voz encargada de llevar informaci\u00f3n, m\u00fasica y actualidad a las familias de las localidades que componen Islas Huichas en la comuna de Ays\u00e9n.<\/p>\n<p style=\"text-align: justify;\">Al respecto, el locutor indic\u00f3 que \u201cel alcalde Mart\u00ednez me ha encomendado esta linda misi\u00f3n de llevar alegr\u00eda e informaci\u00f3n a los hogares de la Isla, por tanto, tratar\u00e9 de hacer lo mejor posible, poner el m\u00e1ximo de m\u00ed, y desde ya extender la invitaci\u00f3n a todas las organizaciones e instituciones, a que se acerquen. Son todos bienvenidos para que en conjunto saquemos a la radio adelante\u201d.<\/p>\n<p style=\"text-align: justify;\">Por su parte, Tatiana C\u00e1rdenas, directora del jard\u00edn infantil y sala cuna Los Cipreses de Puerto Aguirre, relev\u00f3 la puesta en marcha de este proyecto comunitario, y lo que significa para quienes habitan las diversas localidades isle\u00f1as su entrada en funcionamiento. \u201cPoder contar con una radio para la comunidad es fundamental. Nosotros vivimos en comunidad, por lo tanto, es muy relevante mantenernos informados y conectados. En ese sentido, que la radio vuelva a funcionar es algo que se reconoce, porque adem\u00e1s es una gran compa\u00f1\u00eda\u201d.<\/p>\n<p style=\"text-align: justify;\">\u201cEstamos felices por cumplir una promesa que hicimos hace mucho tiempo. No fue f\u00e1cil, hay un gran equipo detr\u00e1s y continuaremos trabajando. Queremos instalar una torre y as\u00ed poder cubrir todo el litoral. Muy contentos porque esto es muy necesario, es la comunicaci\u00f3n que tienen la isla con sus autoridades, pero principalmente entre ellos mismos para con la regi\u00f3n\u201d.<\/p>\n<p style=\"text-align: justify;\">De esta manera, la Radio FM del Mar 102.1 FM refuerza su misi\u00f3n de informar, educar y acompa\u00f1ar a la comunidad de Islas Huichas, recuperando su rol como medio local esencial para fortalecer la identidad y la participaci\u00f3n de las y los habitantes del litoral aysenino.<\/p>\n<\/div><\/section><\/div><div  style='height:50px' class='hr hr-invisible   avia-builder-el-6  el_after_av_one_full  el_before_av_social_share '><span class='hr-inner ' ><span class='hr-inner-style'><\/span><\/span><\/div><\/p>\n<div  class='av-social-sharing-box  avia-builder-el-7  el_after_av_hr  el_before_av_hr  '><div class='av-share-box'><h5 class='av-share-link-description av-no-toc '>Compartir esta noticia<\/h5><ul class='av-share-box-list noLightbox'><li class='av-share-link av-social-link-facebook' ><a target=\"_blank\" aria-label=\"Compartir en Facebook\" href='https:\/\/www.facebook.com\/sharer.php?u=https:\/\/radiorevelacionfm.cl\/?p=61294&#038;t=Radio%20FM%20del%20Mar%20102.1%20FM%20vuelve%20a%20conectar%20a%20Islas%20Huichas%20tras%20cuatro%20a%C3%B1os%20fuera%20del%20aire' aria-hidden='false' data-av_icon='\ue8f3' data-av_iconfont='entypo-fontello' title='' data-avia-related-tooltip='Compartir en Facebook' rel=\"noopener\"><span class='avia_hidden_link_text'>Compartir en Facebook<\/span><\/a><\/li><li class='av-share-link av-social-link-twitter' ><a target=\"_blank\" aria-label=\"Compartir en Twitter\" href='https:\/\/twitter.com\/share?text=Radio%20FM%20del%20Mar%20102.1%20FM%20vuelve%20a%20conectar%20a%20Islas%20Huichas%20tras%20cuatro%20a%C3%B1os%20fuera%20del%20aire&#038;url=https:\/\/radiorevelacionfm.cl\/?p=61294' aria-hidden='false' data-av_icon='\ue8f1' data-av_iconfont='entypo-fontello' title='' data-avia-related-tooltip='Compartir en Twitter' rel=\"noopener\"><span class='avia_hidden_link_text'>Compartir en Twitter<\/span><\/a><\/li><li class='av-share-link av-social-link-whatsapp' ><a target=\"_blank\" aria-label=\"Compartir en Whatsapp\" href='https:\/\/api.whatsapp.com\/send?text=https:\/\/radiorevelacionfm.cl\/?p=61294' aria-hidden='false' data-av_icon='\uf232' data-av_iconfont='entypo-fontello' title='' data-avia-related-tooltip='Compartir en Whatsapp' rel=\"noopener\"><span class='avia_hidden_link_text'>Compartir en Whatsapp<\/span><\/a><\/li><li class='av-share-link av-social-link-linkedin' ><a target=\"_blank\" aria-label=\"Compartir en LinkedIn\" href='https:\/\/linkedin.com\/shareArticle?mini=true&#038;title=Radio%20FM%20del%20Mar%20102.1%20FM%20vuelve%20a%20conectar%20a%20Islas%20Huichas%20tras%20cuatro%20a%C3%B1os%20fuera%20del%20aire&#038;url=https:\/\/radiorevelacionfm.cl\/?p=61294' aria-hidden='false' data-av_icon='\ue8fc' data-av_iconfont='entypo-fontello' title='' data-avia-related-tooltip='Compartir en LinkedIn' rel=\"noopener\"><span class='avia_hidden_link_text'>Compartir en LinkedIn<\/span><\/a><\/li><li class='av-share-link av-social-link-mail' ><a  aria-label=\"Compartir por correo\" href='mailto:?subject=Radio%20FM%20del%20Mar%20102.1%20FM%20vuelve%20a%20conectar%20a%20Islas%20Huichas%20tras%20cuatro%20a%C3%B1os%20fuera%20del%20aire&#038;body=https:\/\/radiorevelacionfm.cl\/?p=61294' aria-hidden='false' data-av_icon='\ue805' data-av_iconfont='entypo-fontello' title='' data-avia-related-tooltip='Compartir por correo'><span class='avia_hidden_link_text'>Compartir por correo<\/span><\/a><\/li><\/ul><\/div><\/div>\n<div  style='height:50px' class='hr hr-invisible   avia-builder-el-8  el_after_av_social_share  el_before_av_comments_list '><span class='hr-inner ' ><span class='hr-inner-style'><\/span><\/span><\/div>\n<div  class='av-buildercomment  av-blog-meta-html-info-disabled av-blog-meta-tag-disabled  '><\/div>\n","protected":false},"excerpt":{"rendered":"","protected":false},"author":1,"featured_media":61295,"comment_status":"closed","ping_status":"closed","sticky":false,"template":"","format":"standard","meta":{"footnotes":""},"categories":[38,62],"tags":[],"class_list":["post-61294","post","type-post","status-publish","format-standard","has-post-thumbnail","hentry","category-regional","category-social"],"jetpack_featured_media_url":"https:\/\/radiorevelacionfm.cl\/wp-content\/uploads\/2025\/11\/COM3972-1-1.jpg","_links":{"self":[{"href":"https:\/\/radiorevelacionfm.cl\/index.php?rest_route=\/wp\/v2\/posts\/61294","targetHints":{"allow":["GET"]}}],"collection":[{"href":"https:\/\/radiorevelacionfm.cl\/index.php?rest_route=\/wp\/v2\/posts"}],"about":[{"href":"https:\/\/radiorevelacionfm.cl\/index.php?rest_route=\/wp\/v2\/types\/post"}],"author":[{"embeddable":true,"href":"https:\/\/radiorevelacionfm.cl\/index.php?rest_route=\/wp\/v2\/users\/1"}],"replies":[{"embeddable":true,"href":"https:\/\/radiorevelacionfm.cl\/index.php?rest_route=%2Fwp%2Fv2%2Fcomments&post=61294"}],"version-history":[{"count":2,"href":"https:\/\/radiorevelacionfm.cl\/index.php?rest_route=\/wp\/v2\/posts\/61294\/revisions"}],"predecessor-version":[{"id":61306,"href":"https:\/\/radiorevelacionfm.cl\/index.php?rest_route=\/wp\/v2\/posts\/61294\/revisions\/61306"}],"wp:featuredmedia":[{"embeddable":true,"href":"https:\/\/radiorevelacionfm.cl\/index.php?rest_route=\/wp\/v2\/media\/61295"}],"wp:attachment":[{"href":"https:\/\/radiorevelacionfm.cl\/index.php?rest_route=%2Fwp%2Fv2%2Fmedia&parent=61294"}],"wp:term":[{"taxonomy":"category","embeddable":true,"href":"https:\/\/radiorevelacionfm.cl\/index.php?rest_route=%2Fwp%2Fv2%2Fcategories&post=61294"},{"taxonomy":"post_tag","embeddable":true,"href":"https:\/\/radiorevelacionfm.cl\/index.php?rest_route=%2Fwp%2Fv2%2Ftags&post=61294"}],"curies":[{"name":"wp","href":"https:\/\/api.w.org\/{rel}","templated":true}]}}