{"id":61290,"date":"2025-11-11T19:14:31","date_gmt":"2025-11-11T22:14:31","guid":{"rendered":"https:\/\/radiorevelacionfm.cl\/?p=61290"},"modified":"2025-11-11T19:14:31","modified_gmt":"2025-11-11T22:14:31","slug":"senadores-impulsan-con-fuerza-el-proyecto-ley-jacinta-para-fortalecer-la-seguridad-vial-y-la-proteccion-a-las-victimas","status":"publish","type":"post","link":"https:\/\/radiorevelacionfm.cl\/?p=61290","title":{"rendered":"Senadores impulsan con fuerza el proyecto ley Jacinta para fortalecer la seguridad vial y la protecci\u00f3n a las v\u00edctimas"},"content":{"rendered":"<div class=\"flex_column av_one_full  flex_column_div av-zero-column-padding first  avia-builder-el-0  el_before_av_one_full  avia-builder-el-first  \" style='border-radius:0px; '><div  class='avia-image-container  av-styling-    avia-builder-el-1  avia-builder-el-no-sibling  avia-align-center '  itemprop=\"image\" itemscope=\"itemscope\" itemtype=\"https:\/\/schema.org\/ImageObject\"  ><div class='avia-image-container-inner'><div class='avia-image-overlay-wrap'><img decoding=\"async\" class='wp-image-0 avia-img-lazy-loading-not-0 avia_image' src=\"https:\/\/radiorevelacionfm.cl\/wp-content\/uploads\/2025\/11\/insulza-rementeria_optimized.jpeg\" alt='' title=''   itemprop=\"thumbnailUrl\"  \/><\/div><\/div><\/div><\/div><div class=\"flex_column av_one_full  flex_column_div av-zero-column-padding first  avia-builder-el-2  el_after_av_one_full  el_before_av_one_full  column-top-margin\" style='border-radius:0px; '><section class=\"av_textblock_section \"  itemscope=\"itemscope\" itemtype=\"https:\/\/schema.org\/BlogPosting\" itemprop=\"blogPost\" ><div class='avia_textblock  '   itemprop=\"text\" ><p style=\"text-align: center;\"><span style=\"font-size: 18pt;\"><strong>Senadores impulsan con fuerza el proyecto ley Jacinta para fortalecer la seguridad vial y la protecci\u00f3n a las v\u00edctimas<\/strong><\/span><\/p>\n<div id=\"gtx-trans\" style=\"position: absolute; left: -50px; top: 4.31534px;\">\n<div class=\"gtx-trans-icon\"><\/div>\n<\/div>\n<\/div><\/section><\/div><div class=\"flex_column av_one_full  flex_column_div av-zero-column-padding first  avia-builder-el-4  el_after_av_one_full  el_before_av_hr  column-top-margin\" style='border-radius:0px; '><section class=\"av_textblock_section \"  itemscope=\"itemscope\" itemtype=\"https:\/\/schema.org\/BlogPosting\" itemprop=\"blogPost\" ><div class='avia_textblock  '   itemprop=\"text\" ><p style=\"text-align: justify;\"><em>La Ley Jacinta avanza con amplio respaldo en el Senado, consolid\u00e1ndose como una iniciativa que busca transformar la seguridad vial en Chile, promoviendo conductores m\u00e1s seguros, veh\u00edculos con tecnolog\u00eda y un sistema de apoyo integral para las v\u00edctimas de accidentes de tr\u00e1nsito.<\/em><\/p>\n<p style=\"text-align: justify;\">Inspirada en la historia de Jacinta Gonz\u00e1lez, la ni\u00f1a que perdi\u00f3 la vida en un accidente evitable, la propuesta apunta a perfeccionar la evaluaci\u00f3n m\u00e9dica de los conductores, duplicar las coberturas econ\u00f3micas del seguro obligatorio y establecer protocolos humanos\u00a0 y laborales de acompa\u00f1amiento para las familias que enfrentan la p\u00e9rdida de un ser querido.<\/p>\n<p style=\"text-align: justify;\">El proyecto cuenta con el apoyo transversal de senadores como Ximena Rinc\u00f3n, Francisco Chahu\u00e1n, Mat\u00edas Walker, Claudia Pascual, Tom\u00e1s De Rementer\u00eda y Jos\u00e9 Miguel Insulza, quienes destacaron su valor humano y su contribuci\u00f3n a una conducci\u00f3n m\u00e1s segura y moderna.<\/p>\n<p style=\"text-align: justify;\">El senador Mat\u00edas Walker subray\u00f3 el trabajo legislativo realizado: \u201cVamos a seguir impulsando la Ley Jacinta desde la Comisi\u00f3n de Transporte y buscaremos que sea votada prontamente. Es un proyecto integral, que fortalece la seguridad vial y asegura mayor protecci\u00f3n para los ni\u00f1os y para todos quienes transitan por nuestras v\u00edas.\u201d<\/p>\n<p style=\"text-align: justify;\">Por su parte, el senador Tom\u00e1s De Rementer\u00eda enfatiz\u00f3 el car\u00e1cter solidario de la propuesta: \u201cComo padre, me conmueve profundamente este proyecto. La Ley Jacinta permitir\u00e1 avanzar en protocolos de apoyo a las familias, establecer un fuero laboral para quienes enfrentan una p\u00e9rdida, y mejorar las coberturas del seguro obligatorio. Todo esto se traduce en m\u00e1s seguridad, empat\u00eda y acompa\u00f1amiento.\u201d<\/p>\n<p style=\"text-align: justify;\">El senador Jos\u00e9 Miguel Insulza tambi\u00e9n expres\u00f3 su respaldo, destacando la dimensi\u00f3n humana de la iniciativa: \u201cQuienes hemos vivido el dolor de perder un hijo sabemos lo importante que es avanzar en una legislaci\u00f3n que acompa\u00f1e y proteja. Esta ley cuenta con todo mi apoyo.\u201d<\/p>\n<p style=\"text-align: justify;\">Desde la sociedad civil, Max Schnitzer, abuelo de Jacinta y principal impulsor del proyecto, valor\u00f3 el apoyo transversal del Senado: \u201cHemos conversado con todos los senadores para explicar en detalle el esp\u00edritu del proyecto. Con la Ley Jacinta lograremos conductores m\u00e1s seguros, coberturas econ\u00f3micas , plazos de pago de las compa\u00f1\u00edas de seguros m\u00e1s r\u00e1pidas y una protecci\u00f3n laboral y humana real para las v\u00edctimas y sus familias.\u201d<\/p>\n<p style=\"text-align: justify;\">La Ley Jacinta se ha convertido en un s\u00edmbolo de justicia, seguridad econ\u00f3mica, laboral, humana y empat\u00eda, que busca modernizar la conducci\u00f3n, promover veh\u00edculos con mejores est\u00e1ndares tecnol\u00f3gicos y entregar un marco de protecci\u00f3n integral a quienes m\u00e1s lo necesitan.<\/p>\n<p style=\"text-align: justify;\">Su pronta aprobaci\u00f3n representar\u00e1 un avance significativo hacia una cultura vial m\u00e1s responsable, solidaria y humana.<\/p>\n<\/div><\/section><\/div><div  style='height:50px' class='hr hr-invisible   avia-builder-el-6  el_after_av_one_full  el_before_av_social_share '><span class='hr-inner ' ><span class='hr-inner-style'><\/span><\/span><\/div><\/p>\n<div  class='av-social-sharing-box  avia-builder-el-7  el_after_av_hr  el_before_av_hr  '><div class='av-share-box'><h5 class='av-share-link-description av-no-toc '>Compartir esta noticia<\/h5><ul class='av-share-box-list noLightbox'><li class='av-share-link av-social-link-facebook' ><a target=\"_blank\" aria-label=\"Compartir en Facebook\" href='https:\/\/www.facebook.com\/sharer.php?u=https:\/\/radiorevelacionfm.cl\/?p=61290&#038;t=Senadores%20impulsan%20con%20fuerza%20el%20proyecto%20ley%20Jacinta%20para%20fortalecer%20la%20seguridad%20vial%20y%20la%20protecci%C3%B3n%20a%20las%20v%C3%ADctimas' aria-hidden='false' data-av_icon='\ue8f3' data-av_iconfont='entypo-fontello' title='' data-avia-related-tooltip='Compartir en Facebook' rel=\"noopener\"><span class='avia_hidden_link_text'>Compartir en Facebook<\/span><\/a><\/li><li class='av-share-link av-social-link-twitter' ><a target=\"_blank\" aria-label=\"Compartir en Twitter\" href='https:\/\/twitter.com\/share?text=Senadores%20impulsan%20con%20fuerza%20el%20proyecto%20ley%20Jacinta%20para%20fortalecer%20la%20seguridad%20vial%20y%20la%20protecci%C3%B3n%20a%20las%20v%C3%ADctimas&#038;url=https:\/\/radiorevelacionfm.cl\/?p=61290' aria-hidden='false' data-av_icon='\ue8f1' data-av_iconfont='entypo-fontello' title='' data-avia-related-tooltip='Compartir en Twitter' rel=\"noopener\"><span class='avia_hidden_link_text'>Compartir en Twitter<\/span><\/a><\/li><li class='av-share-link av-social-link-whatsapp' ><a target=\"_blank\" aria-label=\"Compartir en Whatsapp\" href='https:\/\/api.whatsapp.com\/send?text=https:\/\/radiorevelacionfm.cl\/?p=61290' aria-hidden='false' data-av_icon='\uf232' data-av_iconfont='entypo-fontello' title='' data-avia-related-tooltip='Compartir en Whatsapp' rel=\"noopener\"><span class='avia_hidden_link_text'>Compartir en Whatsapp<\/span><\/a><\/li><li class='av-share-link av-social-link-linkedin' ><a target=\"_blank\" aria-label=\"Compartir en LinkedIn\" href='https:\/\/linkedin.com\/shareArticle?mini=true&#038;title=Senadores%20impulsan%20con%20fuerza%20el%20proyecto%20ley%20Jacinta%20para%20fortalecer%20la%20seguridad%20vial%20y%20la%20protecci%C3%B3n%20a%20las%20v%C3%ADctimas&#038;url=https:\/\/radiorevelacionfm.cl\/?p=61290' aria-hidden='false' data-av_icon='\ue8fc' data-av_iconfont='entypo-fontello' title='' data-avia-related-tooltip='Compartir en LinkedIn' rel=\"noopener\"><span class='avia_hidden_link_text'>Compartir en LinkedIn<\/span><\/a><\/li><li class='av-share-link av-social-link-mail' ><a  aria-label=\"Compartir por correo\" href='mailto:?subject=Senadores%20impulsan%20con%20fuerza%20el%20proyecto%20ley%20Jacinta%20para%20fortalecer%20la%20seguridad%20vial%20y%20la%20protecci%C3%B3n%20a%20las%20v%C3%ADctimas&#038;body=https:\/\/radiorevelacionfm.cl\/?p=61290' aria-hidden='false' data-av_icon='\ue805' data-av_iconfont='entypo-fontello' title='' data-avia-related-tooltip='Compartir por correo'><span class='avia_hidden_link_text'>Compartir por correo<\/span><\/a><\/li><\/ul><\/div><\/div>\n<div  style='height:50px' class='hr hr-invisible   avia-builder-el-8  el_after_av_social_share  el_before_av_comments_list '><span class='hr-inner ' ><span class='hr-inner-style'><\/span><\/span><\/div>\n<div  class='av-buildercomment  av-blog-meta-html-info-disabled av-blog-meta-tag-disabled  '><\/div>\n","protected":false},"excerpt":{"rendered":"","protected":false},"author":1,"featured_media":61292,"comment_status":"closed","ping_status":"closed","sticky":false,"template":"","format":"standard","meta":{"footnotes":""},"categories":[61,35],"tags":[],"class_list":["post-61290","post","type-post","status-publish","format-standard","has-post-thumbnail","hentry","category-nacional","category-politica"],"jetpack_featured_media_url":"https:\/\/radiorevelacionfm.cl\/wp-content\/uploads\/2025\/11\/insulza-rementeria_optimized-1.jpeg","_links":{"self":[{"href":"https:\/\/radiorevelacionfm.cl\/index.php?rest_route=\/wp\/v2\/posts\/61290","targetHints":{"allow":["GET"]}}],"collection":[{"href":"https:\/\/radiorevelacionfm.cl\/index.php?rest_route=\/wp\/v2\/posts"}],"about":[{"href":"https:\/\/radiorevelacionfm.cl\/index.php?rest_route=\/wp\/v2\/types\/post"}],"author":[{"embeddable":true,"href":"https:\/\/radiorevelacionfm.cl\/index.php?rest_route=\/wp\/v2\/users\/1"}],"replies":[{"embeddable":true,"href":"https:\/\/radiorevelacionfm.cl\/index.php?rest_route=%2Fwp%2Fv2%2Fcomments&post=61290"}],"version-history":[{"count":2,"href":"https:\/\/radiorevelacionfm.cl\/index.php?rest_route=\/wp\/v2\/posts\/61290\/revisions"}],"predecessor-version":[{"id":61304,"href":"https:\/\/radiorevelacionfm.cl\/index.php?rest_route=\/wp\/v2\/posts\/61290\/revisions\/61304"}],"wp:featuredmedia":[{"embeddable":true,"href":"https:\/\/radiorevelacionfm.cl\/index.php?rest_route=\/wp\/v2\/media\/61292"}],"wp:attachment":[{"href":"https:\/\/radiorevelacionfm.cl\/index.php?rest_route=%2Fwp%2Fv2%2Fmedia&parent=61290"}],"wp:term":[{"taxonomy":"category","embeddable":true,"href":"https:\/\/radiorevelacionfm.cl\/index.php?rest_route=%2Fwp%2Fv2%2Fcategories&post=61290"},{"taxonomy":"post_tag","embeddable":true,"href":"https:\/\/radiorevelacionfm.cl\/index.php?rest_route=%2Fwp%2Fv2%2Ftags&post=61290"}],"curies":[{"name":"wp","href":"https:\/\/api.w.org\/{rel}","templated":true}]}}