{"id":6129,"date":"2021-07-09T20:07:15","date_gmt":"2021-07-09T23:07:15","guid":{"rendered":"https:\/\/radiorevelacionfm.cl\/?p=6129"},"modified":"2021-07-09T20:07:15","modified_gmt":"2021-07-09T23:07:15","slug":"autoridades-visitan-locales-del-rubro-gastronomico-tras-nuevos-anuncios-del-plan-paso-a-paso","status":"publish","type":"post","link":"https:\/\/radiorevelacionfm.cl\/?p=6129","title":{"rendered":"Autoridades visitan locales del rubro gastron\u00f3mico tras nuevos anuncios del Plan Paso a Paso"},"content":{"rendered":"<div class=\"flex_column av_one_full  flex_column_div av-zero-column-padding first  avia-builder-el-0  el_before_av_one_full  avia-builder-el-first  \" style='border-radius:0px; '><div  class='avia-image-container  av-styling-    avia-builder-el-1  avia-builder-el-no-sibling  avia-align-center '  itemprop=\"image\" itemscope=\"itemscope\" itemtype=\"https:\/\/schema.org\/ImageObject\"  ><div class='avia-image-container-inner'><div class='avia-image-overlay-wrap'><img decoding=\"async\" class='wp-image-0 avia-img-lazy-loading-not-0 avia_image' src=\"https:\/\/radiorevelacionfm.cl\/wp-content\/uploads\/2021\/07\/Gastronomicos1-1-1.jpg\" alt='' title=''   itemprop=\"thumbnailUrl\"  \/><\/div><\/div><\/div><\/div><div class=\"flex_column av_one_full  flex_column_div av-zero-column-padding first  avia-builder-el-2  el_after_av_one_full  el_before_av_one_full  column-top-margin\" style='border-radius:0px; '><section class=\"av_textblock_section \"  itemscope=\"itemscope\" itemtype=\"https:\/\/schema.org\/BlogPosting\" itemprop=\"blogPost\" ><div class='avia_textblock  '   itemprop=\"text\" ><p style=\"text-align: center;\"><strong><span style=\"font-size: 18pt;\">Autoridades visitan locales del rubro gastron\u00f3mico tras nuevos anuncios del Plan Paso a Paso<\/span><\/strong><\/p>\n<div id=\"gtx-trans\" style=\"position: absolute; left: -50px; top: 4.31534px;\">\n<div class=\"gtx-trans-icon\"><\/div>\n<\/div>\n<\/div><\/section><\/div><div class=\"flex_column av_one_full  flex_column_div av-zero-column-padding first  avia-builder-el-4  el_after_av_one_full  el_before_av_hr  column-top-margin\" style='border-radius:0px; '><section class=\"av_textblock_section \"  itemscope=\"itemscope\" itemtype=\"https:\/\/schema.org\/BlogPosting\" itemprop=\"blogPost\" ><div class='avia_textblock  '   itemprop=\"text\" ><p style=\"text-align: justify;\">Este viernes 9 de julio, las autoridades regionales encabezadas por la Intendenta Margarita Ossa, la seremi de Salud Alejandra Valdebenito y el director del Sernatur Patricio Bastias, se trasladaron hasta el Caf\u00e9 Express de Coyhaique para dialogar con los responsables del negocio luego de conocer las nuevas medidas del Plan Paso a Paso.<\/p>\n<p style=\"text-align: justify;\">Fue la propia Intendenta Margarita Ossa qui\u00e9n explic\u00f3 el sentir del Gobierno, se\u00f1alando que \u201ccontentos estamos, la verdad es que quisimos venir a visitarlos \u2013 aunque ya hab\u00edamos estado conversando en d\u00edas previos \u2013 pero tras los anuncios de ayer del Presidente Sebasti\u00e1n Pi\u00f1era sobre las modificaciones \u2013 esta pandemia tan sacrificada para ellos, ha sido una gran noticia\u201d, dijo.<\/p>\n<p style=\"text-align: justify;\">En esa misma l\u00ednea, Ossa Rojas explic\u00f3 que \u201chemos estado en un trabajo continuo desde el punto de vista regional, con un enorme esfuerzo, hemos levantado una serie de propuestas y muchas de ellas son acogidas en esta modificaci\u00f3n del Plan Paso a Paso y ya el pr\u00f3ximo jueves se concreta la apertura definitiva en transici\u00f3n\u201d agregando que \u201clo que por supuesto es un alivio, una alegr\u00eda, hay mucho que seguir avanzando pero sin duda que es un avance\u201d, puntualiz\u00f3.<\/p>\n<p style=\"text-align: justify;\">Adolfo Figueroa, administrador del Caf\u00e9 Express de Coyhaique, no ocult\u00f3 su satisfacci\u00f3n tras saber que tanto ellos como el resto de sus pares podr\u00e1 operar a contar del pr\u00f3ximo 15 de julio, explicando que \u201ccomo gremio y trabajadores estamos muy felices y contentos de poder abrir nuestras puertas, con los cambios que se anunciaron estamos m\u00e1s tranquilos, y as\u00ed tener m\u00e1s permanencia aunque hab\u00edamos abierto en algunas oportunidades \u2013 pocos d\u00edas \u2013 y a todos se nos ha puesto muy dif\u00edcil, pero esperamos y tenemos la esperanza de superar este tipo de inconvenientes y trabajar m\u00e1s tranquilamente\u201d, se\u00f1al\u00f3.<\/p>\n<p style=\"text-align: justify;\">Acto seguido, acot\u00f3 \u201cfue un trabajo grande, bien mancomunado, se form\u00f3 una asociaci\u00f3n y afortunadamente se reconocieron varias cosas que se presentaron y hoy se ven plasmados en las novedades que nos presentaron\u201d acotando que \u201cseguir manteniendo todas las medidas de seguridad, protocolos, porque en la medida que cumplamos vamos a tener m\u00e1s posibilidad de seguir trabajando\u201d.<\/p>\n<p style=\"text-align: justify;\">Consultada la seremi de Salud, Alejandra Valdebenito, sobre c\u00f3mo podr\u00e1n operar desde el 15 en adelante los distintos comercios, la autoridad explic\u00f3 que la clave es el Pase de Movilidad, explicando que \u201choy vamos a tener mayores libertades pero tambi\u00e9n mayores responsabilidades, pero debemos seguir trabajando con el otro 50% que son las medidas de autocuidado\u201d resaltando acto seguido que \u201cla gente que quiera ir a los restoranes tiene que venir con su pase de movilidad, tiene que estar con su esquema completo de vacunaci\u00f3n para que nos podamos proteger, para que sigamos avanzando, para que no colmemos nuestros hospitales; por supuesto que el Covid no va a terminar, pero debemos cambiar nuestra premisa de lucha contra el Covid a aprender a vivir con el Coronavirus\u201d.<\/p>\n<p style=\"text-align: justify;\"><strong>Impacto<\/strong><\/p>\n<p style=\"text-align: justify;\">Sin duda que los nuevos anuncios buscar tener un impacto m\u00e1s amplio en nuestra regi\u00f3n, cuesti\u00f3n de la que son conscientes en Sernatur regi\u00f3n de Ays\u00e9n, seg\u00fan explic\u00f3 su director Patricio Bastias.<\/p>\n<p style=\"text-align: justify;\">\u201cClaramente el aumento de la movilidad afecta a la actividad tur\u00edstica y tenemos la esperanza de que hemos iniciado una nueva etapa, ya lo vemos en el mundo gastron\u00f3mico y claramente el llamado es a seguir cuid\u00e1ndose; el mejor negocio para los gastron\u00f3micos es que la gente est\u00e9 sana y que la gente siga vacun\u00e1ndose\u201d.<\/p>\n<p style=\"text-align: justify;\">Respecto del trabajo en la regi\u00f3n, Bastias precis\u00f3 que \u201cen la regi\u00f3n tenemos m\u00e1s de 500 certificados de confianza es decir, los empresarios tur\u00edsticos han adherido medidas sanitarias para entregar un servicio acorde a la condici\u00f3n que estamos viviendo, est\u00e1n preocupados para poder seguir atendiendo porque el turismo tiene mucho que aportar a nuestra regi\u00f3n\u201d, concluy\u00f3.<\/p>\n<\/div><\/section><\/div><div  style='height:50px' class='hr hr-invisible   avia-builder-el-6  el_after_av_one_full  el_before_av_social_share '><span class='hr-inner ' ><span class='hr-inner-style'><\/span><\/span><\/div><\/p>\n<div  class='av-social-sharing-box  avia-builder-el-7  el_after_av_hr  el_before_av_hr  '><div class='av-share-box'><h5 class='av-share-link-description av-no-toc '>Compartir esta noticia<\/h5><ul class='av-share-box-list noLightbox'><li class='av-share-link av-social-link-facebook' ><a target=\"_blank\" aria-label=\"Compartir en Facebook\" href='https:\/\/www.facebook.com\/sharer.php?u=https:\/\/radiorevelacionfm.cl\/?p=6129&#038;t=Autoridades%20visitan%20locales%20del%20rubro%20gastron%C3%B3mico%20tras%20nuevos%20anuncios%20del%20Plan%20Paso%20a%20Paso' aria-hidden='false' data-av_icon='\ue8f3' data-av_iconfont='entypo-fontello' title='' data-avia-related-tooltip='Compartir en Facebook' rel=\"noopener\"><span class='avia_hidden_link_text'>Compartir en Facebook<\/span><\/a><\/li><li class='av-share-link av-social-link-twitter' ><a target=\"_blank\" aria-label=\"Compartir en Twitter\" href='https:\/\/twitter.com\/share?text=Autoridades%20visitan%20locales%20del%20rubro%20gastron%C3%B3mico%20tras%20nuevos%20anuncios%20del%20Plan%20Paso%20a%20Paso&#038;url=https:\/\/radiorevelacionfm.cl\/?p=6129' aria-hidden='false' data-av_icon='\ue8f1' data-av_iconfont='entypo-fontello' title='' data-avia-related-tooltip='Compartir en Twitter' rel=\"noopener\"><span class='avia_hidden_link_text'>Compartir en Twitter<\/span><\/a><\/li><li class='av-share-link av-social-link-whatsapp' ><a target=\"_blank\" aria-label=\"Compartir en Whatsapp\" href='https:\/\/api.whatsapp.com\/send?text=https:\/\/radiorevelacionfm.cl\/?p=6129' aria-hidden='false' data-av_icon='\uf232' data-av_iconfont='entypo-fontello' title='' data-avia-related-tooltip='Compartir en Whatsapp' rel=\"noopener\"><span class='avia_hidden_link_text'>Compartir en Whatsapp<\/span><\/a><\/li><li class='av-share-link av-social-link-linkedin' ><a target=\"_blank\" aria-label=\"Compartir en LinkedIn\" href='https:\/\/linkedin.com\/shareArticle?mini=true&#038;title=Autoridades%20visitan%20locales%20del%20rubro%20gastron%C3%B3mico%20tras%20nuevos%20anuncios%20del%20Plan%20Paso%20a%20Paso&#038;url=https:\/\/radiorevelacionfm.cl\/?p=6129' aria-hidden='false' data-av_icon='\ue8fc' data-av_iconfont='entypo-fontello' title='' data-avia-related-tooltip='Compartir en LinkedIn' rel=\"noopener\"><span class='avia_hidden_link_text'>Compartir en LinkedIn<\/span><\/a><\/li><li class='av-share-link av-social-link-mail' ><a  aria-label=\"Compartir por correo\" href='mailto:?subject=Autoridades%20visitan%20locales%20del%20rubro%20gastron%C3%B3mico%20tras%20nuevos%20anuncios%20del%20Plan%20Paso%20a%20Paso&#038;body=https:\/\/radiorevelacionfm.cl\/?p=6129' aria-hidden='false' data-av_icon='\ue805' data-av_iconfont='entypo-fontello' title='' data-avia-related-tooltip='Compartir por correo'><span class='avia_hidden_link_text'>Compartir por correo<\/span><\/a><\/li><\/ul><\/div><\/div>\n<div  style='height:50px' class='hr hr-invisible   avia-builder-el-8  el_after_av_social_share  el_before_av_comments_list '><span class='hr-inner ' ><span class='hr-inner-style'><\/span><\/span><\/div>\n<div  class='av-buildercomment  av-blog-meta-html-info-disabled av-blog-meta-tag-disabled  '><\/div>\n","protected":false},"excerpt":{"rendered":"","protected":false},"author":1,"featured_media":0,"comment_status":"open","ping_status":"open","sticky":false,"template":"","format":"standard","meta":{"footnotes":""},"categories":[38],"tags":[],"class_list":["post-6129","post","type-post","status-publish","format-standard","hentry","category-regional"],"jetpack_featured_media_url":"","_links":{"self":[{"href":"https:\/\/radiorevelacionfm.cl\/index.php?rest_route=\/wp\/v2\/posts\/6129","targetHints":{"allow":["GET"]}}],"collection":[{"href":"https:\/\/radiorevelacionfm.cl\/index.php?rest_route=\/wp\/v2\/posts"}],"about":[{"href":"https:\/\/radiorevelacionfm.cl\/index.php?rest_route=\/wp\/v2\/types\/post"}],"author":[{"embeddable":true,"href":"https:\/\/radiorevelacionfm.cl\/index.php?rest_route=\/wp\/v2\/users\/1"}],"replies":[{"embeddable":true,"href":"https:\/\/radiorevelacionfm.cl\/index.php?rest_route=%2Fwp%2Fv2%2Fcomments&post=6129"}],"version-history":[{"count":1,"href":"https:\/\/radiorevelacionfm.cl\/index.php?rest_route=\/wp\/v2\/posts\/6129\/revisions"}],"predecessor-version":[{"id":6131,"href":"https:\/\/radiorevelacionfm.cl\/index.php?rest_route=\/wp\/v2\/posts\/6129\/revisions\/6131"}],"wp:attachment":[{"href":"https:\/\/radiorevelacionfm.cl\/index.php?rest_route=%2Fwp%2Fv2%2Fmedia&parent=6129"}],"wp:term":[{"taxonomy":"category","embeddable":true,"href":"https:\/\/radiorevelacionfm.cl\/index.php?rest_route=%2Fwp%2Fv2%2Fcategories&post=6129"},{"taxonomy":"post_tag","embeddable":true,"href":"https:\/\/radiorevelacionfm.cl\/index.php?rest_route=%2Fwp%2Fv2%2Ftags&post=6129"}],"curies":[{"name":"wp","href":"https:\/\/api.w.org\/{rel}","templated":true}]}}