{"id":61286,"date":"2025-11-11T17:52:59","date_gmt":"2025-11-11T20:52:59","guid":{"rendered":"https:\/\/radiorevelacionfm.cl\/?p=61286"},"modified":"2025-11-11T17:52:59","modified_gmt":"2025-11-11T20:52:59","slug":"centro-de-padres-del-jardin-futuro-austral-lanza-proyecto-fpa-2025-para-promover-educacion-ambiental-y-energias-limpias-desde-la-primera-infancia","status":"publish","type":"post","link":"https:\/\/radiorevelacionfm.cl\/?p=61286","title":{"rendered":"Centro de Padres del Jard\u00edn Futuro Austral lanza proyecto FPA 2025 para promover educaci\u00f3n ambiental y energ\u00edas limpias desde la primera infancia"},"content":{"rendered":"<div class=\"flex_column av_one_full  flex_column_div av-zero-column-padding first  avia-builder-el-0  el_before_av_one_full  avia-builder-el-first  \" style='border-radius:0px; '><div  class='avia-image-container  av-styling-    avia-builder-el-1  avia-builder-el-no-sibling  avia-align-center '  itemprop=\"image\" itemscope=\"itemscope\" itemtype=\"https:\/\/schema.org\/ImageObject\"  ><div class='avia-image-container-inner'><div class='avia-image-overlay-wrap'><img decoding=\"async\" class='wp-image-61287 avia-img-lazy-loading-not-61287 avia_image' src=\"https:\/\/radiorevelacionfm.cl\/wp-content\/uploads\/2025\/11\/WhatsApp-Image-2025-11-07-at-12.51.31-PM-1-1.jpeg\" alt='' title='WhatsApp Image 2025-11-07 at 12.51.31 PM (1) (1)' height=\"600\" width=\"800\"  itemprop=\"thumbnailUrl\" srcset=\"https:\/\/radiorevelacionfm.cl\/wp-content\/uploads\/2025\/11\/WhatsApp-Image-2025-11-07-at-12.51.31-PM-1-1.jpeg 800w, https:\/\/radiorevelacionfm.cl\/wp-content\/uploads\/2025\/11\/WhatsApp-Image-2025-11-07-at-12.51.31-PM-1-1-300x225.jpeg 300w, https:\/\/radiorevelacionfm.cl\/wp-content\/uploads\/2025\/11\/WhatsApp-Image-2025-11-07-at-12.51.31-PM-1-1-768x576.jpeg 768w, https:\/\/radiorevelacionfm.cl\/wp-content\/uploads\/2025\/11\/WhatsApp-Image-2025-11-07-at-12.51.31-PM-1-1-705x529.jpeg 705w, https:\/\/radiorevelacionfm.cl\/wp-content\/uploads\/2025\/11\/WhatsApp-Image-2025-11-07-at-12.51.31-PM-1-1-450x338.jpeg 450w, https:\/\/radiorevelacionfm.cl\/wp-content\/uploads\/2025\/11\/WhatsApp-Image-2025-11-07-at-12.51.31-PM-1-1-600x450.jpeg 600w\" sizes=\"(max-width: 800px) 100vw, 800px\" \/><\/div><\/div><\/div><\/div><div class=\"flex_column av_one_full  flex_column_div av-zero-column-padding first  avia-builder-el-2  el_after_av_one_full  el_before_av_one_full  column-top-margin\" style='border-radius:0px; '><section class=\"av_textblock_section \"  itemscope=\"itemscope\" itemtype=\"https:\/\/schema.org\/BlogPosting\" itemprop=\"blogPost\" ><div class='avia_textblock  '   itemprop=\"text\" ><p style=\"text-align: center;\"><span style=\"font-size: 18pt;\"><strong>Centro de Padres del Jard\u00edn Futuro Austral lanza proyecto FPA 2025 para promover educaci\u00f3n ambiental y energ\u00edas limpias desde la primera infancia<\/strong><\/span><\/p>\n<div id=\"gtx-trans\" style=\"position: absolute; left: -50px; top: 4.31534px;\">\n<div class=\"gtx-trans-icon\"><\/div>\n<\/div>\n<\/div><\/section><\/div><div class=\"flex_column av_one_full  flex_column_div av-zero-column-padding first  avia-builder-el-4  el_after_av_one_full  el_before_av_hr  column-top-margin\" style='border-radius:0px; '><section class=\"av_textblock_section \"  itemscope=\"itemscope\" itemtype=\"https:\/\/schema.org\/BlogPosting\" itemprop=\"blogPost\" ><div class='avia_textblock  '   itemprop=\"text\" ><p style=\"text-align: justify;\">Con entusiasmo y participaci\u00f3n de autoridades y la comunidad educativa del Jard\u00edn Futuro Austral, el Centro de Padres y Apoderados del establecimiento educacional realiz\u00f3 la ceremonia de lanzamiento del proyecto \u201cEl Sol como Fuente de Energ\u00eda\u201d, iniciativa financiada por el Fondo de Protecci\u00f3n Ambiental FPA 2025, del Ministerio del Medio Ambiente. El evento marca un nuevo hito en la trayectoria del establecimiento como referente regional en educaci\u00f3n y gesti\u00f3n ambiental, siendo este el tercer FPA adjudicado por el equipo.<\/p>\n<p style=\"text-align: justify;\">Este proyecto no s\u00f3lo fortalece la educaci\u00f3n ambiental temprana, sino que avanza hacia la transici\u00f3n energ\u00e9tica con la instalaci\u00f3n de un sistema fotovoltaico <em>on\u2011grid<\/em>, consistente en paneles solares conectados directamente a la red el\u00e9ctrica convencional, lo que permitir\u00e1 que la electricidad generada por el propio establecimiento se inyecte a la red, o se compense con el consumo habitual. Esta configuraci\u00f3n favorece una mayor eficiencia, optimizaci\u00f3n de recursos y aprovechamiento de las energ\u00edas renovables no convencionales (ERNC). En el contexto del proyecto, el jard\u00edn instalar\u00e1 m\u00f3dulos fotovoltaicos que permitir\u00e1n no solo el uso directo, sino tambi\u00e9n un aprendizaje pr\u00e1ctico en torno a la generaci\u00f3n de energ\u00eda limpia.<\/p>\n<p style=\"text-align: justify;\">La coordinadora del proyecto y encargada de Medio Ambiente del Jard\u00edn Infantil Futuro Austral, Yannia P\u00e9rez C\u00e1rdenas, se\u00f1al\u00f3 que <em>\u201ceste proyecto refuerza nuestro compromiso con la gesti\u00f3n y educaci\u00f3n ambiental y nos permite abordar la eficiencia energ\u00e9tica, un \u00e1mbito que ten\u00edamos pendiente. Gracias a la instalaci\u00f3n de los paneles solares podremos incluso alimentar con energ\u00eda limpia nuestro bibliob\u00fas, lo que nos entusiasma much\u00edsimo. Estamos convencidos de que los h\u00e1bitos sustentables se aprenden desde la infancia; por eso, este proyecto es una oportunidad para cultivar valores como el respeto por la naturaleza, el uso responsable de los recursos y la conciencia sobre el futuro que queremos construir.\u201d<\/em><\/p>\n<p style=\"text-align: justify;\">Este esfuerzo educativo coincide con el impulso global de la acci\u00f3n clim\u00e1tica de la COP30, reforzando que las comunidades locales \u2014y en particular los establecimientos educativos\u2014 puedan ser actores significativos en la mitigaci\u00f3n del cambio clim\u00e1tico y la promoci\u00f3n de tecnolog\u00edas limpias. El SEREMI del Medio Ambiente, Yoal D\u00edaz Reyes, destac\u00f3 que<em> \u201ceste proyecto refleja c\u00f3mo la educaci\u00f3n ambiental y la acci\u00f3n clim\u00e1tica pueden comenzar desde la primera infancia. Iniciativas como \u00e9sta son las que marcan la diferencia, porque conectan el aprendizaje con la pr\u00e1ctica y demuestran que el cambio hacia la sustentabilidad se construye desde las comunidades locales.\u201d,<\/em> destacando adem\u00e1s la trayectoria del establecimiento que en su gesti\u00f3n ha alcanzad el nivel de Excelencia en el Sistema de Certificaci\u00f3n Ambiental de Establecimientos Educacionales SNCAE y hace unos a\u00f1os, portador el premio Carolina Hazard al mejor proyecto FPA ejecutado en la regi\u00f3n.<\/p>\n<p style=\"text-align: justify;\">El Jard\u00edn Infantil Futuro\u202fAustral, adscrito al Servicio Local de Educaci\u00f3n P\u00fablica Ays\u00e9n (SLEP), se posiciona como referente regional en gesti\u00f3n y educaci\u00f3n ambiental. Su trayectoria demuestra un compromiso sostenido con pr\u00e1cticas ecol\u00f3gicas, educaci\u00f3n para la sustentabilidad y participaci\u00f3n comunitaria, convirti\u00e9ndolo en un modelo para otros recintos de la regi\u00f3n.<\/p>\n<p style=\"text-align: justify;\">Cabe destacar que el proyecto se alinea tambi\u00e9n con otras iniciativas de la regi\u00f3n vinculadas a la empresa Ant\u00fc\u202fEnerg\u00eda, empresa a cargo de la implementaci\u00f3n de las tecnolog\u00edas en el establecimiento, que han permitido democratizar el acceso a energ\u00eda solar. Por ejemplo, el proyecto \u201c<em>Tit\u00e1n, Mi\u202fEnerg\u00eda<\/em>\u201d, apoyado por CORFO Ays\u00e9n, introduce paneles solares virtuales (PSV) y modelos de propiedad compartida para que hogares y pymes participen en generaci\u00f3n fotovoltaica sin necesidad de disponer del espacio f\u00edsico para los paneles. Este tipo de iniciativas demuestra que la regi\u00f3n de Ays\u00e9n est\u00e1 avanzando hacia un modelo energ\u00e9tico m\u00e1s sustentable, descentralizado y con participaci\u00f3n ciudadana: el proyecto del jard\u00edn se inserta precisamente en este marco.<\/p>\n<p style=\"text-align: justify;\">Finalmente, en el contexto de la acci\u00f3n clim\u00e1tica y el desarrollo local, este proyecto reafirma la funci\u00f3n del FPA como instrumento clave del Ministerio del Medio Ambiente para impulsar soluciones innovadoras en territorios, especialmente en la educaci\u00f3n formal, permitiendo que los ni\u00f1os y ni\u00f1as \u2014<em>y toda la comunidad escolar<\/em>\u2014 sean protagonistas del cambio hacia una matriz energ\u00e9tica m\u00e1s limpia y una cultura de sustentabilidad.<\/p>\n<\/div><\/section><\/div><div  style='height:50px' class='hr hr-invisible   avia-builder-el-6  el_after_av_one_full  el_before_av_social_share '><span class='hr-inner ' ><span class='hr-inner-style'><\/span><\/span><\/div><\/p>\n<div  class='av-social-sharing-box  avia-builder-el-7  el_after_av_hr  el_before_av_hr  '><div class='av-share-box'><h5 class='av-share-link-description av-no-toc '>Compartir esta noticia<\/h5><ul class='av-share-box-list noLightbox'><li class='av-share-link av-social-link-facebook' ><a target=\"_blank\" aria-label=\"Compartir en Facebook\" href='https:\/\/www.facebook.com\/sharer.php?u=https:\/\/radiorevelacionfm.cl\/?p=61286&#038;t=Centro%20de%20Padres%20del%20Jard%C3%ADn%20Futuro%20Austral%20lanza%20proyecto%20FPA%202025%20para%20promover%20educaci%C3%B3n%20ambiental%20y%20energ%C3%ADas%20limpias%20desde%20la%20primera%20infancia' aria-hidden='false' data-av_icon='\ue8f3' data-av_iconfont='entypo-fontello' title='' data-avia-related-tooltip='Compartir en Facebook' rel=\"noopener\"><span class='avia_hidden_link_text'>Compartir en Facebook<\/span><\/a><\/li><li class='av-share-link av-social-link-twitter' ><a target=\"_blank\" aria-label=\"Compartir en Twitter\" href='https:\/\/twitter.com\/share?text=Centro%20de%20Padres%20del%20Jard%C3%ADn%20Futuro%20Austral%20lanza%20proyecto%20FPA%202025%20para%20promover%20educaci%C3%B3n%20ambiental%20y%20energ%C3%ADas%20limpias%20desde%20la%20primera%20infancia&#038;url=https:\/\/radiorevelacionfm.cl\/?p=61286' aria-hidden='false' data-av_icon='\ue8f1' data-av_iconfont='entypo-fontello' title='' data-avia-related-tooltip='Compartir en Twitter' rel=\"noopener\"><span class='avia_hidden_link_text'>Compartir en Twitter<\/span><\/a><\/li><li class='av-share-link av-social-link-whatsapp' ><a target=\"_blank\" aria-label=\"Compartir en Whatsapp\" href='https:\/\/api.whatsapp.com\/send?text=https:\/\/radiorevelacionfm.cl\/?p=61286' aria-hidden='false' data-av_icon='\uf232' data-av_iconfont='entypo-fontello' title='' data-avia-related-tooltip='Compartir en Whatsapp' rel=\"noopener\"><span class='avia_hidden_link_text'>Compartir en Whatsapp<\/span><\/a><\/li><li class='av-share-link av-social-link-linkedin' ><a target=\"_blank\" aria-label=\"Compartir en LinkedIn\" href='https:\/\/linkedin.com\/shareArticle?mini=true&#038;title=Centro%20de%20Padres%20del%20Jard%C3%ADn%20Futuro%20Austral%20lanza%20proyecto%20FPA%202025%20para%20promover%20educaci%C3%B3n%20ambiental%20y%20energ%C3%ADas%20limpias%20desde%20la%20primera%20infancia&#038;url=https:\/\/radiorevelacionfm.cl\/?p=61286' aria-hidden='false' data-av_icon='\ue8fc' data-av_iconfont='entypo-fontello' title='' data-avia-related-tooltip='Compartir en LinkedIn' rel=\"noopener\"><span class='avia_hidden_link_text'>Compartir en LinkedIn<\/span><\/a><\/li><li class='av-share-link av-social-link-mail' ><a  aria-label=\"Compartir por correo\" href='mailto:?subject=Centro%20de%20Padres%20del%20Jard%C3%ADn%20Futuro%20Austral%20lanza%20proyecto%20FPA%202025%20para%20promover%20educaci%C3%B3n%20ambiental%20y%20energ%C3%ADas%20limpias%20desde%20la%20primera%20infancia&#038;body=https:\/\/radiorevelacionfm.cl\/?p=61286' aria-hidden='false' data-av_icon='\ue805' data-av_iconfont='entypo-fontello' title='' data-avia-related-tooltip='Compartir por correo'><span class='avia_hidden_link_text'>Compartir por correo<\/span><\/a><\/li><\/ul><\/div><\/div>\n<div  style='height:50px' class='hr hr-invisible   avia-builder-el-8  el_after_av_social_share  el_before_av_comments_list '><span class='hr-inner ' ><span class='hr-inner-style'><\/span><\/span><\/div>\n<div  class='av-buildercomment  av-blog-meta-html-info-disabled av-blog-meta-tag-disabled  '><\/div>\n","protected":false},"excerpt":{"rendered":"","protected":false},"author":1,"featured_media":61287,"comment_status":"closed","ping_status":"closed","sticky":false,"template":"","format":"standard","meta":{"footnotes":""},"categories":[49],"tags":[],"class_list":["post-61286","post","type-post","status-publish","format-standard","has-post-thumbnail","hentry","category-educacion"],"jetpack_featured_media_url":"https:\/\/radiorevelacionfm.cl\/wp-content\/uploads\/2025\/11\/WhatsApp-Image-2025-11-07-at-12.51.31-PM-1-1.jpeg","_links":{"self":[{"href":"https:\/\/radiorevelacionfm.cl\/index.php?rest_route=\/wp\/v2\/posts\/61286","targetHints":{"allow":["GET"]}}],"collection":[{"href":"https:\/\/radiorevelacionfm.cl\/index.php?rest_route=\/wp\/v2\/posts"}],"about":[{"href":"https:\/\/radiorevelacionfm.cl\/index.php?rest_route=\/wp\/v2\/types\/post"}],"author":[{"embeddable":true,"href":"https:\/\/radiorevelacionfm.cl\/index.php?rest_route=\/wp\/v2\/users\/1"}],"replies":[{"embeddable":true,"href":"https:\/\/radiorevelacionfm.cl\/index.php?rest_route=%2Fwp%2Fv2%2Fcomments&post=61286"}],"version-history":[{"count":2,"href":"https:\/\/radiorevelacionfm.cl\/index.php?rest_route=\/wp\/v2\/posts\/61286\/revisions"}],"predecessor-version":[{"id":61289,"href":"https:\/\/radiorevelacionfm.cl\/index.php?rest_route=\/wp\/v2\/posts\/61286\/revisions\/61289"}],"wp:featuredmedia":[{"embeddable":true,"href":"https:\/\/radiorevelacionfm.cl\/index.php?rest_route=\/wp\/v2\/media\/61287"}],"wp:attachment":[{"href":"https:\/\/radiorevelacionfm.cl\/index.php?rest_route=%2Fwp%2Fv2%2Fmedia&parent=61286"}],"wp:term":[{"taxonomy":"category","embeddable":true,"href":"https:\/\/radiorevelacionfm.cl\/index.php?rest_route=%2Fwp%2Fv2%2Fcategories&post=61286"},{"taxonomy":"post_tag","embeddable":true,"href":"https:\/\/radiorevelacionfm.cl\/index.php?rest_route=%2Fwp%2Fv2%2Ftags&post=61286"}],"curies":[{"name":"wp","href":"https:\/\/api.w.org\/{rel}","templated":true}]}}