{"id":61281,"date":"2025-11-11T15:54:21","date_gmt":"2025-11-11T18:54:21","guid":{"rendered":"https:\/\/radiorevelacionfm.cl\/?p=61281"},"modified":"2025-11-11T15:54:21","modified_gmt":"2025-11-11T18:54:21","slug":"sistema-de-admision-escolar-sae-2026-este-miercoles-12-de-noviembre-se-inicia-el-periodo-complementario-de-postulacion","status":"publish","type":"post","link":"https:\/\/radiorevelacionfm.cl\/?p=61281","title":{"rendered":"Sistema de Admisi\u00f3n Escolar (SAE) 2026: este mi\u00e9rcoles 12 de noviembre se inicia el Periodo Complementario de Postulaci\u00f3n"},"content":{"rendered":"<div class=\"flex_column av_one_full  flex_column_div av-zero-column-padding first  avia-builder-el-0  el_before_av_one_full  avia-builder-el-first  \" style='border-radius:0px; '><div  class='avia-image-container  av-styling-    avia-builder-el-1  avia-builder-el-no-sibling  avia-align-center '  itemprop=\"image\" itemscope=\"itemscope\" itemtype=\"https:\/\/schema.org\/ImageObject\"  ><div class='avia-image-container-inner'><div class='avia-image-overlay-wrap'><img decoding=\"async\" class='wp-image-61282 avia-img-lazy-loading-not-61282 avia_image' src=\"https:\/\/radiorevelacionfm.cl\/wp-content\/uploads\/2025\/11\/SAE-periodo-complementario-1-1.jpg\" alt='' title='SAE periodo complementario (1) (1)' height=\"600\" width=\"900\"  itemprop=\"thumbnailUrl\" srcset=\"https:\/\/radiorevelacionfm.cl\/wp-content\/uploads\/2025\/11\/SAE-periodo-complementario-1-1.jpg 900w, https:\/\/radiorevelacionfm.cl\/wp-content\/uploads\/2025\/11\/SAE-periodo-complementario-1-1-300x200.jpg 300w, https:\/\/radiorevelacionfm.cl\/wp-content\/uploads\/2025\/11\/SAE-periodo-complementario-1-1-768x512.jpg 768w, https:\/\/radiorevelacionfm.cl\/wp-content\/uploads\/2025\/11\/SAE-periodo-complementario-1-1-705x470.jpg 705w, https:\/\/radiorevelacionfm.cl\/wp-content\/uploads\/2025\/11\/SAE-periodo-complementario-1-1-450x300.jpg 450w, https:\/\/radiorevelacionfm.cl\/wp-content\/uploads\/2025\/11\/SAE-periodo-complementario-1-1-600x400.jpg 600w\" sizes=\"(max-width: 900px) 100vw, 900px\" \/><\/div><\/div><\/div><\/div><div class=\"flex_column av_one_full  flex_column_div av-zero-column-padding first  avia-builder-el-2  el_after_av_one_full  el_before_av_one_full  column-top-margin\" style='border-radius:0px; '><section class=\"av_textblock_section \"  itemscope=\"itemscope\" itemtype=\"https:\/\/schema.org\/BlogPosting\" itemprop=\"blogPost\" ><div class='avia_textblock  '   itemprop=\"text\" ><p style=\"text-align: center;\"><span style=\"font-size: 18pt;\"><b>Sistema de Admisi\u00f3n Escolar (SAE) 2026: este mi\u00e9rcoles 12 de noviembre se inicia el Periodo Complementario de Postulaci\u00f3n<\/b><\/span><\/p>\n<div id=\"gtx-trans\" style=\"position: absolute; left: -50px; top: 4.31534px;\">\n<div class=\"gtx-trans-icon\"><\/div>\n<\/div>\n<\/div><\/section><\/div><div class=\"flex_column av_one_full  flex_column_div av-zero-column-padding first  avia-builder-el-4  el_after_av_one_full  el_before_av_hr  column-top-margin\" style='border-radius:0px; '><section class=\"av_textblock_section \"  itemscope=\"itemscope\" itemtype=\"https:\/\/schema.org\/BlogPosting\" itemprop=\"blogPost\" ><div class='avia_textblock  '   itemprop=\"text\" ><p style=\"font-weight: 400; text-align: justify;\"><em>Entre las 09:00 horas de este mi\u00e9rcoles 12 y las 14:00 horas del mi\u00e9rcoles 19 de noviembre las familias que no postularon en el Periodo Principal, que quedaron sin asignaci\u00f3n o que rechazaron el resultado, deber\u00e1n postular a establecimientos con vacantes disponibles. Se recomienda postular al menos a seis establecimientos en orden de preferencia.<\/em><\/p>\n<p style=\"font-weight: 400; text-align: justify;\">El Ministerio de Educaci\u00f3n informa que el Periodo Complementario de postulaci\u00f3n al Sistema de Admisi\u00f3n Escolar (SAE) 2026 se desarrollar\u00e1 entre el mi\u00e9rcoles 12 y el mi\u00e9rcoles 19 de noviembre, hasta las 14:00 horas. Esta etapa est\u00e1 dirigida a:<\/p>\n<p style=\"font-weight: 400; text-align: justify;\">Quienes no postularon en el Periodo Principal.<\/p>\n<p style=\"font-weight: 400; text-align: justify;\">Quienes no obtuvieron asignaci\u00f3n en el Periodo Principal ni en la lista de espera.<\/p>\n<p style=\"font-weight: 400; text-align: justify;\">Quienes rechazaron su establecimiento asignado en el Periodo Principal o en la lista de espera.<\/p>\n<p style=\"font-weight: 400; text-align: justify;\">Durante este periodo, m\u00e1s de 7.500 establecimientos a nivel nacional que a\u00fan cuentan con vacantes estar\u00e1n disponibles para postular a trav\u00e9s de la plataforma\u00a0<a href=\"https:\/\/www.sistemadeadmisionescolar.cl\/\" data-saferedirecturl=\"https:\/\/www.google.com\/url?q=https:\/\/www.sistemadeadmisionescolar.cl\/&amp;source=gmail&amp;ust=1762971566543000&amp;usg=AOvVaw1L2DwD0rzijvrTAMcYBOa6\">https:\/\/www.sistemadeadmisionescolar.cl\/<\/a>.<\/p>\n<p style=\"font-weight: 400; text-align: justify;\">La Seremi de Educaci\u00f3n de Ays\u00e9n Katherine Miqueles\u00a0 hizo un llamado a las familias a informarse y participar activamente: \u201cRecomendamos revisar los proyectos educativos disponibles y postular al menos a seis establecimientos distintos, en orden de preferencia, para aumentar las posibilidades de obtener un cupo acorde a sus expectativas\u201d.<\/p>\n<p style=\"font-weight: 400; text-align: justify;\">La autoridad sectorial regional remarc\u00f3 las cualidades del sistema de admisi\u00f3n escolar: \u201cHay que destacar, adem\u00e1s, la importancia que tiene el sistema de admisi\u00f3n escolar, en tanto da acceso equitativo a la educaci\u00f3n, el SAE entrega justicia social. Recordemos que fue creado con la ley de inclusi\u00f3n en el a\u00f1o 2016, y su objetivo es eliminar las barreras de entrada a la educaci\u00f3n. En este sistema son las familias, las que eligen el establecimiento educativo, no al rev\u00e9s, porque elimina las entrevistas los padres, las pruebas de admisi\u00f3n, la presentaci\u00f3n de antecedentes que muchas veces resultan discriminatorios. Antes hab\u00edan requisitos arbitrarios de acceso como las pruebas de conocimiento que dependen muchas veces del capital cultural de las familias y ahora todos los estudiantes tienen las mismas oportunidades de entrar a un establecimiento. Hay que destacar, adem\u00e1s que el SAE moderniza el acceso a la educaci\u00f3n, el sistema centraliza y digitaliza las postulaciones a establecimientos y por tanto, elimina las filas, es mucho m\u00e1s expedito este acceso a la educaci\u00f3n y ahorra tiempo para la familias\u201d.<\/p>\n<p style=\"font-weight: 400; text-align: justify;\"><strong>Recomendaciones para postular<\/strong><\/p>\n<p style=\"font-weight: 400; text-align: justify;\">Ingresar a la plataforma de Admisi\u00f3n Escolar con usuario y contrase\u00f1a.<\/p>\n<p style=\"font-weight: 400; text-align: justify;\">Explorar la vitrina de establecimientos y filtrar por regi\u00f3n, comuna, nivel, jornada, Programa de Integraci\u00f3n Escolar (PIE), entre otros criterios.<\/p>\n<p style=\"font-weight: 400; text-align: justify;\">Revisar los proyectos educativos y los indicadores de la Agencia de la Calidad y otros aspectos como: SIMCE, infraestructura, actividades extraprogram\u00e1ticas, etc.<\/p>\n<p style=\"font-weight: 400; text-align: justify;\">Aquellos estudiantes que no tienen continuidad en su establecimiento para el pr\u00f3ximo a\u00f1o: postular a seis o m\u00e1s establecimientos para ampliar las opciones si no cuenta con colegio para el pr\u00f3ximo a\u00f1o.<\/p>\n<p style=\"font-weight: 400; text-align: justify;\">Descargar el comprobante de postulaci\u00f3n una vez finalizado el proceso.<\/p>\n<p style=\"font-weight: 400; text-align: justify;\">Aquellos estudiantes que s\u00ed tienen continuidad en el colegio actual: postular s\u00f3lo a establecimientos que prefieren por sobre los que se encuentran actualmente, ya que una nueva asignaci\u00f3n libera autom\u00e1ticamente el cupo en el establecimiento actual para que pueda ser utilizado por otro estudiante que lo necesita<\/p>\n<p style=\"font-weight: 400; text-align: justify;\">Es importante destacar que las vacantes no se asignan por orden de llegada, por lo que las familias pueden enviar su postulaci\u00f3n o modificar sus preferencias hasta el cierre del proceso. Por esta raz\u00f3n, solicitamos a las familias a postular tom\u00e1ndose el tiempo adecuado para conocer las diferentes opciones y ordenarlas en relaci\u00f3n con sus preferencias, es decir, no a postular primero, sino que a postular informado.<\/p>\n<p style=\"font-weight: 400; text-align: justify;\"><strong>Pr\u00f3ximas etapas<\/strong><\/p>\n<p style=\"font-weight: 400; text-align: justify;\">Finalizado el Periodo Complementario, los resultados se conocer\u00e1n a partir del d\u00eda 2 de diciembre. En tanto, el proceso de matr\u00edcula se llevar\u00e1 a cabo\u00a0a partir del 9 y hasta el 23 de diciembre de 2025 (30 de diciembre en las regiones de Ays\u00e9n y Magallanes).<\/p>\n<p style=\"font-weight: 400; text-align: justify;\">Luego, comenzar\u00e1 el Periodo de Regularizaci\u00f3n, proceso en el que cada establecimiento asigna las vacantes que a\u00fan tienen disponibles y por orden de llegada. Aquellas personas que queden sin asignaci\u00f3n o que tengan una asignaci\u00f3n por cercan\u00eda en este Periodo Complementario, podr\u00e1n solicitar vacante desde el 12 de diciembre en todos los establecimientos que postularon en ambos periodos de postulaci\u00f3n, de forma tal que queden primeros en el registro p\u00fablico digital de estos establecimientos.<\/p>\n<p style=\"font-weight: 400; text-align: justify;\">Adem\u00e1s, aquellas personas que a\u00fan no est\u00e9n conformes con su asignaci\u00f3n y deseen cambiar de establecimiento, podr\u00e1n solicitar vacantes en el Periodo de Regularizaci\u00f3n que comenzar\u00e1 el 15, 17 y 19 de diciembre para establecimientos de la zona norte, sur y Regi\u00f3n Metropolitana, respectivamente. Es muy importante considerar que en el Periodo de Regularizaci\u00f3n s\u00f3lo quedan disponibles las vacantes que no fueron utilizadas en el Periodo Principal ni complementario de postulaciones. Por lo tanto, desde el Ministerio de Educaci\u00f3n se recomienda matricular de todas formas en el establecimiento en el que tuvieron asignaci\u00f3n para tener la tranquilidad y seguridad de contar con derecho a matr\u00edcula a inicios del a\u00f1o escolar; y, adem\u00e1s, solicitar vacante en todos los establecimientos que deseen.<\/p>\n<p style=\"font-weight: 400; text-align: justify;\">Para dudas o asistencia, las familias pueden acceder a:<\/p>\n<ul style=\"font-weight: 400; text-align: justify;\">\n<li>Redes sociales oficiales de Admisi\u00f3n Escolar<\/li>\n<li>Sitio web:\u00a0<a href=\"https:\/\/www.sistemadeadmisionescolar.cl\/\" data-saferedirecturl=\"https:\/\/www.google.com\/url?q=https:\/\/www.sistemadeadmisionescolar.cl\/&amp;source=gmail&amp;ust=1762971566543000&amp;usg=AOvVaw1L2DwD0rzijvrTAMcYBOa6\">https:\/\/www.sistemadeadmisionescolar.cl\/<\/a><br \/>\ny\u00a0<a href=\"https:\/\/www.ayudamineduc.cl\/\" data-saferedirecturl=\"https:\/\/www.google.com\/url?q=https:\/\/www.ayudamineduc.cl\/&amp;source=gmail&amp;ust=1762971566543000&amp;usg=AOvVaw1CwpX6BEO4UgfSsGqIEC7w\">https:\/\/www.ayudamineduc.cl\/<\/a><\/li>\n<li>Tel\u00e9fono: 600 600 26 26<\/li>\n<li>Atenci\u00f3n presencial en oficinas de Ayuda Mineduc, Secretar\u00edas Ministeriales y Departamentos Provinciales de Educaci\u00f3n.<\/li>\n<\/ul>\n<\/div><\/section><\/div><div  style='height:50px' class='hr hr-invisible   avia-builder-el-6  el_after_av_one_full  el_before_av_social_share '><span class='hr-inner ' ><span class='hr-inner-style'><\/span><\/span><\/div><\/p>\n<div  class='av-social-sharing-box  avia-builder-el-7  el_after_av_hr  el_before_av_hr  '><div class='av-share-box'><h5 class='av-share-link-description av-no-toc '>Compartir esta noticia<\/h5><ul class='av-share-box-list noLightbox'><li class='av-share-link av-social-link-facebook' ><a target=\"_blank\" aria-label=\"Compartir en Facebook\" href='https:\/\/www.facebook.com\/sharer.php?u=https:\/\/radiorevelacionfm.cl\/?p=61281&#038;t=Sistema%20de%20Admisi%C3%B3n%20Escolar%20%28SAE%29%202026%3A%20este%20mi%C3%A9rcoles%2012%20de%20noviembre%20se%20inicia%20el%20Periodo%20Complementario%20de%20Postulaci%C3%B3n' aria-hidden='false' data-av_icon='\ue8f3' data-av_iconfont='entypo-fontello' title='' data-avia-related-tooltip='Compartir en Facebook' rel=\"noopener\"><span class='avia_hidden_link_text'>Compartir en Facebook<\/span><\/a><\/li><li class='av-share-link av-social-link-twitter' ><a target=\"_blank\" aria-label=\"Compartir en Twitter\" href='https:\/\/twitter.com\/share?text=Sistema%20de%20Admisi%C3%B3n%20Escolar%20%28SAE%29%202026%3A%20este%20mi%C3%A9rcoles%2012%20de%20noviembre%20se%20inicia%20el%20Periodo%20Complementario%20de%20Postulaci%C3%B3n&#038;url=https:\/\/radiorevelacionfm.cl\/?p=61281' aria-hidden='false' data-av_icon='\ue8f1' data-av_iconfont='entypo-fontello' title='' data-avia-related-tooltip='Compartir en Twitter' rel=\"noopener\"><span class='avia_hidden_link_text'>Compartir en Twitter<\/span><\/a><\/li><li class='av-share-link av-social-link-whatsapp' ><a target=\"_blank\" aria-label=\"Compartir en Whatsapp\" href='https:\/\/api.whatsapp.com\/send?text=https:\/\/radiorevelacionfm.cl\/?p=61281' aria-hidden='false' data-av_icon='\uf232' data-av_iconfont='entypo-fontello' title='' data-avia-related-tooltip='Compartir en Whatsapp' rel=\"noopener\"><span class='avia_hidden_link_text'>Compartir en Whatsapp<\/span><\/a><\/li><li class='av-share-link av-social-link-linkedin' ><a target=\"_blank\" aria-label=\"Compartir en LinkedIn\" href='https:\/\/linkedin.com\/shareArticle?mini=true&#038;title=Sistema%20de%20Admisi%C3%B3n%20Escolar%20%28SAE%29%202026%3A%20este%20mi%C3%A9rcoles%2012%20de%20noviembre%20se%20inicia%20el%20Periodo%20Complementario%20de%20Postulaci%C3%B3n&#038;url=https:\/\/radiorevelacionfm.cl\/?p=61281' aria-hidden='false' data-av_icon='\ue8fc' data-av_iconfont='entypo-fontello' title='' data-avia-related-tooltip='Compartir en LinkedIn' rel=\"noopener\"><span class='avia_hidden_link_text'>Compartir en LinkedIn<\/span><\/a><\/li><li class='av-share-link av-social-link-mail' ><a  aria-label=\"Compartir por correo\" href='mailto:?subject=Sistema%20de%20Admisi%C3%B3n%20Escolar%20%28SAE%29%202026%3A%20este%20mi%C3%A9rcoles%2012%20de%20noviembre%20se%20inicia%20el%20Periodo%20Complementario%20de%20Postulaci%C3%B3n&#038;body=https:\/\/radiorevelacionfm.cl\/?p=61281' aria-hidden='false' data-av_icon='\ue805' data-av_iconfont='entypo-fontello' title='' data-avia-related-tooltip='Compartir por correo'><span class='avia_hidden_link_text'>Compartir por correo<\/span><\/a><\/li><\/ul><\/div><\/div>\n<div  style='height:50px' class='hr hr-invisible   avia-builder-el-8  el_after_av_social_share  el_before_av_comments_list '><span class='hr-inner ' ><span class='hr-inner-style'><\/span><\/span><\/div>\n<div  class='av-buildercomment  av-blog-meta-html-info-disabled av-blog-meta-tag-disabled  '><\/div>\n","protected":false},"excerpt":{"rendered":"","protected":false},"author":1,"featured_media":61282,"comment_status":"closed","ping_status":"closed","sticky":false,"template":"","format":"standard","meta":{"footnotes":""},"categories":[49],"tags":[],"class_list":["post-61281","post","type-post","status-publish","format-standard","has-post-thumbnail","hentry","category-educacion"],"jetpack_featured_media_url":"https:\/\/radiorevelacionfm.cl\/wp-content\/uploads\/2025\/11\/SAE-periodo-complementario-1-1.jpg","_links":{"self":[{"href":"https:\/\/radiorevelacionfm.cl\/index.php?rest_route=\/wp\/v2\/posts\/61281","targetHints":{"allow":["GET"]}}],"collection":[{"href":"https:\/\/radiorevelacionfm.cl\/index.php?rest_route=\/wp\/v2\/posts"}],"about":[{"href":"https:\/\/radiorevelacionfm.cl\/index.php?rest_route=\/wp\/v2\/types\/post"}],"author":[{"embeddable":true,"href":"https:\/\/radiorevelacionfm.cl\/index.php?rest_route=\/wp\/v2\/users\/1"}],"replies":[{"embeddable":true,"href":"https:\/\/radiorevelacionfm.cl\/index.php?rest_route=%2Fwp%2Fv2%2Fcomments&post=61281"}],"version-history":[{"count":2,"href":"https:\/\/radiorevelacionfm.cl\/index.php?rest_route=\/wp\/v2\/posts\/61281\/revisions"}],"predecessor-version":[{"id":61284,"href":"https:\/\/radiorevelacionfm.cl\/index.php?rest_route=\/wp\/v2\/posts\/61281\/revisions\/61284"}],"wp:featuredmedia":[{"embeddable":true,"href":"https:\/\/radiorevelacionfm.cl\/index.php?rest_route=\/wp\/v2\/media\/61282"}],"wp:attachment":[{"href":"https:\/\/radiorevelacionfm.cl\/index.php?rest_route=%2Fwp%2Fv2%2Fmedia&parent=61281"}],"wp:term":[{"taxonomy":"category","embeddable":true,"href":"https:\/\/radiorevelacionfm.cl\/index.php?rest_route=%2Fwp%2Fv2%2Fcategories&post=61281"},{"taxonomy":"post_tag","embeddable":true,"href":"https:\/\/radiorevelacionfm.cl\/index.php?rest_route=%2Fwp%2Fv2%2Ftags&post=61281"}],"curies":[{"name":"wp","href":"https:\/\/api.w.org\/{rel}","templated":true}]}}