{"id":61278,"date":"2025-11-11T17:15:13","date_gmt":"2025-11-11T20:15:13","guid":{"rendered":"https:\/\/radiorevelacionfm.cl\/?p=61278"},"modified":"2025-11-11T17:15:13","modified_gmt":"2025-11-11T20:15:13","slug":"uaysen-presenta-magister-en-gestion-del-cambio-climatico-pionero-en-chile-con-foco-en-la-patagonia","status":"publish","type":"post","link":"https:\/\/radiorevelacionfm.cl\/?p=61278","title":{"rendered":"UAys\u00e9n presenta Mag\u00edster en Gesti\u00f3n del Cambio Clim\u00e1tico, pionero en Chile con foco en la Patagonia"},"content":{"rendered":"<div class=\"flex_column av_one_full  flex_column_div av-zero-column-padding first  avia-builder-el-0  el_before_av_one_full  avia-builder-el-first  \" style='border-radius:0px; '><div  class='avia-image-container  av-styling-    avia-builder-el-1  avia-builder-el-no-sibling  avia-align-center '  itemprop=\"image\" itemscope=\"itemscope\" itemtype=\"https:\/\/schema.org\/ImageObject\"  ><div class='avia-image-container-inner'><div class='avia-image-overlay-wrap'><img decoding=\"async\" class='wp-image-61279 avia-img-lazy-loading-not-61279 avia_image' src=\"https:\/\/radiorevelacionfm.cl\/wp-content\/uploads\/2025\/11\/uaysen-5-1.jpg\" alt='' title='uaysen (5) (1)' height=\"600\" width=\"1380\"  itemprop=\"thumbnailUrl\" srcset=\"https:\/\/radiorevelacionfm.cl\/wp-content\/uploads\/2025\/11\/uaysen-5-1.jpg 1380w, https:\/\/radiorevelacionfm.cl\/wp-content\/uploads\/2025\/11\/uaysen-5-1-300x130.jpg 300w, https:\/\/radiorevelacionfm.cl\/wp-content\/uploads\/2025\/11\/uaysen-5-1-1030x448.jpg 1030w, https:\/\/radiorevelacionfm.cl\/wp-content\/uploads\/2025\/11\/uaysen-5-1-768x334.jpg 768w, https:\/\/radiorevelacionfm.cl\/wp-content\/uploads\/2025\/11\/uaysen-5-1-705x307.jpg 705w, https:\/\/radiorevelacionfm.cl\/wp-content\/uploads\/2025\/11\/uaysen-5-1-450x196.jpg 450w, https:\/\/radiorevelacionfm.cl\/wp-content\/uploads\/2025\/11\/uaysen-5-1-600x261.jpg 600w\" sizes=\"(max-width: 1380px) 100vw, 1380px\" \/><\/div><\/div><\/div><\/div><div class=\"flex_column av_one_full  flex_column_div av-zero-column-padding first  avia-builder-el-2  el_after_av_one_full  el_before_av_one_full  column-top-margin\" style='border-radius:0px; '><section class=\"av_textblock_section \"  itemscope=\"itemscope\" itemtype=\"https:\/\/schema.org\/BlogPosting\" itemprop=\"blogPost\" ><div class='avia_textblock  '   itemprop=\"text\" ><p style=\"text-align: center;\"><span style=\"font-size: 18pt;\"><b>UAys\u00e9n presenta Mag\u00edster en Gesti\u00f3n del Cambio Clim\u00e1tico, pionero en Chile con foco en la Patagonia<\/b><\/span><\/p>\n<div id=\"gtx-trans\" style=\"position: absolute; left: -50px; top: 4.31534px;\">\n<div class=\"gtx-trans-icon\"><\/div>\n<\/div>\n<\/div><\/section><\/div><div class=\"flex_column av_one_full  flex_column_div av-zero-column-padding first  avia-builder-el-4  el_after_av_one_full  el_before_av_hr  column-top-margin\" style='border-radius:0px; '><section class=\"av_textblock_section \"  itemscope=\"itemscope\" itemtype=\"https:\/\/schema.org\/BlogPosting\" itemprop=\"blogPost\" ><div class='avia_textblock  '   itemprop=\"text\" ><div style=\"text-align: justify;\"><em>La Universidad de Ays\u00e9n abri\u00f3 las postulaciones para su nuevo Mag\u00edster en Gesti\u00f3n del Cambio Clim\u00e1tico, programa de car\u00e1cter profesional, que combina modalidad en l\u00ednea con una experiencia presencial en la Regi\u00f3n de Ays\u00e9n, uno de los territorios m\u00e1s australes y sensibles al cambio clim\u00e1tico en el planeta.<\/em><\/div>\n<p style=\"text-align: justify;\">Con un enfoque interdisciplinario, el programa busca entregar herramientas te\u00f3ricas y metodol\u00f3gicas actualizadas para diagnosticar, planificar e implementar estrategias sostenibles ante los desaf\u00edos del cambio clim\u00e1tico, integrando dimensiones ecol\u00f3gicas, econ\u00f3micas y sociales con el fin de fortalecer la mitigaci\u00f3n y adaptaci\u00f3n a nivel territorial. Est\u00e1 orientado a profesionales de diversas \u00e1reas \u2014desde las ciencias naturales y la ingenier\u00eda hasta las ciencias sociales y la salud\u2014 interesados en liderar procesos de transformaci\u00f3n en sus territorios y organizaciones, contribuyendo al cumplimiento de los compromisos internacionales suscritos por Chile, como el Acuerdo de Par\u00eds y la Ley Marco de Cambio Clim\u00e1tico.<\/p>\n<p>El Dr. Carlos Zamorano-Elgueta, acad\u00e9mico y director del programa, explic\u00f3 que \u201cel mag\u00edster combina ense\u00f1anza online con semanas presenciales recorriendo fiordos, glaciares, estepas y bosques de la Patagonia, lo que permite vincular directamente la formaci\u00f3n acad\u00e9mica con las problem\u00e1ticas reales del territorio. Nuestro objetivo es preparar profesionales capaces de responder a la creciente demanda de capital humano avanzado para el dise\u00f1o e implementaci\u00f3n de acciones clim\u00e1ticas a nivel regional y nacional\u201d.<\/p>\n<p>Con una duraci\u00f3n de 15 meses y modalidad h\u00edbrida, el programa contempla 12 cursos distribuidos en cinco trimestres, junto con una pasant\u00eda presencial intensiva en terreno que permitir\u00e1 observar en primera persona los impactos del cambio clim\u00e1tico sobre los ecosistemas y las comunidades locales.<\/p>\n<p>Adem\u00e1s, el Dr. Carlos Zamorano-Elgueta coment\u00f3 sobre los docentes que estar\u00e1n en el mag\u00edster, aseguran que \u00abeste programa de mag\u00edster cuenta con investigadores y cient\u00edficos del m\u00e1s alto nivel de diferentes instituciones y universidades, tanto a nivel regional como nacional. Entre ellos, contamos con destacadas investigadoras expertas en derecho ambiental, por ejemplo, de la Universidad Diego Portales, con colegas de la Universidad de Chile, con colegas del Centro de Investigaci\u00f3n de Ecosistemas de la Patagonia (CIEP) de la Regi\u00f3n de Ays\u00e9n, adem\u00e1s de cient\u00edficos y cient\u00edficas del Centro de Ciencia del Clima y la Resiliencia, que es uno de los centros de investigaci\u00f3n clim\u00e1tica m\u00e1s importantes de Sudam\u00e9rica y del mundo\u00bb.<\/p>\n<p>El Mag\u00edster en Gesti\u00f3n del Cambio Clim\u00e1tico se presenta como un espacio \u00fanico en Chile para fortalecer las capacidades t\u00e9cnicas y estrat\u00e9gicas requeridas para una gesti\u00f3n ambiental sostenible, en coherencia con los Objetivos de Desarrollo Sostenible 2030 y las metas de carbono neutralidad del pa\u00eds.<\/p>\n<p>Las postulaciones se encuentran abiertas en\u00a0<a href=\"http:\/\/postgradosyeducacioncontinua.uaysen.cl\/\" target=\"_blank\" rel=\"noopener\" data-saferedirecturl=\"https:\/\/www.google.com\/url?q=http:\/\/postgradosyeducacioncontinua.uaysen.cl&amp;source=gmail&amp;ust=1762960092170000&amp;usg=AOvVaw3juQniSfYu6IXOIjjhYIs2\">postgradosyeducacioncontinua.<wbr \/>uaysen.cl<\/a>\u00a0. Consultas al correo\u00a0<a href=\"mailto:magister.cambioclimatico@uaysen.cl\" target=\"_blank\" rel=\"noopener\">magister.cambioclimatico@<wbr \/>uaysen.cl<\/a>.<\/p>\n<\/div><\/section><\/div><div  style='height:50px' class='hr hr-invisible   avia-builder-el-6  el_after_av_one_full  el_before_av_social_share '><span class='hr-inner ' ><span class='hr-inner-style'><\/span><\/span><\/div><\/p>\n<div  class='av-social-sharing-box  avia-builder-el-7  el_after_av_hr  el_before_av_hr  '><div class='av-share-box'><h5 class='av-share-link-description av-no-toc '>Compartir esta noticia<\/h5><ul class='av-share-box-list noLightbox'><li class='av-share-link av-social-link-facebook' ><a target=\"_blank\" aria-label=\"Compartir en Facebook\" href='https:\/\/www.facebook.com\/sharer.php?u=https:\/\/radiorevelacionfm.cl\/?p=61278&#038;t=UAys%C3%A9n%20presenta%20Mag%C3%ADster%20en%20Gesti%C3%B3n%20del%20Cambio%20Clim%C3%A1tico%2C%20pionero%20en%20Chile%20con%20foco%20en%20la%20Patagonia' aria-hidden='false' data-av_icon='\ue8f3' data-av_iconfont='entypo-fontello' title='' data-avia-related-tooltip='Compartir en Facebook' rel=\"noopener\"><span class='avia_hidden_link_text'>Compartir en Facebook<\/span><\/a><\/li><li class='av-share-link av-social-link-twitter' ><a target=\"_blank\" aria-label=\"Compartir en Twitter\" href='https:\/\/twitter.com\/share?text=UAys%C3%A9n%20presenta%20Mag%C3%ADster%20en%20Gesti%C3%B3n%20del%20Cambio%20Clim%C3%A1tico%2C%20pionero%20en%20Chile%20con%20foco%20en%20la%20Patagonia&#038;url=https:\/\/radiorevelacionfm.cl\/?p=61278' aria-hidden='false' data-av_icon='\ue8f1' data-av_iconfont='entypo-fontello' title='' data-avia-related-tooltip='Compartir en Twitter' rel=\"noopener\"><span class='avia_hidden_link_text'>Compartir en Twitter<\/span><\/a><\/li><li class='av-share-link av-social-link-whatsapp' ><a target=\"_blank\" aria-label=\"Compartir en Whatsapp\" href='https:\/\/api.whatsapp.com\/send?text=https:\/\/radiorevelacionfm.cl\/?p=61278' aria-hidden='false' data-av_icon='\uf232' data-av_iconfont='entypo-fontello' title='' data-avia-related-tooltip='Compartir en Whatsapp' rel=\"noopener\"><span class='avia_hidden_link_text'>Compartir en Whatsapp<\/span><\/a><\/li><li class='av-share-link av-social-link-linkedin' ><a target=\"_blank\" aria-label=\"Compartir en LinkedIn\" href='https:\/\/linkedin.com\/shareArticle?mini=true&#038;title=UAys%C3%A9n%20presenta%20Mag%C3%ADster%20en%20Gesti%C3%B3n%20del%20Cambio%20Clim%C3%A1tico%2C%20pionero%20en%20Chile%20con%20foco%20en%20la%20Patagonia&#038;url=https:\/\/radiorevelacionfm.cl\/?p=61278' aria-hidden='false' data-av_icon='\ue8fc' data-av_iconfont='entypo-fontello' title='' data-avia-related-tooltip='Compartir en LinkedIn' rel=\"noopener\"><span class='avia_hidden_link_text'>Compartir en LinkedIn<\/span><\/a><\/li><li class='av-share-link av-social-link-mail' ><a  aria-label=\"Compartir por correo\" href='mailto:?subject=UAys%C3%A9n%20presenta%20Mag%C3%ADster%20en%20Gesti%C3%B3n%20del%20Cambio%20Clim%C3%A1tico%2C%20pionero%20en%20Chile%20con%20foco%20en%20la%20Patagonia&#038;body=https:\/\/radiorevelacionfm.cl\/?p=61278' aria-hidden='false' data-av_icon='\ue805' data-av_iconfont='entypo-fontello' title='' data-avia-related-tooltip='Compartir por correo'><span class='avia_hidden_link_text'>Compartir por correo<\/span><\/a><\/li><\/ul><\/div><\/div>\n<div  style='height:50px' class='hr hr-invisible   avia-builder-el-8  el_after_av_social_share  el_before_av_comments_list '><span class='hr-inner ' ><span class='hr-inner-style'><\/span><\/span><\/div>\n<div  class='av-buildercomment  av-blog-meta-html-info-disabled av-blog-meta-tag-disabled  '><\/div>\n","protected":false},"excerpt":{"rendered":"","protected":false},"author":1,"featured_media":61279,"comment_status":"closed","ping_status":"closed","sticky":false,"template":"","format":"standard","meta":{"footnotes":""},"categories":[49],"tags":[],"class_list":["post-61278","post","type-post","status-publish","format-standard","has-post-thumbnail","hentry","category-educacion"],"jetpack_featured_media_url":"https:\/\/radiorevelacionfm.cl\/wp-content\/uploads\/2025\/11\/uaysen-5-1.jpg","_links":{"self":[{"href":"https:\/\/radiorevelacionfm.cl\/index.php?rest_route=\/wp\/v2\/posts\/61278","targetHints":{"allow":["GET"]}}],"collection":[{"href":"https:\/\/radiorevelacionfm.cl\/index.php?rest_route=\/wp\/v2\/posts"}],"about":[{"href":"https:\/\/radiorevelacionfm.cl\/index.php?rest_route=\/wp\/v2\/types\/post"}],"author":[{"embeddable":true,"href":"https:\/\/radiorevelacionfm.cl\/index.php?rest_route=\/wp\/v2\/users\/1"}],"replies":[{"embeddable":true,"href":"https:\/\/radiorevelacionfm.cl\/index.php?rest_route=%2Fwp%2Fv2%2Fcomments&post=61278"}],"version-history":[{"count":2,"href":"https:\/\/radiorevelacionfm.cl\/index.php?rest_route=\/wp\/v2\/posts\/61278\/revisions"}],"predecessor-version":[{"id":61285,"href":"https:\/\/radiorevelacionfm.cl\/index.php?rest_route=\/wp\/v2\/posts\/61278\/revisions\/61285"}],"wp:featuredmedia":[{"embeddable":true,"href":"https:\/\/radiorevelacionfm.cl\/index.php?rest_route=\/wp\/v2\/media\/61279"}],"wp:attachment":[{"href":"https:\/\/radiorevelacionfm.cl\/index.php?rest_route=%2Fwp%2Fv2%2Fmedia&parent=61278"}],"wp:term":[{"taxonomy":"category","embeddable":true,"href":"https:\/\/radiorevelacionfm.cl\/index.php?rest_route=%2Fwp%2Fv2%2Fcategories&post=61278"},{"taxonomy":"post_tag","embeddable":true,"href":"https:\/\/radiorevelacionfm.cl\/index.php?rest_route=%2Fwp%2Fv2%2Ftags&post=61278"}],"curies":[{"name":"wp","href":"https:\/\/api.w.org\/{rel}","templated":true}]}}