{"id":61262,"date":"2025-11-10T19:53:49","date_gmt":"2025-11-10T22:53:49","guid":{"rendered":"https:\/\/radiorevelacionfm.cl\/?p=61262"},"modified":"2025-11-10T19:53:49","modified_gmt":"2025-11-10T22:53:49","slug":"indap-entrega-apoyo-a-productores-afectados-por-la-cuncunilla-negra-en-el-marco-de-su-plan-regional-de-manejo","status":"publish","type":"post","link":"https:\/\/radiorevelacionfm.cl\/?p=61262","title":{"rendered":"INDAP entrega apoyo a productores afectados por la cuncunilla negra en el marco de su Plan Regional de Manejo"},"content":{"rendered":"<div class=\"flex_column av_one_full  flex_column_div av-zero-column-padding first  avia-builder-el-0  el_before_av_one_full  avia-builder-el-first  \" style='border-radius:0px; '><div  class='avia-image-container  av-styling-    avia-builder-el-1  avia-builder-el-no-sibling  avia-align-center '  itemprop=\"image\" itemscope=\"itemscope\" itemtype=\"https:\/\/schema.org\/ImageObject\"  ><div class='avia-image-container-inner'><div class='avia-image-overlay-wrap'><img decoding=\"async\" class='wp-image-61263 avia-img-lazy-loading-not-61263 avia_image' src=\"https:\/\/radiorevelacionfm.cl\/wp-content\/uploads\/2025\/11\/ENTREGA-APOYO-CUNCUNILLA-NEGRA-4-1-1.jpg\" alt='' title='ENTREGA APOYO CUNCUNILLA NEGRA 4 (1) (1)' height=\"600\" width=\"1331\"  itemprop=\"thumbnailUrl\" srcset=\"https:\/\/radiorevelacionfm.cl\/wp-content\/uploads\/2025\/11\/ENTREGA-APOYO-CUNCUNILLA-NEGRA-4-1-1.jpg 1331w, https:\/\/radiorevelacionfm.cl\/wp-content\/uploads\/2025\/11\/ENTREGA-APOYO-CUNCUNILLA-NEGRA-4-1-1-300x135.jpg 300w, https:\/\/radiorevelacionfm.cl\/wp-content\/uploads\/2025\/11\/ENTREGA-APOYO-CUNCUNILLA-NEGRA-4-1-1-1030x464.jpg 1030w, https:\/\/radiorevelacionfm.cl\/wp-content\/uploads\/2025\/11\/ENTREGA-APOYO-CUNCUNILLA-NEGRA-4-1-1-768x346.jpg 768w, https:\/\/radiorevelacionfm.cl\/wp-content\/uploads\/2025\/11\/ENTREGA-APOYO-CUNCUNILLA-NEGRA-4-1-1-705x318.jpg 705w, https:\/\/radiorevelacionfm.cl\/wp-content\/uploads\/2025\/11\/ENTREGA-APOYO-CUNCUNILLA-NEGRA-4-1-1-450x203.jpg 450w, https:\/\/radiorevelacionfm.cl\/wp-content\/uploads\/2025\/11\/ENTREGA-APOYO-CUNCUNILLA-NEGRA-4-1-1-600x270.jpg 600w\" sizes=\"(max-width: 1331px) 100vw, 1331px\" \/><\/div><\/div><\/div><\/div><div class=\"flex_column av_one_full  flex_column_div av-zero-column-padding first  avia-builder-el-2  el_after_av_one_full  el_before_av_one_full  column-top-margin\" style='border-radius:0px; '><section class=\"av_textblock_section \"  itemscope=\"itemscope\" itemtype=\"https:\/\/schema.org\/BlogPosting\" itemprop=\"blogPost\" ><div class='avia_textblock  '   itemprop=\"text\" ><p style=\"text-align: center;\"><strong><span style=\"font-size: 18pt;\">INDAP entrega apoyo a productores afectados por la cuncunilla negra en el marco de su Plan Regional de Manejo<\/span><\/strong><\/p>\n<div id=\"gtx-trans\" style=\"position: absolute; left: -50px; top: 4.31534px;\">\n<div class=\"gtx-trans-icon\"><\/div>\n<\/div>\n<\/div><\/section><\/div><div class=\"flex_column av_one_full  flex_column_div av-zero-column-padding first  avia-builder-el-4  el_after_av_one_full  el_before_av_hr  column-top-margin\" style='border-radius:0px; '><section class=\"av_textblock_section \"  itemscope=\"itemscope\" itemtype=\"https:\/\/schema.org\/BlogPosting\" itemprop=\"blogPost\" ><div class='avia_textblock  '   itemprop=\"text\" ><p style=\"text-align: justify;\">En el marco del Plan Regional de Apoyo al Manejo de la Cuncunilla Negra, INDAP Ays\u00e9n del Ministerio de Agricultura realiz\u00f3 la entrega de incentivos del Programa de Desarrollo de Inversiones (PDI) para productores y productoras ganaderas afectados por esta plaga end\u00e9mica en la Regi\u00f3n de Ays\u00e9n. En total, 74 beneficiarios y beneficiarias recibieron apoyo por un monto de m\u00e1s de $24 millones, con entregas desde las Agencias de \u00c1rea de INDAP de Ays\u00e9n, R\u00edo Ib\u00e1\u00f1ez y Coyhaique, fortaleciendo as\u00ed la capacidad de respuesta productiva frente a los efectos de la cuncunilla negra sobre las praderas.<\/p>\n<p style=\"text-align: justify;\">\u201cEstamos comprometidos en entregar las herramientas que permitan enfrentar este fen\u00f3meno de manera organizada. Desde INDAP hemos puesto en marcha el Plan Regional de Apoyo al Manejo de la Cuncunilla Negra, que articula capacitaciones, concursos de inversi\u00f3n como el de forraje, y un trabajo conjunto con equipos t\u00e9cnicos y programas territoriales. Con ello, damos cumplimiento al mandato del Presidente Gabriel Boric de acompa\u00f1ar a nuestras familias campesinas en los desaf\u00edos que impone el cambio clim\u00e1tico, y hacemos un llamado a que m\u00e1s usuarios y usuarias se capaciten en el monitoreo, porque esa es la \u00fanica forma de detectar y actuar a tiempo frente a esta plaga\u201d, se\u00f1al\u00f3 Yessica Lagos C\u00e1rdenas, directora regional de INDAP Ays\u00e9n.<\/p>\n<p style=\"text-align: justify;\">Adem\u00e1s de esta iniciativa, INIA Tamel Aike (Instituto de Investigaciones Agropecuarias) junto a INDAP Ays\u00e9n han estado desarrollando un ciclo de capacitaciones con gran cobertura territorial, llegando a La Junta, Ma\u00f1ihuales, R\u00edo Los Palos, Los Torreones, Valle Lagunas, Bah\u00eda Murta, Puerto Tranquilo, Cochrane, Seis Lagunas, Lago Pollux y Cochrane, directamente dirigido a productoras y productores rurales. Estas jornadas han abordado t\u00e9cnicas de monitoreo y manejo de la cuncunilla negra, una plaga que siempre ha existido en la Regi\u00f3n de Ays\u00e9n y que ha incrementado su presencia en los \u00faltimos a\u00f1os producto del cambio clim\u00e1tico, afectando directamente la disponibilidad de forraje para el ganado.<\/p>\n<p style=\"text-align: justify;\">La directora regional de INIA, Camila Reyes, indic\u00f3 que \u201cdadas las caracter\u00edstica de la cuncunilla negra, especie end\u00e9mica del cono sur de am\u00e9rica, estas explosiones o quiebres poblacionales de la plaga, que se han manifestado aleatoriamente en diferentes sectores de la regi\u00f3n durante las \u00faltimas seis temporadas, se van a continuar repitiendo en el futuro. Probablemente los cambios en las condiciones clim\u00e1ticas han llegado a tal punto, que ahora la plaga encuentra mejores condiciones para desarrollarse y generar altas poblaciones, que sobrepasan los umbrales de da\u00f1o. Por lo anterior, debemos prepararnos como regi\u00f3n para hacerle frente a esta plaga, desde aqu\u00ed y hacia el futuro\u201d.<\/p>\n<p style=\"text-align: justify;\">El Plan Regional de Apoyo al Manejo de la Cuncunilla Negra incluye jornadas de capacitaci\u00f3n en monitoreo, concursos especiales para apoyar con forraje en los per\u00edodos m\u00e1s cr\u00edticos, y la articulaci\u00f3n de programas como FNDR Suelos Ays\u00e9n, SIRSD-S, Praderas Suplementarias y Cultivos Forrajeros, PRODESAL (Programa de Desarrollo Local), PDTI (Programa de Desarrollo Territorial Ind\u00edgena) y SAT (Servicio de Asesor\u00eda T\u00e9cnica), junto a la asistencia t\u00e9cnica de INIA y el SAG. La meta es enfrentar esta problem\u00e1tica con una estrategia integral y sostenible, promoviendo tambi\u00e9n enfoques agroecol\u00f3gicos en el manejo de las praderas.<\/p>\n<p style=\"text-align: justify;\">Bernardita Lagos, usuaria de INDAP que vive en Ma\u00f1ihuales, destac\u00f3 el acompa\u00f1amiento de la instituci\u00f3n frente a esta plaga: \u00abEsta es una gran ayuda que nos hace INDAP, el invierno vino bastante malo y castigador con las lluvias por lo tanto el pasto no subi\u00f3 mucho. Nunca nos dejan solos, siempre cualquier problema est\u00e1 INDAP con nosotros\u00bb.<\/p>\n<p style=\"text-align: justify;\">Adem\u00e1s, se invita a las y los productores a acceder a m\u00e1s informaci\u00f3n y materiales educativos disponibles a trav\u00e9s de INIA, incluyendo un video explicativo sobre el monitoreo de la cuncunilla negra, disponible en el siguiente enlace:<a href=\"https:\/\/www.youtube.com\/watch?v=OgkLMASUzBo\"> https:\/\/www.youtube.com\/watch?v=OgkLMASUzBo<\/a><\/p>\n<\/div><\/section><\/div><div  style='height:50px' class='hr hr-invisible   avia-builder-el-6  el_after_av_one_full  el_before_av_social_share '><span class='hr-inner ' ><span class='hr-inner-style'><\/span><\/span><\/div><\/p>\n<div  class='av-social-sharing-box  avia-builder-el-7  el_after_av_hr  el_before_av_hr  '><div class='av-share-box'><h5 class='av-share-link-description av-no-toc '>Compartir esta noticia<\/h5><ul class='av-share-box-list noLightbox'><li class='av-share-link av-social-link-facebook' ><a target=\"_blank\" aria-label=\"Compartir en Facebook\" href='https:\/\/www.facebook.com\/sharer.php?u=https:\/\/radiorevelacionfm.cl\/?p=61262&#038;t=INDAP%20entrega%20apoyo%20a%20productores%20afectados%20por%20la%20cuncunilla%20negra%20en%20el%20marco%20de%20su%20Plan%20Regional%20de%20Manejo' aria-hidden='false' data-av_icon='\ue8f3' data-av_iconfont='entypo-fontello' title='' data-avia-related-tooltip='Compartir en Facebook' rel=\"noopener\"><span class='avia_hidden_link_text'>Compartir en Facebook<\/span><\/a><\/li><li class='av-share-link av-social-link-twitter' ><a target=\"_blank\" aria-label=\"Compartir en Twitter\" href='https:\/\/twitter.com\/share?text=INDAP%20entrega%20apoyo%20a%20productores%20afectados%20por%20la%20cuncunilla%20negra%20en%20el%20marco%20de%20su%20Plan%20Regional%20de%20Manejo&#038;url=https:\/\/radiorevelacionfm.cl\/?p=61262' aria-hidden='false' data-av_icon='\ue8f1' data-av_iconfont='entypo-fontello' title='' data-avia-related-tooltip='Compartir en Twitter' rel=\"noopener\"><span class='avia_hidden_link_text'>Compartir en Twitter<\/span><\/a><\/li><li class='av-share-link av-social-link-whatsapp' ><a target=\"_blank\" aria-label=\"Compartir en Whatsapp\" href='https:\/\/api.whatsapp.com\/send?text=https:\/\/radiorevelacionfm.cl\/?p=61262' aria-hidden='false' data-av_icon='\uf232' data-av_iconfont='entypo-fontello' title='' data-avia-related-tooltip='Compartir en Whatsapp' rel=\"noopener\"><span class='avia_hidden_link_text'>Compartir en Whatsapp<\/span><\/a><\/li><li class='av-share-link av-social-link-linkedin' ><a target=\"_blank\" aria-label=\"Compartir en LinkedIn\" href='https:\/\/linkedin.com\/shareArticle?mini=true&#038;title=INDAP%20entrega%20apoyo%20a%20productores%20afectados%20por%20la%20cuncunilla%20negra%20en%20el%20marco%20de%20su%20Plan%20Regional%20de%20Manejo&#038;url=https:\/\/radiorevelacionfm.cl\/?p=61262' aria-hidden='false' data-av_icon='\ue8fc' data-av_iconfont='entypo-fontello' title='' data-avia-related-tooltip='Compartir en LinkedIn' rel=\"noopener\"><span class='avia_hidden_link_text'>Compartir en LinkedIn<\/span><\/a><\/li><li class='av-share-link av-social-link-mail' ><a  aria-label=\"Compartir por correo\" href='mailto:?subject=INDAP%20entrega%20apoyo%20a%20productores%20afectados%20por%20la%20cuncunilla%20negra%20en%20el%20marco%20de%20su%20Plan%20Regional%20de%20Manejo&#038;body=https:\/\/radiorevelacionfm.cl\/?p=61262' aria-hidden='false' data-av_icon='\ue805' data-av_iconfont='entypo-fontello' title='' data-avia-related-tooltip='Compartir por correo'><span class='avia_hidden_link_text'>Compartir por correo<\/span><\/a><\/li><\/ul><\/div><\/div>\n<div  style='height:50px' class='hr hr-invisible   avia-builder-el-8  el_after_av_social_share  el_before_av_comments_list '><span class='hr-inner ' ><span class='hr-inner-style'><\/span><\/span><\/div>\n<div  class='av-buildercomment  av-blog-meta-html-info-disabled av-blog-meta-tag-disabled  '><\/div>\n","protected":false},"excerpt":{"rendered":"","protected":false},"author":1,"featured_media":61263,"comment_status":"closed","ping_status":"closed","sticky":false,"template":"","format":"standard","meta":{"footnotes":""},"categories":[58],"tags":[],"class_list":["post-61262","post","type-post","status-publish","format-standard","has-post-thumbnail","hentry","category-agricultura"],"jetpack_featured_media_url":"https:\/\/radiorevelacionfm.cl\/wp-content\/uploads\/2025\/11\/ENTREGA-APOYO-CUNCUNILLA-NEGRA-4-1-1.jpg","_links":{"self":[{"href":"https:\/\/radiorevelacionfm.cl\/index.php?rest_route=\/wp\/v2\/posts\/61262","targetHints":{"allow":["GET"]}}],"collection":[{"href":"https:\/\/radiorevelacionfm.cl\/index.php?rest_route=\/wp\/v2\/posts"}],"about":[{"href":"https:\/\/radiorevelacionfm.cl\/index.php?rest_route=\/wp\/v2\/types\/post"}],"author":[{"embeddable":true,"href":"https:\/\/radiorevelacionfm.cl\/index.php?rest_route=\/wp\/v2\/users\/1"}],"replies":[{"embeddable":true,"href":"https:\/\/radiorevelacionfm.cl\/index.php?rest_route=%2Fwp%2Fv2%2Fcomments&post=61262"}],"version-history":[{"count":2,"href":"https:\/\/radiorevelacionfm.cl\/index.php?rest_route=\/wp\/v2\/posts\/61262\/revisions"}],"predecessor-version":[{"id":61265,"href":"https:\/\/radiorevelacionfm.cl\/index.php?rest_route=\/wp\/v2\/posts\/61262\/revisions\/61265"}],"wp:featuredmedia":[{"embeddable":true,"href":"https:\/\/radiorevelacionfm.cl\/index.php?rest_route=\/wp\/v2\/media\/61263"}],"wp:attachment":[{"href":"https:\/\/radiorevelacionfm.cl\/index.php?rest_route=%2Fwp%2Fv2%2Fmedia&parent=61262"}],"wp:term":[{"taxonomy":"category","embeddable":true,"href":"https:\/\/radiorevelacionfm.cl\/index.php?rest_route=%2Fwp%2Fv2%2Fcategories&post=61262"},{"taxonomy":"post_tag","embeddable":true,"href":"https:\/\/radiorevelacionfm.cl\/index.php?rest_route=%2Fwp%2Fv2%2Ftags&post=61262"}],"curies":[{"name":"wp","href":"https:\/\/api.w.org\/{rel}","templated":true}]}}