{"id":61250,"date":"2025-11-11T13:58:52","date_gmt":"2025-11-11T16:58:52","guid":{"rendered":"https:\/\/radiorevelacionfm.cl\/?p=61250"},"modified":"2025-11-11T13:58:52","modified_gmt":"2025-11-11T16:58:52","slug":"conmemoran-dia-de-las-areas-protegidas-con-entrega-oficial-de-certificacion-lista-verde-a-parque-nacional-cerro-castillo","status":"publish","type":"post","link":"https:\/\/radiorevelacionfm.cl\/?p=61250","title":{"rendered":"Conmemoran d\u00eda de las \u00c1reas protegidas con entrega oficial de Certificaci\u00f3n Lista Verde a Parque Nacional Cerro Castillo"},"content":{"rendered":"<div class=\"flex_column av_one_full  flex_column_div av-zero-column-padding first  avia-builder-el-0  el_before_av_one_full  avia-builder-el-first  \" style='border-radius:0px; '><div  class='avia-image-container  av-styling-    avia-builder-el-1  avia-builder-el-no-sibling  avia-align-center '  itemprop=\"image\" itemscope=\"itemscope\" itemtype=\"https:\/\/schema.org\/ImageObject\"  ><div class='avia-image-container-inner'><div class='avia-image-overlay-wrap'><img decoding=\"async\" class='wp-image-61251 avia-img-lazy-loading-not-61251 avia_image' src=\"https:\/\/radiorevelacionfm.cl\/wp-content\/uploads\/2025\/11\/img_8452-1_optimized.jpg\" alt='' title='img_8452-(1)_optimized' height=\"600\" width=\"1067\"  itemprop=\"thumbnailUrl\" srcset=\"https:\/\/radiorevelacionfm.cl\/wp-content\/uploads\/2025\/11\/img_8452-1_optimized.jpg 1067w, https:\/\/radiorevelacionfm.cl\/wp-content\/uploads\/2025\/11\/img_8452-1_optimized-300x169.jpg 300w, https:\/\/radiorevelacionfm.cl\/wp-content\/uploads\/2025\/11\/img_8452-1_optimized-1030x579.jpg 1030w, https:\/\/radiorevelacionfm.cl\/wp-content\/uploads\/2025\/11\/img_8452-1_optimized-768x432.jpg 768w, https:\/\/radiorevelacionfm.cl\/wp-content\/uploads\/2025\/11\/img_8452-1_optimized-705x396.jpg 705w, https:\/\/radiorevelacionfm.cl\/wp-content\/uploads\/2025\/11\/img_8452-1_optimized-450x253.jpg 450w, https:\/\/radiorevelacionfm.cl\/wp-content\/uploads\/2025\/11\/img_8452-1_optimized-600x337.jpg 600w\" sizes=\"(max-width: 1067px) 100vw, 1067px\" \/><\/div><\/div><\/div><\/div><div class=\"flex_column av_one_full  flex_column_div av-zero-column-padding first  avia-builder-el-2  el_after_av_one_full  el_before_av_one_full  column-top-margin\" style='border-radius:0px; '><section class=\"av_textblock_section \"  itemscope=\"itemscope\" itemtype=\"https:\/\/schema.org\/BlogPosting\" itemprop=\"blogPost\" ><div class='avia_textblock  '   itemprop=\"text\" ><p style=\"text-align: center;\"><span style=\"font-size: 18pt;\"><strong>Conmemoran d\u00eda de las \u00c1reas protegidas con entrega oficial de Certificaci\u00f3n Lista Verde a Parque Nacional Cerro Castillo<\/strong><\/span><\/p>\n<div id=\"gtx-trans\" style=\"position: absolute; left: -50px; top: 4.31534px;\">\n<div class=\"gtx-trans-icon\"><\/div>\n<\/div>\n<\/div><\/section><\/div><div class=\"flex_column av_one_full  flex_column_div av-zero-column-padding first  avia-builder-el-4  el_after_av_one_full  el_before_av_hr  column-top-margin\" style='border-radius:0px; '><section class=\"av_textblock_section \"  itemscope=\"itemscope\" itemtype=\"https:\/\/schema.org\/BlogPosting\" itemprop=\"blogPost\" ><div class='avia_textblock  '   itemprop=\"text\" ><p style=\"text-align: justify;\">Si bien en septiembre de este a\u00f1o el Parque Nacional Cerro Castillo, ingres\u00f3 a la Lista Verde de \u00c1reas Protegidas y Conservadas de la Uni\u00f3n Internacional de Conservaci\u00f3n de la Naturaleza (UICN), el hito oficial se realiz\u00f3 este s\u00e1bado en el marco de la conmemoraci\u00f3n del D\u00eda Nacional de las \u00c1reas Protegidas.<\/p>\n<p style=\"text-align: justify;\">\u201cM\u00e1s all\u00e1 que la certificaci\u00f3n haya sido el 23 de septiembre, hoy en d\u00eda hacemos la ceremonia en el Parque Nacional Castillo, en la Regi\u00f3n de Ays\u00e9n, lo que marca un hito muy importante, no solo a nivel de conservaci\u00f3n, sino que para Chile y para ello ac\u00e1 tenemos a todas las autoridades, para dar a conocer nuestros planes de acci\u00f3n, espero que sean bienvenidos\u201d, relat\u00f3 el Guardaparque y Administrador del Parque Nacional Cerro Castillo, Mario Alegr\u00eda, haciendo alusi\u00f3n a los casi cuatro a\u00f1os de trabajo para abordar 50 indicadores que les hicieron merecedores del sello que hoy destaca como \u00fanico en el pa\u00eds.<\/p>\n<p style=\"text-align: justify;\">En efecto, autoridades comunales, regionales, nacionales, representantes de la sociedad civil y academia se dieron cita para acompa\u00f1ar al equipo de CONAF en el reconocimiento que incluye a solo 87 \u00e1reas protegidas de 18 pa\u00edses del mundo.<\/p>\n<p style=\"text-align: justify;\"><strong>\u00c1reas protegidas en la nueva institucionalidad ambiental<\/strong><\/p>\n<p style=\"text-align: justify;\"><em>\u201cEste es un gran hito en un a\u00f1o donde estamos jug\u00e1ndonos la implementaci\u00f3n del Servicio de Biodiversidad y \u00c1reas Protegidas, que viene a completar la institucionalidad ambiental, que tiene el gran desaf\u00edo de administrar las \u00e1reas silvestres protegidas de la regi\u00f3n y del pa\u00eds y adem\u00e1s reconociendo el trabajo en particular del Parque Nacional Cerro Castillo, que nos llena de orgullo. Como gobierno, el Presidente Gabriel Boric estamos muy contentos de seguir trabajando en el fortalecimiento de la gesti\u00f3n institucional en las \u00e1reas silvestres protegidas\u201d,<\/em> declar\u00f3 el Seremi del Medio Ambiente, Yoal D\u00edaz, quien destac\u00f3 la presencia en el hito del Jefe de Divisi\u00f3n de \u00c1reas Protegidas del SBAP y el recientemente nombrado Director Regional de SBAP.<\/p>\n<p style=\"text-align: justify;\">Respecto a la implementaci\u00f3n del nuevo servicio, la autoridad ambiental indic\u00f3 que se encuentra en plena marcha, trabajando para entregar los reglamentos, en proceso de consulta ind\u00edgena y generando toda la infraestructura y el soporte para que el Servicio de Biodiversidad se pueda implementar de forma correcta y pueda operar. Por su parte el Jefe de Divisi\u00f3n de \u00c1reas Protegidas del Servicio de Biodiversidad y \u00c1reas Protegidas de nivel central, Fernando Aizman, agradeci\u00f3<em> \u201cel compromiso de los guardaparques, que han trabajado intensamente apoyados por diversas instituciones, pero en particular apoyados por la comunidad local para elaborar esta planificaci\u00f3n de largo plazo, que significa comprometerse con una gesti\u00f3n efectiva de las \u00e1reas protegidas a trav\u00e9s del sello Lista Verde\u201d.<\/em><\/p>\n<p style=\"text-align: justify;\">Desde el Consejo Consultivo del Parque Nacional, su director, Ricardo Orme\u00f1o, record\u00f3 que el trabajo colaborativo y comunitario es clave, haciendo menci\u00f3n a la jornada de limpieza realizada hace unas semanas en el parque <em>\u201cfue muy significativa, porque la gente que no participaba y particip\u00f3 en este momento, se di\u00f3 cuenta del gran impacto que genera la basura, sobre todo el desperdicio de latas y bebidas\u201d<\/em><strong>,<\/strong> relat\u00f3 haciendo un llamado a continuar el trabajo de toma de conciencia.<\/p>\n<p style=\"text-align: justify;\"><strong>El camino que comienza.<\/strong><\/p>\n<p style=\"text-align: justify;\">La socia senior UICN de \u00e1reas compartidas y conservadas y que lidera el grupo de trabajo de Lista Verde para Sudam\u00e9rica, Zornitza Aguilar fue enf\u00e1tica en su discurso a los presentes en asegurando que, si bien conseguir el sello es un gran logro, implementarlo y mantenerlo en el tiempo es el gran desaf\u00edo. Respecto del trabajo realizado por el equipo del parque, la experta indic\u00f3 <strong>\u201c<\/strong><em>En lista verde nosotros no buscamos \u00e1reas perfectas, buscamos \u00e1reas comprometidas y eso es lo que tenemos, un \u00e1rea altamente comprometida con su proceso transformativo que hace que el \u00e1rea protegida alcance habilidades y equipos fuertes y resilientes\u201d, felicitando adem\u00e1s a los galardonados \u201cmi m\u00e1s grande reconocimiento, sabemos lo dif\u00edcil que es, el esfuerzo que han hecho, y son ahora un modelo\u201d, finalmente Aguilar hizo un llamado a las autoridades \u201clista verde es una herramienta, tener la certificaci\u00f3n es la cereza del pastel y sumamente motivador, pero lo que importa es el camino y tienen ah\u00ed una herramienta que como UISN\u00a0 ponemos a su disposici\u00f3n<\/em>\u201d, concluy\u00f3.<\/p>\n<\/div><\/section><\/div><div  style='height:50px' class='hr hr-invisible   avia-builder-el-6  el_after_av_one_full  el_before_av_social_share '><span class='hr-inner ' ><span class='hr-inner-style'><\/span><\/span><\/div><\/p>\n<div  class='av-social-sharing-box  avia-builder-el-7  el_after_av_hr  el_before_av_hr  '><div class='av-share-box'><h5 class='av-share-link-description av-no-toc '>Compartir esta noticia<\/h5><ul class='av-share-box-list noLightbox'><li class='av-share-link av-social-link-facebook' ><a target=\"_blank\" aria-label=\"Compartir en Facebook\" href='https:\/\/www.facebook.com\/sharer.php?u=https:\/\/radiorevelacionfm.cl\/?p=61250&#038;t=Conmemoran%20d%C3%ADa%20de%20las%20%C3%81reas%20protegidas%20con%20entrega%20oficial%20de%20Certificaci%C3%B3n%20Lista%20Verde%20a%20Parque%20Nacional%20Cerro%20Castillo' aria-hidden='false' data-av_icon='\ue8f3' data-av_iconfont='entypo-fontello' title='' data-avia-related-tooltip='Compartir en Facebook' rel=\"noopener\"><span class='avia_hidden_link_text'>Compartir en Facebook<\/span><\/a><\/li><li class='av-share-link av-social-link-twitter' ><a target=\"_blank\" aria-label=\"Compartir en Twitter\" href='https:\/\/twitter.com\/share?text=Conmemoran%20d%C3%ADa%20de%20las%20%C3%81reas%20protegidas%20con%20entrega%20oficial%20de%20Certificaci%C3%B3n%20Lista%20Verde%20a%20Parque%20Nacional%20Cerro%20Castillo&#038;url=https:\/\/radiorevelacionfm.cl\/?p=61250' aria-hidden='false' data-av_icon='\ue8f1' data-av_iconfont='entypo-fontello' title='' data-avia-related-tooltip='Compartir en Twitter' rel=\"noopener\"><span class='avia_hidden_link_text'>Compartir en Twitter<\/span><\/a><\/li><li class='av-share-link av-social-link-whatsapp' ><a target=\"_blank\" aria-label=\"Compartir en Whatsapp\" href='https:\/\/api.whatsapp.com\/send?text=https:\/\/radiorevelacionfm.cl\/?p=61250' aria-hidden='false' data-av_icon='\uf232' data-av_iconfont='entypo-fontello' title='' data-avia-related-tooltip='Compartir en Whatsapp' rel=\"noopener\"><span class='avia_hidden_link_text'>Compartir en Whatsapp<\/span><\/a><\/li><li class='av-share-link av-social-link-linkedin' ><a target=\"_blank\" aria-label=\"Compartir en LinkedIn\" href='https:\/\/linkedin.com\/shareArticle?mini=true&#038;title=Conmemoran%20d%C3%ADa%20de%20las%20%C3%81reas%20protegidas%20con%20entrega%20oficial%20de%20Certificaci%C3%B3n%20Lista%20Verde%20a%20Parque%20Nacional%20Cerro%20Castillo&#038;url=https:\/\/radiorevelacionfm.cl\/?p=61250' aria-hidden='false' data-av_icon='\ue8fc' data-av_iconfont='entypo-fontello' title='' data-avia-related-tooltip='Compartir en LinkedIn' rel=\"noopener\"><span class='avia_hidden_link_text'>Compartir en LinkedIn<\/span><\/a><\/li><li class='av-share-link av-social-link-mail' ><a  aria-label=\"Compartir por correo\" href='mailto:?subject=Conmemoran%20d%C3%ADa%20de%20las%20%C3%81reas%20protegidas%20con%20entrega%20oficial%20de%20Certificaci%C3%B3n%20Lista%20Verde%20a%20Parque%20Nacional%20Cerro%20Castillo&#038;body=https:\/\/radiorevelacionfm.cl\/?p=61250' aria-hidden='false' data-av_icon='\ue805' data-av_iconfont='entypo-fontello' title='' data-avia-related-tooltip='Compartir por correo'><span class='avia_hidden_link_text'>Compartir por correo<\/span><\/a><\/li><\/ul><\/div><\/div>\n<div  style='height:50px' class='hr hr-invisible   avia-builder-el-8  el_after_av_social_share  el_before_av_comments_list '><span class='hr-inner ' ><span class='hr-inner-style'><\/span><\/span><\/div>\n<div  class='av-buildercomment  av-blog-meta-html-info-disabled av-blog-meta-tag-disabled  '><\/div>\n","protected":false},"excerpt":{"rendered":"","protected":false},"author":1,"featured_media":61251,"comment_status":"closed","ping_status":"closed","sticky":false,"template":"","format":"standard","meta":{"footnotes":""},"categories":[39],"tags":[],"class_list":["post-61250","post","type-post","status-publish","format-standard","has-post-thumbnail","hentry","category-medio-ambiente"],"jetpack_featured_media_url":"https:\/\/radiorevelacionfm.cl\/wp-content\/uploads\/2025\/11\/img_8452-1_optimized.jpg","_links":{"self":[{"href":"https:\/\/radiorevelacionfm.cl\/index.php?rest_route=\/wp\/v2\/posts\/61250","targetHints":{"allow":["GET"]}}],"collection":[{"href":"https:\/\/radiorevelacionfm.cl\/index.php?rest_route=\/wp\/v2\/posts"}],"about":[{"href":"https:\/\/radiorevelacionfm.cl\/index.php?rest_route=\/wp\/v2\/types\/post"}],"author":[{"embeddable":true,"href":"https:\/\/radiorevelacionfm.cl\/index.php?rest_route=\/wp\/v2\/users\/1"}],"replies":[{"embeddable":true,"href":"https:\/\/radiorevelacionfm.cl\/index.php?rest_route=%2Fwp%2Fv2%2Fcomments&post=61250"}],"version-history":[{"count":2,"href":"https:\/\/radiorevelacionfm.cl\/index.php?rest_route=\/wp\/v2\/posts\/61250\/revisions"}],"predecessor-version":[{"id":61276,"href":"https:\/\/radiorevelacionfm.cl\/index.php?rest_route=\/wp\/v2\/posts\/61250\/revisions\/61276"}],"wp:featuredmedia":[{"embeddable":true,"href":"https:\/\/radiorevelacionfm.cl\/index.php?rest_route=\/wp\/v2\/media\/61251"}],"wp:attachment":[{"href":"https:\/\/radiorevelacionfm.cl\/index.php?rest_route=%2Fwp%2Fv2%2Fmedia&parent=61250"}],"wp:term":[{"taxonomy":"category","embeddable":true,"href":"https:\/\/radiorevelacionfm.cl\/index.php?rest_route=%2Fwp%2Fv2%2Fcategories&post=61250"},{"taxonomy":"post_tag","embeddable":true,"href":"https:\/\/radiorevelacionfm.cl\/index.php?rest_route=%2Fwp%2Fv2%2Ftags&post=61250"}],"curies":[{"name":"wp","href":"https:\/\/api.w.org\/{rel}","templated":true}]}}