{"id":61247,"date":"2025-11-11T11:13:50","date_gmt":"2025-11-11T14:13:50","guid":{"rendered":"https:\/\/radiorevelacionfm.cl\/?p=61247"},"modified":"2025-11-11T11:13:50","modified_gmt":"2025-11-11T14:13:50","slug":"corfo-y-uach-impulsan-turismo-intercultural-en-aysen-con-seminario-de-innovacion-identidad-y-desarrollo-sostenible","status":"publish","type":"post","link":"https:\/\/radiorevelacionfm.cl\/?p=61247","title":{"rendered":"Corfo y UACh impulsan turismo intercultural en Ays\u00e9n con seminario de innovaci\u00f3n, identidad y desarrollo sostenible"},"content":{"rendered":"<div class=\"flex_column av_one_full  flex_column_div av-zero-column-padding first  avia-builder-el-0  el_before_av_one_full  avia-builder-el-first  \" style='border-radius:0px; '><div  class='avia-image-container  av-styling-    avia-builder-el-1  avia-builder-el-no-sibling  avia-align-center '  itemprop=\"image\" itemscope=\"itemscope\" itemtype=\"https:\/\/schema.org\/ImageObject\"  ><div class='avia-image-container-inner'><div class='avia-image-overlay-wrap'><img decoding=\"async\" class='wp-image-61248 avia-img-lazy-loading-not-61248 avia_image' src=\"https:\/\/radiorevelacionfm.cl\/wp-content\/uploads\/2025\/11\/PP_TurismoIntercultural-1-1.jpeg\" alt='' title='PP_TurismoIntercultural (1) (1)' height=\"600\" width=\"1065\"  itemprop=\"thumbnailUrl\" srcset=\"https:\/\/radiorevelacionfm.cl\/wp-content\/uploads\/2025\/11\/PP_TurismoIntercultural-1-1.jpeg 1065w, https:\/\/radiorevelacionfm.cl\/wp-content\/uploads\/2025\/11\/PP_TurismoIntercultural-1-1-300x169.jpeg 300w, https:\/\/radiorevelacionfm.cl\/wp-content\/uploads\/2025\/11\/PP_TurismoIntercultural-1-1-1030x580.jpeg 1030w, https:\/\/radiorevelacionfm.cl\/wp-content\/uploads\/2025\/11\/PP_TurismoIntercultural-1-1-768x433.jpeg 768w, https:\/\/radiorevelacionfm.cl\/wp-content\/uploads\/2025\/11\/PP_TurismoIntercultural-1-1-705x397.jpeg 705w, https:\/\/radiorevelacionfm.cl\/wp-content\/uploads\/2025\/11\/PP_TurismoIntercultural-1-1-450x254.jpeg 450w, https:\/\/radiorevelacionfm.cl\/wp-content\/uploads\/2025\/11\/PP_TurismoIntercultural-1-1-600x338.jpeg 600w\" sizes=\"(max-width: 1065px) 100vw, 1065px\" \/><\/div><\/div><\/div><\/div><div class=\"flex_column av_one_full  flex_column_div av-zero-column-padding first  avia-builder-el-2  el_after_av_one_full  el_before_av_one_full  column-top-margin\" style='border-radius:0px; '><section class=\"av_textblock_section \"  itemscope=\"itemscope\" itemtype=\"https:\/\/schema.org\/BlogPosting\" itemprop=\"blogPost\" ><div class='avia_textblock  '   itemprop=\"text\" ><p style=\"text-align: center;\"><span style=\"font-size: 18pt;\"><b>Corfo y UACh impulsan turismo intercultural en Ays\u00e9n con seminario de innovaci\u00f3n, identidad y desarrollo sostenible<\/b><\/span><\/p>\n<div id=\"gtx-trans\" style=\"position: absolute; left: -50px; top: 4.31534px;\">\n<div class=\"gtx-trans-icon\"><\/div>\n<\/div>\n<\/div><\/section><\/div><div class=\"flex_column av_one_full  flex_column_div av-zero-column-padding first  avia-builder-el-4  el_after_av_one_full  el_before_av_hr  column-top-margin\" style='border-radius:0px; '><section class=\"av_textblock_section \"  itemscope=\"itemscope\" itemtype=\"https:\/\/schema.org\/BlogPosting\" itemprop=\"blogPost\" ><div class='avia_textblock  '   itemprop=\"text\" ><p style=\"text-align: justify;\"><em>El evento \u201cTurismo Intercultural\u201d busca transformar la oferta tur\u00edstica de Ays\u00e9n mediante experiencias ind\u00edgenas, rurales y comunitarias, con apoyo de Corfo y el Comit\u00e9 de Desarrollo Productivo Regional.<\/em><\/p>\n<p style=\"text-align: justify;\">La Universidad Austral de Chile (UACh), a trav\u00e9s de su Laboratorio de Innovaci\u00f3n Tur\u00edstica, lidera el proyecto \u201cTurismo Intercultural: Desarrollo e Innovaci\u00f3n de experiencias de base comunitaria, rurales y de pueblos originarios\u201d, financiado por Corfo Ays\u00e9n mediante su l\u00ednea Viraliza Eventos y aprobado por el Comit\u00e9 de Desarrollo Productivo Regional.<\/p>\n<p style=\"text-align: justify;\">El evento se realizar\u00e1 los d\u00edas 4 y 5 de diciembre en Coyhaique, convocando a m\u00e1s de 100 emprendedores, autoridades, acad\u00e9micos y expertos internacionales. La programaci\u00f3n incluye una feria de turismo el 4 de diciembre en el Campus Patagonia UACh y un seminario el 5 en el Museo Regional de Ays\u00e9n. Las actividades presenciales buscan fortalecer el ecosistema emprendedor tur\u00edstico de Ays\u00e9n, promoviendo un modelo inclusivo, sostenible y con identidad territorial.<\/p>\n<p style=\"text-align: justify;\">\u201cEl turismo intercultural es una oportunidad concreta para el desarrollo sostenible de Ays\u00e9n. Desde Corfo apoyamos iniciativas que promueven emprendimiento e innovaci\u00f3n desde las ra\u00edces culturales, fomentando una econom\u00eda diversa, resiliente y con identidad territorial\u201d, se\u00f1al\u00f3 Humberto Mar\u00edn Leiva, director de Corfo Ays\u00e9n.<\/p>\n<p style=\"text-align: justify;\">Desde el territorio, Ruth Barr\u00eda, Agrupaci\u00f3n de Turismo Los Torreones, destac\u00f3 que \u201cestos espacios son magn\u00edficos para el desarrollo del turismo y de los emprendimientos, especialmente los rurales, comunitarios e ind\u00edgenas. Nos permiten mostrarnos, que nuestra regi\u00f3n conozca estos sectores y valore su historia, cultura y atractivos que muchas veces permanecen ocultos por falta de difusi\u00f3n y recursos\u201d.<\/p>\n<p style=\"text-align: justify;\">En tanto, Yorka Cheuquian Gallardo, presidenta Asociaci\u00f3n Rakiduantum, destac\u00f3 que \u201cel turismo ind\u00edgena se diferencia por tener un relato propio. Buscamos generar un cambio de conciencia en el turista, para que se atreva a conocer este turismo de base comunitaria, con alimentaci\u00f3n y cultura mapuche viva en el territorio de Ays\u00e9n\u201d. Adem\u00e1s, subray\u00f3 que \u201ccada territorio tiene una riqueza cultural \u00fanica, un patrimonio vivo que se mantiene en el tiempo. Estamos en un rescate continuo de nuestras tradiciones, lo que nos fortalece d\u00eda a d\u00eda\u201d.<\/p>\n<p style=\"text-align: justify;\">Ambas dirigentas coincidieron en que el seminario es una invitaci\u00f3n abierta a ampliar la mirada sobre el turismo rural e ind\u00edgena, reconociendo que los territorios a\u00fan tienen mucho que decir y entregar.<\/p>\n<p style=\"text-align: justify;\">Guillermo Pacheco, director del proyecto y del Laboratorio de Innovaci\u00f3n e Inteligencia Tur\u00edstica de Patagonia, hizo un llamado a participar activamente en ambas jornadas. \u201cLos invitamos a participar el 4 y 5 de diciembre en este Primer Encuentro Internacional de Turismo Intercultural\u201d, se\u00f1al\u00f3, destacando la importancia de inscribirse previamente. Explic\u00f3 que el 4 se realizar\u00e1 una feria intercultural de experiencias, con operadores y servicios tur\u00edsticos vinculados al turismo cultural de la regi\u00f3n, mientras que el 5 se desarrollar\u00e1 un seminario m\u00e1s reflexivo y de di\u00e1logo. \u201cLa idea es aprender desde una perspectiva identitaria, pertinente y con sentido de pertenencia hacia el territorio de Ays\u00e9n\u201d, agreg\u00f3.<\/p>\n<p style=\"text-align: justify;\"><strong>Innovaci\u00f3n, redes y sostenibilidad<\/strong><\/p>\n<p style=\"text-align: justify;\">La iniciativa busca visibilizar y fortalecer el turismo intercultural en Ays\u00e9n, articulando redes entre emprendedores locales, instituciones p\u00fablicas y privadas, y actores internacionales. Se propone fomentar el emprendimiento ind\u00edgena, rural y comunitario, y transferir experiencias exitosas de turismo comunitario desde Am\u00e9rica Latina. Adem\u00e1s, se proyecta consolidar una red de colaboraci\u00f3n internacional que potencie el ecosistema tur\u00edstico regional.<\/p>\n<p style=\"text-align: justify;\">Felipe Rojas Pizarro, Seremi de Econom\u00eda y presidente del subcomit\u00e9 de innovaci\u00f3n del CDPR, destac\u00f3 que \u201ceste proyecto refleja c\u00f3mo la descentralizaci\u00f3n permite impulsar iniciativas con pertinencia territorial, fortaleciendo capacidades locales y posicionando a Ays\u00e9n como laboratorio de innovaci\u00f3n social y tur\u00edstica\u201d.<\/p>\n<p style=\"text-align: justify;\"><strong>Turismo e identidad<\/strong><\/p>\n<p style=\"text-align: justify;\">La oferta tur\u00edstica de Ays\u00e9n, tradicionalmente centrada en la naturaleza, presenta una brecha en cuanto a experiencias culturales e ind\u00edgenas. Esta iniciativa busca diversificar la oferta, aline\u00e1ndola con las caracter\u00edsticas socioculturales del territorio y de sus pueblos originarios. La participaci\u00f3n de expertos internacionales y la articulaci\u00f3n de redes locales permitir\u00e1n posicionar a Ays\u00e9n en circuitos globales de turismo responsable.<\/p>\n<p style=\"text-align: justify;\">Claudio Montecinos Angulo, director de SERNATUR Ays\u00e9n, se\u00f1al\u00f3 que \u201cla Regi\u00f3n de Ays\u00e9n posee una riqueza cultural y territorial que a\u00fan no se refleja plenamente en su oferta tur\u00edstica. Este proyecto propondr\u00e1 diversificarse mediante experiencias ind\u00edgenas, rurales y comunitarias que fortalecer\u00e1n la identidad local\u201d.<\/p>\n<p style=\"text-align: justify;\">El proyecto cuenta con un financiamiento total de $68.958.000, de los cuales Corfo aportar\u00e1 $48.270.000. Este respaldo permitir\u00e1 habilitar espacios para emprender desde el territorio, fortaleciendo redes de colaboraci\u00f3n y transferencia de conocimiento.<\/p>\n<\/div><\/section><\/div><div  style='height:50px' class='hr hr-invisible   avia-builder-el-6  el_after_av_one_full  el_before_av_social_share '><span class='hr-inner ' ><span class='hr-inner-style'><\/span><\/span><\/div><\/p>\n<div  class='av-social-sharing-box  avia-builder-el-7  el_after_av_hr  el_before_av_hr  '><div class='av-share-box'><h5 class='av-share-link-description av-no-toc '>Compartir esta noticia<\/h5><ul class='av-share-box-list noLightbox'><li class='av-share-link av-social-link-facebook' ><a target=\"_blank\" aria-label=\"Compartir en Facebook\" href='https:\/\/www.facebook.com\/sharer.php?u=https:\/\/radiorevelacionfm.cl\/?p=61247&#038;t=Corfo%20y%20UACh%20impulsan%20turismo%20intercultural%20en%20Ays%C3%A9n%20con%20seminario%20de%20innovaci%C3%B3n%2C%20identidad%20y%20desarrollo%20sostenible' aria-hidden='false' data-av_icon='\ue8f3' data-av_iconfont='entypo-fontello' title='' data-avia-related-tooltip='Compartir en Facebook' rel=\"noopener\"><span class='avia_hidden_link_text'>Compartir en Facebook<\/span><\/a><\/li><li class='av-share-link av-social-link-twitter' ><a target=\"_blank\" aria-label=\"Compartir en Twitter\" href='https:\/\/twitter.com\/share?text=Corfo%20y%20UACh%20impulsan%20turismo%20intercultural%20en%20Ays%C3%A9n%20con%20seminario%20de%20innovaci%C3%B3n%2C%20identidad%20y%20desarrollo%20sostenible&#038;url=https:\/\/radiorevelacionfm.cl\/?p=61247' aria-hidden='false' data-av_icon='\ue8f1' data-av_iconfont='entypo-fontello' title='' data-avia-related-tooltip='Compartir en Twitter' rel=\"noopener\"><span class='avia_hidden_link_text'>Compartir en Twitter<\/span><\/a><\/li><li class='av-share-link av-social-link-whatsapp' ><a target=\"_blank\" aria-label=\"Compartir en Whatsapp\" href='https:\/\/api.whatsapp.com\/send?text=https:\/\/radiorevelacionfm.cl\/?p=61247' aria-hidden='false' data-av_icon='\uf232' data-av_iconfont='entypo-fontello' title='' data-avia-related-tooltip='Compartir en Whatsapp' rel=\"noopener\"><span class='avia_hidden_link_text'>Compartir en Whatsapp<\/span><\/a><\/li><li class='av-share-link av-social-link-linkedin' ><a target=\"_blank\" aria-label=\"Compartir en LinkedIn\" href='https:\/\/linkedin.com\/shareArticle?mini=true&#038;title=Corfo%20y%20UACh%20impulsan%20turismo%20intercultural%20en%20Ays%C3%A9n%20con%20seminario%20de%20innovaci%C3%B3n%2C%20identidad%20y%20desarrollo%20sostenible&#038;url=https:\/\/radiorevelacionfm.cl\/?p=61247' aria-hidden='false' data-av_icon='\ue8fc' data-av_iconfont='entypo-fontello' title='' data-avia-related-tooltip='Compartir en LinkedIn' rel=\"noopener\"><span class='avia_hidden_link_text'>Compartir en LinkedIn<\/span><\/a><\/li><li class='av-share-link av-social-link-mail' ><a  aria-label=\"Compartir por correo\" href='mailto:?subject=Corfo%20y%20UACh%20impulsan%20turismo%20intercultural%20en%20Ays%C3%A9n%20con%20seminario%20de%20innovaci%C3%B3n%2C%20identidad%20y%20desarrollo%20sostenible&#038;body=https:\/\/radiorevelacionfm.cl\/?p=61247' aria-hidden='false' data-av_icon='\ue805' data-av_iconfont='entypo-fontello' title='' data-avia-related-tooltip='Compartir por correo'><span class='avia_hidden_link_text'>Compartir por correo<\/span><\/a><\/li><\/ul><\/div><\/div>\n<div  style='height:50px' class='hr hr-invisible   avia-builder-el-8  el_after_av_social_share  el_before_av_comments_list '><span class='hr-inner ' ><span class='hr-inner-style'><\/span><\/span><\/div>\n<div  class='av-buildercomment  av-blog-meta-html-info-disabled av-blog-meta-tag-disabled  '><\/div>\n","protected":false},"excerpt":{"rendered":"","protected":false},"author":1,"featured_media":61248,"comment_status":"closed","ping_status":"closed","sticky":false,"template":"","format":"standard","meta":{"footnotes":""},"categories":[45,49,38],"tags":[],"class_list":["post-61247","post","type-post","status-publish","format-standard","has-post-thumbnail","hentry","category-comercio","category-educacion","category-regional"],"jetpack_featured_media_url":"https:\/\/radiorevelacionfm.cl\/wp-content\/uploads\/2025\/11\/PP_TurismoIntercultural-1-1.jpeg","_links":{"self":[{"href":"https:\/\/radiorevelacionfm.cl\/index.php?rest_route=\/wp\/v2\/posts\/61247","targetHints":{"allow":["GET"]}}],"collection":[{"href":"https:\/\/radiorevelacionfm.cl\/index.php?rest_route=\/wp\/v2\/posts"}],"about":[{"href":"https:\/\/radiorevelacionfm.cl\/index.php?rest_route=\/wp\/v2\/types\/post"}],"author":[{"embeddable":true,"href":"https:\/\/radiorevelacionfm.cl\/index.php?rest_route=\/wp\/v2\/users\/1"}],"replies":[{"embeddable":true,"href":"https:\/\/radiorevelacionfm.cl\/index.php?rest_route=%2Fwp%2Fv2%2Fcomments&post=61247"}],"version-history":[{"count":2,"href":"https:\/\/radiorevelacionfm.cl\/index.php?rest_route=\/wp\/v2\/posts\/61247\/revisions"}],"predecessor-version":[{"id":61266,"href":"https:\/\/radiorevelacionfm.cl\/index.php?rest_route=\/wp\/v2\/posts\/61247\/revisions\/61266"}],"wp:featuredmedia":[{"embeddable":true,"href":"https:\/\/radiorevelacionfm.cl\/index.php?rest_route=\/wp\/v2\/media\/61248"}],"wp:attachment":[{"href":"https:\/\/radiorevelacionfm.cl\/index.php?rest_route=%2Fwp%2Fv2%2Fmedia&parent=61247"}],"wp:term":[{"taxonomy":"category","embeddable":true,"href":"https:\/\/radiorevelacionfm.cl\/index.php?rest_route=%2Fwp%2Fv2%2Fcategories&post=61247"},{"taxonomy":"post_tag","embeddable":true,"href":"https:\/\/radiorevelacionfm.cl\/index.php?rest_route=%2Fwp%2Fv2%2Ftags&post=61247"}],"curies":[{"name":"wp","href":"https:\/\/api.w.org\/{rel}","templated":true}]}}