{"id":61243,"date":"2025-11-10T17:36:55","date_gmt":"2025-11-10T20:36:55","guid":{"rendered":"https:\/\/radiorevelacionfm.cl\/?p=61243"},"modified":"2025-11-10T17:36:55","modified_gmt":"2025-11-10T20:36:55","slug":"proyectando-un-futuro-sostenible-tortel-lanza-plan-de-accion-comunal-de-cambio-climatico","status":"publish","type":"post","link":"https:\/\/radiorevelacionfm.cl\/?p=61243","title":{"rendered":"Proyectando un futuro sostenible: Tortel lanza Plan de Acci\u00f3n Comunal de Cambio Clim\u00e1tico"},"content":{"rendered":"<div class=\"flex_column av_one_full  flex_column_div av-zero-column-padding first  avia-builder-el-0  el_before_av_one_full  avia-builder-el-first  \" style='border-radius:0px; '><div  class='avia-image-container  av-styling-    avia-builder-el-1  avia-builder-el-no-sibling  avia-align-center '  itemprop=\"image\" itemscope=\"itemscope\" itemtype=\"https:\/\/schema.org\/ImageObject\"  ><div class='avia-image-container-inner'><div class='avia-image-overlay-wrap'><img decoding=\"async\" class='wp-image-61244 avia-img-lazy-loading-not-61244 avia_image' src=\"https:\/\/radiorevelacionfm.cl\/wp-content\/uploads\/2025\/11\/foto-1-91-1-1.jpeg\" alt='' title='foto 1 (91) (1) (1)' height=\"600\" width=\"605\"  itemprop=\"thumbnailUrl\" srcset=\"https:\/\/radiorevelacionfm.cl\/wp-content\/uploads\/2025\/11\/foto-1-91-1-1.jpeg 605w, https:\/\/radiorevelacionfm.cl\/wp-content\/uploads\/2025\/11\/foto-1-91-1-1-300x298.jpeg 300w, https:\/\/radiorevelacionfm.cl\/wp-content\/uploads\/2025\/11\/foto-1-91-1-1-80x80.jpeg 80w, https:\/\/radiorevelacionfm.cl\/wp-content\/uploads\/2025\/11\/foto-1-91-1-1-36x36.jpeg 36w, https:\/\/radiorevelacionfm.cl\/wp-content\/uploads\/2025\/11\/foto-1-91-1-1-180x180.jpeg 180w, https:\/\/radiorevelacionfm.cl\/wp-content\/uploads\/2025\/11\/foto-1-91-1-1-120x120.jpeg 120w, https:\/\/radiorevelacionfm.cl\/wp-content\/uploads\/2025\/11\/foto-1-91-1-1-450x446.jpeg 450w, https:\/\/radiorevelacionfm.cl\/wp-content\/uploads\/2025\/11\/foto-1-91-1-1-600x595.jpeg 600w, https:\/\/radiorevelacionfm.cl\/wp-content\/uploads\/2025\/11\/foto-1-91-1-1-100x100.jpeg 100w\" sizes=\"(max-width: 605px) 100vw, 605px\" \/><\/div><\/div><\/div><\/div><div class=\"flex_column av_one_full  flex_column_div av-zero-column-padding first  avia-builder-el-2  el_after_av_one_full  el_before_av_one_full  column-top-margin\" style='border-radius:0px; '><section class=\"av_textblock_section \"  itemscope=\"itemscope\" itemtype=\"https:\/\/schema.org\/BlogPosting\" itemprop=\"blogPost\" ><div class='avia_textblock  '   itemprop=\"text\" ><p style=\"text-align: center;\"><span style=\"font-size: 18pt;\"><strong>Proyectando un futuro sostenible: Tortel lanza Plan de Acci\u00f3n Comunal de Cambio <\/strong><\/span><span style=\"font-size: 18pt;\"><strong>Clim\u00e1tico<\/strong><\/span><\/p>\n<div id=\"gtx-trans\" style=\"position: absolute; left: -50px; top: 4.31534px;\">\n<div class=\"gtx-trans-icon\"><\/div>\n<\/div>\n<\/div><\/section><\/div><div class=\"flex_column av_one_full  flex_column_div av-zero-column-padding first  avia-builder-el-4  el_after_av_one_full  el_before_av_hr  column-top-margin\" style='border-radius:0px; '><section class=\"av_textblock_section \"  itemscope=\"itemscope\" itemtype=\"https:\/\/schema.org\/BlogPosting\" itemprop=\"blogPost\" ><div class='avia_textblock  '   itemprop=\"text\" ><p style=\"text-align: justify;\"><em>Este documento permitir\u00e1 definir acciones pertinentes a desaf\u00edos medioambientales y\u00a0comunitarios.<\/em><\/p>\n<p style=\"text-align: justify;\">El pasado mi\u00e9rcoles 5 de noviembre, y despu\u00e9s de meses de trabajo, la I. Municipalidad de Tortel realiz\u00f3 el lanzamiento del Plan de Acci\u00f3n Comunal de Cambio Clim\u00e1tico de Tortel 2025- 2030 (PACCC), documento crucial en la planificaci\u00f3n territorial de esta comuna, y que ayudar\u00e1 a propiciar acciones concretas que permitan asegurar un desarrollo sostenible desde la conservaci\u00f3n del entorno.<br \/>\nCon la participaci\u00f3n de la Seremi de Medio Ambiente, representantes de instituciones y organizaciones locales, se compartieron los resultados de esta hoja de ruta, cuya ejecuci\u00f3n involucr\u00f3 un diagn\u00f3stico territorial y la utilizaci\u00f3n de fuentes cient\u00edficas, como tambi\u00e9n jornadas de participaci\u00f3n ciudadana con dirigentes vecinales; para validar las miradas y aspiraciones concretas de este territorio.<br \/>\nPara Marisela Jim\u00e9nez, alcaldesa de Tortel, este instrumento es esencial para pensar el desarrollo comunal, integrando una mirada patrimonial que se encuentra validada por la propia comunidad local. As\u00ed, agrega que \u201c<em>este documento es una gu\u00eda para garantizar el desarrollo local y el resguardo de nuestro patrimonio. Una hoja de ruta de la comuna que queremos ser a futuro. En ese sentido, como alcaldesa en mi gesti\u00f3n quiero asegurar que el futuro de Tortel sea construido teniendo como base el cuidado de eso que amamos, que son nuestras tradiciones, oficios y patrimonio en general, cualquiera sea su origen. Esto lo podremos lograr adoptando una mirada integral de desarrollo, pero tambi\u00e9n asegurando una participaci\u00f3n activa de nuestra comunidad. Porque el futuro de Tortel est\u00e1 en todos quienes lo habitan<\/em>\u201d, sentencia.<br \/>\nEn espec\u00edfico, este documento se alinea con la Ley N\u00b021.455, o Ley Marco de Cambio Clim\u00e1tico, la que determina que el Cambio Clim\u00e1tico es un enfoque fundamental en las acciones que llevan a cabo los servicios p\u00fablicos.<br \/>\nYoal D\u00edaz, Seremi de Medio Ambiente de Ays\u00e9n, comparte que \u201c<em>estamos felices como regi\u00f3n de Ays\u00e9n, de tener el Plan de Acci\u00f3n Comunal de Cambio Clim\u00e1tico PACC, de la comuna de Tortel, ya disponible para toda la ciudadan\u00eda. Como gobierno del presidente Gabriel Boric tenemos un compromiso en la implementaci\u00f3n de la Ley Marco de Cambio Clim\u00e1tico, y este instrumento de gesti\u00f3n local, permite tambi\u00e9n a la ciudadan\u00eda hacerse<\/em><br \/>\n<em>parte de la acci\u00f3n clim\u00e1tica. Tenemos medidas que son realistas, pero tambi\u00e9n ambiciosas, y que buscan de alguna manera relevar la realidad territorial de Tortel, un lugar que tiene una particularidad en comparaci\u00f3n a otras comunas del pa\u00eds, y que sabemos que seguir\u00e1 avanzando en esta gesti\u00f3n clim\u00e1tica local. Agradecemos a la alcaldesa y su equipo, por lograr este tremendo instrumento<\/em>\u201d, asegura.<br \/>\nAdem\u00e1s de ello, y en vista de los recientes acontecimientos clim\u00e1ticos que afectaron la regi\u00f3n, y, en particular la comuna, a trav\u00e9s de su diagn\u00f3stico, el PACCC asegura respuestas pertinentes a posibles problem\u00e1ticas locales, adelantando soluciones necesarias para esta comunidad.<\/p>\n<p style=\"text-align: justify;\">As\u00ed lo asegura Camila Flores, encargada de Medio Ambiente de la municipalidad de Tortel. \u201c<em>Adem\u00e1s incluimos un an\u00e1lisis t\u00e9cnico de las proyecciones en nuestra comuna y de las principales vulnerabilidades a las cuales nos enfrentamos actualmente, como por ejemplo, los eventos hidrometeorol\u00f3gicos, congelamientos, remociones en masa e inundaciones. As\u00ed como la sensibilidad de nuestro sistema de agua potable, alcantarillado y energ\u00eda ante<\/em><br \/>\n<em>emergencias clim\u00e1ticas. Implementar este plan nos permitir\u00e1 avanzar en soluciones concretas, como por ejemplo, fortalecer la seguridad h\u00eddrica y energ\u00e9tica, prevenir riesgos y emergencias, proteger la biodiversidad y promover una planificaci\u00f3n m\u00e1s sostenible y participativa. El PACCC nos entrega una hoja de ruta para ser una comuna m\u00e1s preparada y comprometida con el bienestar de sus habitantes y de las futuras generaciones<\/em>\u201d sostiene la profesional.<br \/>\nPuedes conocer m\u00e1s de este documento visitando la p\u00e1gina web del municipio, www.tortel.cl.<\/p>\n<\/div><\/section><\/div><div  style='height:50px' class='hr hr-invisible   avia-builder-el-6  el_after_av_one_full  el_before_av_social_share '><span class='hr-inner ' ><span class='hr-inner-style'><\/span><\/span><\/div><\/p>\n<div  class='av-social-sharing-box  avia-builder-el-7  el_after_av_hr  el_before_av_hr  '><div class='av-share-box'><h5 class='av-share-link-description av-no-toc '>Compartir esta noticia<\/h5><ul class='av-share-box-list noLightbox'><li class='av-share-link av-social-link-facebook' ><a target=\"_blank\" aria-label=\"Compartir en Facebook\" href='https:\/\/www.facebook.com\/sharer.php?u=https:\/\/radiorevelacionfm.cl\/?p=61243&#038;t=Proyectando%20un%20futuro%20sostenible%3A%20Tortel%20lanza%20Plan%20de%20Acci%C3%B3n%20Comunal%20de%20Cambio%20Clim%C3%A1tico' aria-hidden='false' data-av_icon='\ue8f3' data-av_iconfont='entypo-fontello' title='' data-avia-related-tooltip='Compartir en Facebook' rel=\"noopener\"><span class='avia_hidden_link_text'>Compartir en Facebook<\/span><\/a><\/li><li class='av-share-link av-social-link-twitter' ><a target=\"_blank\" aria-label=\"Compartir en Twitter\" href='https:\/\/twitter.com\/share?text=Proyectando%20un%20futuro%20sostenible%3A%20Tortel%20lanza%20Plan%20de%20Acci%C3%B3n%20Comunal%20de%20Cambio%20Clim%C3%A1tico&#038;url=https:\/\/radiorevelacionfm.cl\/?p=61243' aria-hidden='false' data-av_icon='\ue8f1' data-av_iconfont='entypo-fontello' title='' data-avia-related-tooltip='Compartir en Twitter' rel=\"noopener\"><span class='avia_hidden_link_text'>Compartir en Twitter<\/span><\/a><\/li><li class='av-share-link av-social-link-whatsapp' ><a target=\"_blank\" aria-label=\"Compartir en Whatsapp\" href='https:\/\/api.whatsapp.com\/send?text=https:\/\/radiorevelacionfm.cl\/?p=61243' aria-hidden='false' data-av_icon='\uf232' data-av_iconfont='entypo-fontello' title='' data-avia-related-tooltip='Compartir en Whatsapp' rel=\"noopener\"><span class='avia_hidden_link_text'>Compartir en Whatsapp<\/span><\/a><\/li><li class='av-share-link av-social-link-linkedin' ><a target=\"_blank\" aria-label=\"Compartir en LinkedIn\" href='https:\/\/linkedin.com\/shareArticle?mini=true&#038;title=Proyectando%20un%20futuro%20sostenible%3A%20Tortel%20lanza%20Plan%20de%20Acci%C3%B3n%20Comunal%20de%20Cambio%20Clim%C3%A1tico&#038;url=https:\/\/radiorevelacionfm.cl\/?p=61243' aria-hidden='false' data-av_icon='\ue8fc' data-av_iconfont='entypo-fontello' title='' data-avia-related-tooltip='Compartir en LinkedIn' rel=\"noopener\"><span class='avia_hidden_link_text'>Compartir en LinkedIn<\/span><\/a><\/li><li class='av-share-link av-social-link-mail' ><a  aria-label=\"Compartir por correo\" href='mailto:?subject=Proyectando%20un%20futuro%20sostenible%3A%20Tortel%20lanza%20Plan%20de%20Acci%C3%B3n%20Comunal%20de%20Cambio%20Clim%C3%A1tico&#038;body=https:\/\/radiorevelacionfm.cl\/?p=61243' aria-hidden='false' data-av_icon='\ue805' data-av_iconfont='entypo-fontello' title='' data-avia-related-tooltip='Compartir por correo'><span class='avia_hidden_link_text'>Compartir por correo<\/span><\/a><\/li><\/ul><\/div><\/div>\n<div  style='height:50px' class='hr hr-invisible   avia-builder-el-8  el_after_av_social_share  el_before_av_comments_list '><span class='hr-inner ' ><span class='hr-inner-style'><\/span><\/span><\/div>\n<div  class='av-buildercomment  av-blog-meta-html-info-disabled av-blog-meta-tag-disabled  '><\/div>\n","protected":false},"excerpt":{"rendered":"","protected":false},"author":1,"featured_media":61244,"comment_status":"closed","ping_status":"closed","sticky":false,"template":"","format":"standard","meta":{"footnotes":""},"categories":[39],"tags":[],"class_list":["post-61243","post","type-post","status-publish","format-standard","has-post-thumbnail","hentry","category-medio-ambiente"],"jetpack_featured_media_url":"https:\/\/radiorevelacionfm.cl\/wp-content\/uploads\/2025\/11\/foto-1-91-1-1.jpeg","_links":{"self":[{"href":"https:\/\/radiorevelacionfm.cl\/index.php?rest_route=\/wp\/v2\/posts\/61243","targetHints":{"allow":["GET"]}}],"collection":[{"href":"https:\/\/radiorevelacionfm.cl\/index.php?rest_route=\/wp\/v2\/posts"}],"about":[{"href":"https:\/\/radiorevelacionfm.cl\/index.php?rest_route=\/wp\/v2\/types\/post"}],"author":[{"embeddable":true,"href":"https:\/\/radiorevelacionfm.cl\/index.php?rest_route=\/wp\/v2\/users\/1"}],"replies":[{"embeddable":true,"href":"https:\/\/radiorevelacionfm.cl\/index.php?rest_route=%2Fwp%2Fv2%2Fcomments&post=61243"}],"version-history":[{"count":2,"href":"https:\/\/radiorevelacionfm.cl\/index.php?rest_route=\/wp\/v2\/posts\/61243\/revisions"}],"predecessor-version":[{"id":61246,"href":"https:\/\/radiorevelacionfm.cl\/index.php?rest_route=\/wp\/v2\/posts\/61243\/revisions\/61246"}],"wp:featuredmedia":[{"embeddable":true,"href":"https:\/\/radiorevelacionfm.cl\/index.php?rest_route=\/wp\/v2\/media\/61244"}],"wp:attachment":[{"href":"https:\/\/radiorevelacionfm.cl\/index.php?rest_route=%2Fwp%2Fv2%2Fmedia&parent=61243"}],"wp:term":[{"taxonomy":"category","embeddable":true,"href":"https:\/\/radiorevelacionfm.cl\/index.php?rest_route=%2Fwp%2Fv2%2Fcategories&post=61243"},{"taxonomy":"post_tag","embeddable":true,"href":"https:\/\/radiorevelacionfm.cl\/index.php?rest_route=%2Fwp%2Fv2%2Ftags&post=61243"}],"curies":[{"name":"wp","href":"https:\/\/api.w.org\/{rel}","templated":true}]}}