{"id":61239,"date":"2025-11-10T17:00:31","date_gmt":"2025-11-10T20:00:31","guid":{"rendered":"https:\/\/radiorevelacionfm.cl\/?p=61239"},"modified":"2025-11-10T17:00:31","modified_gmt":"2025-11-10T20:00:31","slug":"realizan-operativo-de-fiscalizacion-a-local-comercial-de-coyhaique-2","status":"publish","type":"post","link":"https:\/\/radiorevelacionfm.cl\/?p=61239","title":{"rendered":"Realizan operativo de fiscalizaci\u00f3n a local comercial de Coyhaique"},"content":{"rendered":"<div class=\"flex_column av_one_full  flex_column_div av-zero-column-padding first  avia-builder-el-0  el_before_av_one_full  avia-builder-el-first  \" style='border-radius:0px; '><div  class='avia-image-container  av-styling-    avia-builder-el-1  avia-builder-el-no-sibling  avia-align-center '  itemprop=\"image\" itemscope=\"itemscope\" itemtype=\"https:\/\/schema.org\/ImageObject\"  ><div class='avia-image-container-inner'><div class='avia-image-overlay-wrap'><img decoding=\"async\" class='wp-image-61240 avia-img-lazy-loading-not-61240 avia_image' src=\"https:\/\/radiorevelacionfm.cl\/wp-content\/uploads\/2025\/11\/fiscalizacion-trata-1_optimized.jpg\" alt='' title='fiscalizacion-trata-(1)_optimized' height=\"600\" width=\"800\"  itemprop=\"thumbnailUrl\" srcset=\"https:\/\/radiorevelacionfm.cl\/wp-content\/uploads\/2025\/11\/fiscalizacion-trata-1_optimized.jpg 800w, https:\/\/radiorevelacionfm.cl\/wp-content\/uploads\/2025\/11\/fiscalizacion-trata-1_optimized-300x225.jpg 300w, https:\/\/radiorevelacionfm.cl\/wp-content\/uploads\/2025\/11\/fiscalizacion-trata-1_optimized-768x576.jpg 768w, https:\/\/radiorevelacionfm.cl\/wp-content\/uploads\/2025\/11\/fiscalizacion-trata-1_optimized-705x529.jpg 705w, https:\/\/radiorevelacionfm.cl\/wp-content\/uploads\/2025\/11\/fiscalizacion-trata-1_optimized-450x338.jpg 450w, https:\/\/radiorevelacionfm.cl\/wp-content\/uploads\/2025\/11\/fiscalizacion-trata-1_optimized-600x450.jpg 600w\" sizes=\"(max-width: 800px) 100vw, 800px\" \/><\/div><\/div><\/div><\/div><div class=\"flex_column av_one_full  flex_column_div av-zero-column-padding first  avia-builder-el-2  el_after_av_one_full  el_before_av_one_full  column-top-margin\" style='border-radius:0px; '><section class=\"av_textblock_section \"  itemscope=\"itemscope\" itemtype=\"https:\/\/schema.org\/BlogPosting\" itemprop=\"blogPost\" ><div class='avia_textblock  '   itemprop=\"text\" ><p style=\"text-align: center;\"><span style=\"font-size: 18pt;\"><strong>Realizan operativo de fiscalizaci\u00f3n a local comercial de Coyhaique<\/strong><\/span><\/p>\n<div id=\"gtx-trans\" style=\"position: absolute; left: -50px; top: 4.31534px;\">\n<div class=\"gtx-trans-icon\"><\/div>\n<\/div>\n<\/div><\/section><\/div><div class=\"flex_column av_one_full  flex_column_div av-zero-column-padding first  avia-builder-el-4  el_after_av_one_full  el_before_av_hr  column-top-margin\" style='border-radius:0px; '><section class=\"av_textblock_section \"  itemscope=\"itemscope\" itemtype=\"https:\/\/schema.org\/BlogPosting\" itemprop=\"blogPost\" ><div class='avia_textblock  '   itemprop=\"text\" ><p style=\"text-align: justify;\">Enmarcado en el trabajo que realiza la Mesa Intersectorial de Trata de Personas, el pasado viernes se llev\u00f3 a cabo una fiscalizaci\u00f3n a un local comercial de Coyhaique donde laboran personas extranjeras, esto en el marco de una serie de acciones que lleva adelante esta instancia, la que es presidida por el Seremi de Justicia y Derechos Humanos Samuel Navarro Castro, y que ten\u00eda como objetivo revisar que los trabajadores\/as se encuentren con sus documentos al d\u00eda y con sus respectivos contratos de trabajo.<\/p>\n<p style=\"text-align: justify;\">Tras la fiscalizaci\u00f3n, el representante del Seremi de Justicia y Derechos Humanos Israel Villavicencio se\u00f1al\u00f3 que \u201cel 7 de noviembre realizamos una fiscalizaci\u00f3n en el contexto de la mesa de trata de personas, cuya finalidad es detectar este silencioso delito que muy pocas veces se denuncia y que es tan violento para quienes lo sufren. En esta oportunidad, en compa\u00f1\u00eda de la Inspecci\u00f3n del Trabajo y Carabineros de Chile, nos desplazamos hasta un local de comidas donde se registraron 6 personas cuya situaci\u00f3n migratoria es irregular. De dicha fiscalizaci\u00f3n, sus resultados ser\u00e1n enviados a las instituciones pertinentes para las investigaciones que correspondan en relaci\u00f3n a la existencia o no de un delito de trata de personas\u201d.<\/p>\n<p style=\"text-align: justify;\">As\u00ed tambi\u00e9n, la autoridad sectorial puntualiz\u00f3 en que estas fiscalizaciones se enmarcan en el trabajo permanente que desarrolla la mesa de trata de personas en conjunto con varias instituciones como Carabineros de Chile, Polic\u00eda de Investigaciones, la Direcci\u00f3n del Trabajo, el Servicio de Migraciones, entre otros, y que ayudan en primer lugar a difundir los alcances del delitos de trata de personas y por otro lado a estar permanentemente preocupados de la situaci\u00f3n que tienen las personas migrantes y que puedan estar residiendo en nuestra regi\u00f3n.<\/p>\n<p style=\"text-align: justify;\">Finalmente, cabe se\u00f1alar que el delito de Trata de Personas constituye una de las m\u00e1s graves violaciones a los derechos humanos, pues vulnera la dignidad y libertad de una persona, a la vez que afecta seriamente su integridad f\u00edsica y ps\u00edquica.<\/p>\n<\/div><\/section><\/div><div  style='height:50px' class='hr hr-invisible   avia-builder-el-6  el_after_av_one_full  el_before_av_social_share '><span class='hr-inner ' ><span class='hr-inner-style'><\/span><\/span><\/div><\/p>\n<div  class='av-social-sharing-box  avia-builder-el-7  el_after_av_hr  el_before_av_hr  '><div class='av-share-box'><h5 class='av-share-link-description av-no-toc '>Compartir esta noticia<\/h5><ul class='av-share-box-list noLightbox'><li class='av-share-link av-social-link-facebook' ><a target=\"_blank\" aria-label=\"Compartir en Facebook\" href='https:\/\/www.facebook.com\/sharer.php?u=https:\/\/radiorevelacionfm.cl\/?p=61239&#038;t=Realizan%20operativo%20de%20fiscalizaci%C3%B3n%20a%20local%20comercial%20de%20Coyhaique' aria-hidden='false' data-av_icon='\ue8f3' data-av_iconfont='entypo-fontello' title='' data-avia-related-tooltip='Compartir en Facebook' rel=\"noopener\"><span class='avia_hidden_link_text'>Compartir en Facebook<\/span><\/a><\/li><li class='av-share-link av-social-link-twitter' ><a target=\"_blank\" aria-label=\"Compartir en Twitter\" href='https:\/\/twitter.com\/share?text=Realizan%20operativo%20de%20fiscalizaci%C3%B3n%20a%20local%20comercial%20de%20Coyhaique&#038;url=https:\/\/radiorevelacionfm.cl\/?p=61239' aria-hidden='false' data-av_icon='\ue8f1' data-av_iconfont='entypo-fontello' title='' data-avia-related-tooltip='Compartir en Twitter' rel=\"noopener\"><span class='avia_hidden_link_text'>Compartir en Twitter<\/span><\/a><\/li><li class='av-share-link av-social-link-whatsapp' ><a target=\"_blank\" aria-label=\"Compartir en Whatsapp\" href='https:\/\/api.whatsapp.com\/send?text=https:\/\/radiorevelacionfm.cl\/?p=61239' aria-hidden='false' data-av_icon='\uf232' data-av_iconfont='entypo-fontello' title='' data-avia-related-tooltip='Compartir en Whatsapp' rel=\"noopener\"><span class='avia_hidden_link_text'>Compartir en Whatsapp<\/span><\/a><\/li><li class='av-share-link av-social-link-linkedin' ><a target=\"_blank\" aria-label=\"Compartir en LinkedIn\" href='https:\/\/linkedin.com\/shareArticle?mini=true&#038;title=Realizan%20operativo%20de%20fiscalizaci%C3%B3n%20a%20local%20comercial%20de%20Coyhaique&#038;url=https:\/\/radiorevelacionfm.cl\/?p=61239' aria-hidden='false' data-av_icon='\ue8fc' data-av_iconfont='entypo-fontello' title='' data-avia-related-tooltip='Compartir en LinkedIn' rel=\"noopener\"><span class='avia_hidden_link_text'>Compartir en LinkedIn<\/span><\/a><\/li><li class='av-share-link av-social-link-mail' ><a  aria-label=\"Compartir por correo\" href='mailto:?subject=Realizan%20operativo%20de%20fiscalizaci%C3%B3n%20a%20local%20comercial%20de%20Coyhaique&#038;body=https:\/\/radiorevelacionfm.cl\/?p=61239' aria-hidden='false' data-av_icon='\ue805' data-av_iconfont='entypo-fontello' title='' data-avia-related-tooltip='Compartir por correo'><span class='avia_hidden_link_text'>Compartir por correo<\/span><\/a><\/li><\/ul><\/div><\/div>\n<div  style='height:50px' class='hr hr-invisible   avia-builder-el-8  el_after_av_social_share  el_before_av_comments_list '><span class='hr-inner ' ><span class='hr-inner-style'><\/span><\/span><\/div>\n<div  class='av-buildercomment  av-blog-meta-html-info-disabled av-blog-meta-tag-disabled  '><\/div>\n","protected":false},"excerpt":{"rendered":"","protected":false},"author":1,"featured_media":61240,"comment_status":"closed","ping_status":"closed","sticky":false,"template":"","format":"standard","meta":{"footnotes":""},"categories":[36],"tags":[],"class_list":["post-61239","post","type-post","status-publish","format-standard","has-post-thumbnail","hentry","category-policial"],"jetpack_featured_media_url":"https:\/\/radiorevelacionfm.cl\/wp-content\/uploads\/2025\/11\/fiscalizacion-trata-1_optimized.jpg","_links":{"self":[{"href":"https:\/\/radiorevelacionfm.cl\/index.php?rest_route=\/wp\/v2\/posts\/61239","targetHints":{"allow":["GET"]}}],"collection":[{"href":"https:\/\/radiorevelacionfm.cl\/index.php?rest_route=\/wp\/v2\/posts"}],"about":[{"href":"https:\/\/radiorevelacionfm.cl\/index.php?rest_route=\/wp\/v2\/types\/post"}],"author":[{"embeddable":true,"href":"https:\/\/radiorevelacionfm.cl\/index.php?rest_route=\/wp\/v2\/users\/1"}],"replies":[{"embeddable":true,"href":"https:\/\/radiorevelacionfm.cl\/index.php?rest_route=%2Fwp%2Fv2%2Fcomments&post=61239"}],"version-history":[{"count":2,"href":"https:\/\/radiorevelacionfm.cl\/index.php?rest_route=\/wp\/v2\/posts\/61239\/revisions"}],"predecessor-version":[{"id":61242,"href":"https:\/\/radiorevelacionfm.cl\/index.php?rest_route=\/wp\/v2\/posts\/61239\/revisions\/61242"}],"wp:featuredmedia":[{"embeddable":true,"href":"https:\/\/radiorevelacionfm.cl\/index.php?rest_route=\/wp\/v2\/media\/61240"}],"wp:attachment":[{"href":"https:\/\/radiorevelacionfm.cl\/index.php?rest_route=%2Fwp%2Fv2%2Fmedia&parent=61239"}],"wp:term":[{"taxonomy":"category","embeddable":true,"href":"https:\/\/radiorevelacionfm.cl\/index.php?rest_route=%2Fwp%2Fv2%2Fcategories&post=61239"},{"taxonomy":"post_tag","embeddable":true,"href":"https:\/\/radiorevelacionfm.cl\/index.php?rest_route=%2Fwp%2Fv2%2Ftags&post=61239"}],"curies":[{"name":"wp","href":"https:\/\/api.w.org\/{rel}","templated":true}]}}