{"id":61236,"date":"2025-11-10T19:17:04","date_gmt":"2025-11-10T22:17:04","guid":{"rendered":"https:\/\/radiorevelacionfm.cl\/?p=61236"},"modified":"2025-11-10T19:17:04","modified_gmt":"2025-11-10T22:17:04","slug":"funcionarios-de-injuv-se-toman-oficinas-a-nivel-nacional-por-falta-de-respuestas-del-gobierno-y-abandono-institucional","status":"publish","type":"post","link":"https:\/\/radiorevelacionfm.cl\/?p=61236","title":{"rendered":"Funcionarios de INJUV se toman oficinas a nivel nacional por falta de respuestas del Gobierno y abandono institucional"},"content":{"rendered":"<div class=\"flex_column av_one_full  flex_column_div av-zero-column-padding first  avia-builder-el-0  el_before_av_one_full  avia-builder-el-first  \" style='border-radius:0px; '><div  class='avia-image-container  av-styling-    avia-builder-el-1  avia-builder-el-no-sibling  avia-align-center '  itemprop=\"image\" itemscope=\"itemscope\" itemtype=\"https:\/\/schema.org\/ImageObject\"  ><div class='avia-image-container-inner'><div class='avia-image-overlay-wrap'><img decoding=\"async\" class='wp-image-61237 avia-img-lazy-loading-not-61237 avia_image' src=\"https:\/\/radiorevelacionfm.cl\/wp-content\/uploads\/2025\/11\/foto-2-87-1_optimized.jpg\" alt='' title='foto-2-(87)-(1)_optimized' height=\"600\" width=\"866\"  itemprop=\"thumbnailUrl\" srcset=\"https:\/\/radiorevelacionfm.cl\/wp-content\/uploads\/2025\/11\/foto-2-87-1_optimized.jpg 866w, https:\/\/radiorevelacionfm.cl\/wp-content\/uploads\/2025\/11\/foto-2-87-1_optimized-300x208.jpg 300w, https:\/\/radiorevelacionfm.cl\/wp-content\/uploads\/2025\/11\/foto-2-87-1_optimized-768x532.jpg 768w, https:\/\/radiorevelacionfm.cl\/wp-content\/uploads\/2025\/11\/foto-2-87-1_optimized-705x488.jpg 705w, https:\/\/radiorevelacionfm.cl\/wp-content\/uploads\/2025\/11\/foto-2-87-1_optimized-450x312.jpg 450w, https:\/\/radiorevelacionfm.cl\/wp-content\/uploads\/2025\/11\/foto-2-87-1_optimized-600x416.jpg 600w\" sizes=\"(max-width: 866px) 100vw, 866px\" \/><\/div><\/div><\/div><\/div><div class=\"flex_column av_one_full  flex_column_div av-zero-column-padding first  avia-builder-el-2  el_after_av_one_full  el_before_av_one_full  column-top-margin\" style='border-radius:0px; '><section class=\"av_textblock_section \"  itemscope=\"itemscope\" itemtype=\"https:\/\/schema.org\/BlogPosting\" itemprop=\"blogPost\" ><div class='avia_textblock  '   itemprop=\"text\" ><p style=\"text-align: center;\"><strong><span style=\"font-size: 18pt;\">Funcionarios de INJUV se toman oficinas a nivel nacional por falta de respuestas del Gobierno y abandono institucional<\/span><\/strong><\/p>\n<div id=\"gtx-trans\" style=\"position: absolute; left: -50px; top: 4.31534px;\">\n<div class=\"gtx-trans-icon\"><\/div>\n<\/div>\n<\/div><\/section><\/div><div class=\"flex_column av_one_full  flex_column_div av-zero-column-padding first  avia-builder-el-4  el_after_av_one_full  el_before_av_hr  column-top-margin\" style='border-radius:0px; '><section class=\"av_textblock_section \"  itemscope=\"itemscope\" itemtype=\"https:\/\/schema.org\/BlogPosting\" itemprop=\"blogPost\" ><div class='avia_textblock  '   itemprop=\"text\" ><p style=\"text-align: justify;\"><span style=\"font-size: 12pt;\">Tras m\u00e1s de un mes de movilizaci\u00f3n, las y los funcionarios del Instituto Nacional de la Juventud (INJUV), decidieron radicalizar la movilizaci\u00f3n nacional, ante la falta de respuestas concretas por parte de las autoridades respecto al futuro del organismo y a la inexistencia de di\u00e1logo con el director nacional de la instituci\u00f3n, de quien esperan asuma las responsabilidades pol\u00edticas de la crisis en la que se encuentra el servicio.<\/span><\/p>\n<p style=\"text-align: justify;\"><span style=\"font-size: 12pt;\">A trav\u00e9s de su Asociaci\u00f3n de Funcionarios y Funcionarias (AFINJUV), se resolvi\u00f3 iniciar una toma indefinida de las direcciones regionales en todo el pa\u00eds, como una medida de presi\u00f3n, ya que, hasta la fecha, no han tenido respuestas concretas por parte de las autoridades respecto a una modernizaci\u00f3n institucional a largo plazo.<\/span><\/p>\n<p style=\"text-align: justify;\"><span style=\"font-size: 12pt;\">\u201cEsta semana entramos en la semana 6 de movilizaci\u00f3n, la cual comenz\u00f3 en rechazo del recorte presupuestario para el 2026, que signific\u00f3 la notificaci\u00f3n a 38 funcionarios contratados por el Programa de Naciones Unidas (PNUD) de que su contrato finaliza el 31 de diciembre. No obstante, esta situaci\u00f3n se viene arrastrando desde hace m\u00e1s de 5 a\u00f1os, donde nos hemos visto afectados por los continuos recortes presupuestarios en lo \u00edtems de ejecuci\u00f3n de programas, dej\u00e1ndonos en una crisis program\u00e1tica\u201d, se\u00f1al\u00f3 Octavio Y\u00e1\u00f1ez, integrante del directorio de AFINJUV.<\/span><\/p>\n<p style=\"text-align: justify;\"><span style=\"font-size: 12pt;\">Esta situaci\u00f3n, se suma a que las autoridades han estado trabajando en una nueva institucionalidad, sin embargo, esta iniciativa ha sido elaborada de espalda a las funcionarias y funcionarios, as\u00ed como tambi\u00e9n tampoco se ha invitado a participar a las juventudes que ser\u00e1n beneficiadas de este servicio.<\/span><\/p>\n<p style=\"text-align: justify;\"><span style=\"font-size: 12pt;\">En tanto, la presidenta de la ANEF en la regi\u00f3n de Ays\u00e9n, Y\u00e9ssica Almonacid,\u00a0 sostuvo que \u201cla Asociaci\u00f3n Nacional de Empleados Fiscales respalda plenamente la movilizaci\u00f3n de las y los funcionarios del INJUV, quienes hoy levantan una demanda leg\u00edtima por estabilidad laboral, transparencia institucional y participaci\u00f3n efectiva en las decisiones que afectan el futuro del servicio. No es posible que, en plena discusi\u00f3n presupuestaria, el Gobierno mantenga en la incertidumbre a trabajadoras y trabajadores que han sostenido por a\u00f1os la pol\u00edtica p\u00fablica de juventudes en la regi\u00f3n de Ays\u00e9n y\u00a0 todo el pa\u00eds. Exigimos voluntad pol\u00edtica para resolver esta crisis y terminar con el abandono institucional que hoy pone en riesgo no solo los empleos, sino tambi\u00e9n el derecho de las juventudes a contar con un Estado presente y comprometido\u201d, se\u00f1al\u00f3 la presidenta.<\/span><\/p>\n<h1 style=\"text-align: justify;\"><span style=\"font-size: 12pt;\">Principales antecedentes<\/span><\/h1>\n<p style=\"text-align: justify;\"><span style=\"font-size: 12pt;\"><strong>\u00a0<\/strong>Seg\u00fan la propuesta de Ley de Presupuestos 2026, actualmente en tramitaci\u00f3n en el Congreso, INJUV enfrenta un recorte de 1300 millones de pesos, monto que financia programas fundamentales como Hablemos de Todo, Compromiso Joven, Observatorio de las Juventudes y Voluntariado.<\/span><\/p>\n<p style=\"text-align: justify;\"><span style=\"font-size: 12pt;\">A ello se suma el t\u00e9rmino anticipado del convenio con el Programa de las Naciones Unidas para el Desarrollo (PNUD), suscrito entre el Estado de Chile y dicho organismo internacional. Este acuerdo, vigente hasta diciembre de 2026, fue interrumpido recientemente, lo que pone en riesgo la continuidad de dos direcciones regionales \u2014 Maule y Ays\u00e9n\u2014 y de 38 puestos de trabajo, afectando gravemente la presencia territorial del servicio y la visibilidad de su oferta p\u00fablica.<\/span><\/p>\n<h1 style=\"text-align: justify;\"><span style=\"font-size: 12pt;\">Denuncias y exigencias<\/span><\/h1>\n<p style=\"text-align: justify;\"><span style=\"font-size: 12pt;\"><strong>\u00a0<\/strong>Hace dos semanas, AFINJUV, junto a la Asociaci\u00f3n Nacional de Empleados Fiscales (ANEF) y la Federaci\u00f3n Nacional de Asociaciones de Funcionarios\/as de Servicios Relacionados con el Ministerio de Desarrollo Social y Familia (FENAMIAS), entreg\u00f3 una carta al Presidente de la Rep\u00fablica, Gabriel Boric Font, solicitando la renuncia del director nacional del INJUV, Juan Pablo Duhalde y su equipo de asesores.<\/span><\/p>\n<p style=\"text-align: justify;\"><span style=\"font-size: 12pt;\">El documento, tambi\u00e9n presentado por las y los funcionarios de todas las regiones del pa\u00eds a los Delegados Presidenciales Regionales, se\u00f1ala que: \u201cDurante los \u00faltimos a\u00f1os, se ha constatado una falta total de liderazgo, planificaci\u00f3n y capacidad de gesti\u00f3n, expresada en la ausencia de lineamientos estrat\u00e9gicos claros, en el debilitamiento de los equipos regionales y en el profundo abandono del di\u00e1logo institucional con las y los trabajadores del Servicio. Lejos de fortalecer el rol p\u00fablico del INJUV, las autoridades vigentes han contribuido a su debilitamiento estructural, poniendo en riesgo su legitimidad y su funci\u00f3n estrat\u00e9gica en la pol\u00edtica p\u00fablica de juventudes\u201d.<\/span><\/p>\n<p style=\"text-align: justify;\"><span style=\"font-size: 12pt;\">Asimismo, las y los funcionarios denuncian la falta de espacios de participaci\u00f3n y di\u00e1logo, pese a las reiteradas solicitudes para conformar instancias de trabajo conjunto en la definici\u00f3n de pol\u00edticas internas. Seg\u00fan AFINJUV, esta actitud refleja un estilo de gesti\u00f3n autoritario y cerrado, contrario a los principios b\u00e1sicos de la administraci\u00f3n p\u00fablica, como la transparencia, la colaboraci\u00f3n y el respeto al servicio p\u00fablico.<\/span><\/p>\n<p style=\"text-align: justify;\"><span style=\"font-size: 12pt;\">En la misiva tambi\u00e9n se advierte que las autoridades han estado elaborando una propuesta de nuevo Servicio Nacional de las Juventudes desde enero de 2025, sin participaci\u00f3n ni consulta a las y los trabajadores.<\/span><\/p>\n<h1 style=\"text-align: justify;\"><span style=\"font-size: 12pt;\">Precarizaci\u00f3n laboral y falta de visi\u00f3n estrat\u00e9gica<\/span><\/h1>\n<p style=\"text-align: justify;\"><span style=\"font-size: 12pt;\">Las dirigencias denuncian adem\u00e1s que la situaci\u00f3n del INJUV se agrava bajo un escenario de creciente precarizaci\u00f3n laboral, producto de decisiones administrativas que debilitan los equipos y deterioran las condiciones de trabajo.<\/span><\/p>\n<p style=\"text-align: justify;\"><span style=\"font-size: 12pt;\">Paralelamente, advierten que la actual direcci\u00f3n no ha sido capaz de generar nuevas propuestas program\u00e1ticas que fortalezcan la oferta p\u00fablica del Servicio ni que respondan a las necesidades de los casi 4 millones de j\u00f3venes que constituyen su p\u00fablico objetivo.<\/span><\/p>\n<p style=\"text-align: justify;\"><span style=\"font-size: 12pt;\">Finalmente, subrayan que desde el a\u00f1o 2021 se ha observado una sostenida disminuci\u00f3n del presupuesto institucional, afectando directamente la capacidad del INJUV para implementar pol\u00edticas y programas que impacten efectivamente en los territorios.<\/span><\/p>\n<\/div><\/section><\/div><div  style='height:50px' class='hr hr-invisible   avia-builder-el-6  el_after_av_one_full  el_before_av_social_share '><span class='hr-inner ' ><span class='hr-inner-style'><\/span><\/span><\/div><\/p>\n<div  class='av-social-sharing-box  avia-builder-el-7  el_after_av_hr  el_before_av_hr  '><div class='av-share-box'><h5 class='av-share-link-description av-no-toc '>Compartir esta noticia<\/h5><ul class='av-share-box-list noLightbox'><li class='av-share-link av-social-link-facebook' ><a target=\"_blank\" aria-label=\"Compartir en Facebook\" href='https:\/\/www.facebook.com\/sharer.php?u=https:\/\/radiorevelacionfm.cl\/?p=61236&#038;t=Funcionarios%20de%20INJUV%20se%20toman%20oficinas%20a%20nivel%20nacional%20por%20falta%20de%20respuestas%20del%20Gobierno%20y%20abandono%20institucional' aria-hidden='false' data-av_icon='\ue8f3' data-av_iconfont='entypo-fontello' title='' data-avia-related-tooltip='Compartir en Facebook' rel=\"noopener\"><span class='avia_hidden_link_text'>Compartir en Facebook<\/span><\/a><\/li><li class='av-share-link av-social-link-twitter' ><a target=\"_blank\" aria-label=\"Compartir en Twitter\" href='https:\/\/twitter.com\/share?text=Funcionarios%20de%20INJUV%20se%20toman%20oficinas%20a%20nivel%20nacional%20por%20falta%20de%20respuestas%20del%20Gobierno%20y%20abandono%20institucional&#038;url=https:\/\/radiorevelacionfm.cl\/?p=61236' aria-hidden='false' data-av_icon='\ue8f1' data-av_iconfont='entypo-fontello' title='' data-avia-related-tooltip='Compartir en Twitter' rel=\"noopener\"><span class='avia_hidden_link_text'>Compartir en Twitter<\/span><\/a><\/li><li class='av-share-link av-social-link-whatsapp' ><a target=\"_blank\" aria-label=\"Compartir en Whatsapp\" href='https:\/\/api.whatsapp.com\/send?text=https:\/\/radiorevelacionfm.cl\/?p=61236' aria-hidden='false' data-av_icon='\uf232' data-av_iconfont='entypo-fontello' title='' data-avia-related-tooltip='Compartir en Whatsapp' rel=\"noopener\"><span class='avia_hidden_link_text'>Compartir en Whatsapp<\/span><\/a><\/li><li class='av-share-link av-social-link-linkedin' ><a target=\"_blank\" aria-label=\"Compartir en LinkedIn\" href='https:\/\/linkedin.com\/shareArticle?mini=true&#038;title=Funcionarios%20de%20INJUV%20se%20toman%20oficinas%20a%20nivel%20nacional%20por%20falta%20de%20respuestas%20del%20Gobierno%20y%20abandono%20institucional&#038;url=https:\/\/radiorevelacionfm.cl\/?p=61236' aria-hidden='false' data-av_icon='\ue8fc' data-av_iconfont='entypo-fontello' title='' data-avia-related-tooltip='Compartir en LinkedIn' rel=\"noopener\"><span class='avia_hidden_link_text'>Compartir en LinkedIn<\/span><\/a><\/li><li class='av-share-link av-social-link-mail' ><a  aria-label=\"Compartir por correo\" href='mailto:?subject=Funcionarios%20de%20INJUV%20se%20toman%20oficinas%20a%20nivel%20nacional%20por%20falta%20de%20respuestas%20del%20Gobierno%20y%20abandono%20institucional&#038;body=https:\/\/radiorevelacionfm.cl\/?p=61236' aria-hidden='false' data-av_icon='\ue805' data-av_iconfont='entypo-fontello' title='' data-avia-related-tooltip='Compartir por correo'><span class='avia_hidden_link_text'>Compartir por correo<\/span><\/a><\/li><\/ul><\/div><\/div>\n<div  style='height:50px' class='hr hr-invisible   avia-builder-el-8  el_after_av_social_share  el_before_av_comments_list '><span class='hr-inner ' ><span class='hr-inner-style'><\/span><\/span><\/div>\n<div  class='av-buildercomment  av-blog-meta-html-info-disabled av-blog-meta-tag-disabled  '><\/div>\n","protected":false},"excerpt":{"rendered":"","protected":false},"author":1,"featured_media":61237,"comment_status":"closed","ping_status":"closed","sticky":false,"template":"","format":"standard","meta":{"footnotes":""},"categories":[38],"tags":[],"class_list":["post-61236","post","type-post","status-publish","format-standard","has-post-thumbnail","hentry","category-regional"],"jetpack_featured_media_url":"https:\/\/radiorevelacionfm.cl\/wp-content\/uploads\/2025\/11\/foto-2-87-1_optimized.jpg","_links":{"self":[{"href":"https:\/\/radiorevelacionfm.cl\/index.php?rest_route=\/wp\/v2\/posts\/61236","targetHints":{"allow":["GET"]}}],"collection":[{"href":"https:\/\/radiorevelacionfm.cl\/index.php?rest_route=\/wp\/v2\/posts"}],"about":[{"href":"https:\/\/radiorevelacionfm.cl\/index.php?rest_route=\/wp\/v2\/types\/post"}],"author":[{"embeddable":true,"href":"https:\/\/radiorevelacionfm.cl\/index.php?rest_route=\/wp\/v2\/users\/1"}],"replies":[{"embeddable":true,"href":"https:\/\/radiorevelacionfm.cl\/index.php?rest_route=%2Fwp%2Fv2%2Fcomments&post=61236"}],"version-history":[{"count":2,"href":"https:\/\/radiorevelacionfm.cl\/index.php?rest_route=\/wp\/v2\/posts\/61236\/revisions"}],"predecessor-version":[{"id":61259,"href":"https:\/\/radiorevelacionfm.cl\/index.php?rest_route=\/wp\/v2\/posts\/61236\/revisions\/61259"}],"wp:featuredmedia":[{"embeddable":true,"href":"https:\/\/radiorevelacionfm.cl\/index.php?rest_route=\/wp\/v2\/media\/61237"}],"wp:attachment":[{"href":"https:\/\/radiorevelacionfm.cl\/index.php?rest_route=%2Fwp%2Fv2%2Fmedia&parent=61236"}],"wp:term":[{"taxonomy":"category","embeddable":true,"href":"https:\/\/radiorevelacionfm.cl\/index.php?rest_route=%2Fwp%2Fv2%2Fcategories&post=61236"},{"taxonomy":"post_tag","embeddable":true,"href":"https:\/\/radiorevelacionfm.cl\/index.php?rest_route=%2Fwp%2Fv2%2Ftags&post=61236"}],"curies":[{"name":"wp","href":"https:\/\/api.w.org\/{rel}","templated":true}]}}