{"id":61231,"date":"2025-11-10T12:48:37","date_gmt":"2025-11-10T15:48:37","guid":{"rendered":"https:\/\/radiorevelacionfm.cl\/?p=61231"},"modified":"2025-11-10T12:48:37","modified_gmt":"2025-11-10T15:48:37","slug":"del-compromiso-a-la-accion-como-el-ministerio-de-seguridad-fortalece-el-trabajo-policial-en-aysen","status":"publish","type":"post","link":"https:\/\/radiorevelacionfm.cl\/?p=61231","title":{"rendered":"Del compromiso a la acci\u00f3n: C\u00f3mo el Ministerio de Seguridad fortalece el trabajo policial en Ays\u00e9n"},"content":{"rendered":"<div class=\"flex_column av_one_full  flex_column_div av-zero-column-padding first  avia-builder-el-0  el_before_av_one_full  avia-builder-el-first  \" style='border-radius:0px; '><div  class='avia-image-container  av-styling-    avia-builder-el-1  avia-builder-el-no-sibling  avia-align-center '  itemprop=\"image\" itemscope=\"itemscope\" itemtype=\"https:\/\/schema.org\/ImageObject\"  ><div class='avia-image-container-inner'><div class='avia-image-overlay-wrap'><img decoding=\"async\" class='wp-image-55530 avia-img-lazy-loading-not-55530 avia_image' src=\"https:\/\/radiorevelacionfm.cl\/wp-content\/uploads\/2025\/06\/seremi-gobierno_columna20_optimized.06-1.jpeg\" alt='' title='seremi-gobierno_columna20_optimized.06-(1)' height=\"675\" width=\"800\"  itemprop=\"thumbnailUrl\" srcset=\"https:\/\/radiorevelacionfm.cl\/wp-content\/uploads\/2025\/06\/seremi-gobierno_columna20_optimized.06-1.jpeg 800w, https:\/\/radiorevelacionfm.cl\/wp-content\/uploads\/2025\/06\/seremi-gobierno_columna20_optimized.06-1-300x253.jpeg 300w, https:\/\/radiorevelacionfm.cl\/wp-content\/uploads\/2025\/06\/seremi-gobierno_columna20_optimized.06-1-768x648.jpeg 768w, https:\/\/radiorevelacionfm.cl\/wp-content\/uploads\/2025\/06\/seremi-gobierno_columna20_optimized.06-1-705x595.jpeg 705w, https:\/\/radiorevelacionfm.cl\/wp-content\/uploads\/2025\/06\/seremi-gobierno_columna20_optimized.06-1-450x380.jpeg 450w, https:\/\/radiorevelacionfm.cl\/wp-content\/uploads\/2025\/06\/seremi-gobierno_columna20_optimized.06-1-600x506.jpeg 600w\" sizes=\"(max-width: 800px) 100vw, 800px\" \/><\/div><\/div><\/div><\/div><div class=\"flex_column av_one_full  flex_column_div av-zero-column-padding first  avia-builder-el-2  el_after_av_one_full  el_before_av_one_full  column-top-margin\" style='border-radius:0px; '><section class=\"av_textblock_section \"  itemscope=\"itemscope\" itemtype=\"https:\/\/schema.org\/BlogPosting\" itemprop=\"blogPost\" ><div class='avia_textblock  '   itemprop=\"text\" ><p style=\"text-align: center;\"><span style=\"font-size: 18pt;\"><strong>Del compromiso a la acci\u00f3n: C\u00f3mo el Ministerio de Seguridad fortalece el trabajo policial en Ays\u00e9n<\/strong><\/span><\/p>\n<div id=\"gtx-trans\" style=\"position: absolute; left: -50px; top: 4.31534px;\">\n<div class=\"gtx-trans-icon\"><\/div>\n<\/div>\n<\/div><\/section><\/div><div class=\"flex_column av_one_full  flex_column_div av-zero-column-padding first  avia-builder-el-4  el_after_av_one_full  el_before_av_hr  column-top-margin\" style='border-radius:0px; '><section class=\"av_textblock_section \"  itemscope=\"itemscope\" itemtype=\"https:\/\/schema.org\/BlogPosting\" itemprop=\"blogPost\" ><div class='avia_textblock  '   itemprop=\"text\" ><p style=\"text-align: justify;\">La seguridad p\u00fablica es, sin duda, una de las principales preocupaciones de la ciudadan\u00eda chilena y, por ende, un eje central en la agenda de nuestro Gobierno. Durante a\u00f1os, este desaf\u00edo se abord\u00f3 de manera fragmentada, con esfuerzos reactivos que, si bien necesarios, carec\u00edan de una coordinaci\u00f3n centralizada y una planificaci\u00f3n estrat\u00e9gica a largo plazo.<\/p>\n<p style=\"text-align: justify;\">La puesta en marcha del Ministerio de Seguridad P\u00fablica, en nuestro Gobierno, marca un punto de inflexi\u00f3n crucial. Esta nueva institucionalidad nos ha permitido dar un paso fundamental: pasar del discurso a la acci\u00f3n concreta. Ya no se trata solo de buenas intenciones, sino de un marco institucional robusto que articula de manera efectiva el trabajo de Carabineros de Chile, la Polic\u00eda de Investigaciones (PDI), las autoridades regionales y, lo m\u00e1s importante, la comunidad.<\/p>\n<p style=\"text-align: justify;\">En la regi\u00f3n de Ays\u00e9n, esta nueva pol\u00edtica ha demostrado su valor en el terreno. La seguridad ya no se aborda de forma aislada, sino como una tarea coordinada, planificada y cercana a las personas. Un ejemplo claro de esto ha sido la reciente \u00abOperaci\u00f3n Fortaleza III\u00bb. Este operativo no es un hecho aislado, sino el resultado directo de la colaboraci\u00f3n interinstitucional que este nuevo Ministerio promueve. Gracias a este trabajo conjunto, hoy la ciudadan\u00eda ve resultados concretos en materia de prevenci\u00f3n, control del delito y una mayor presencia policial en nuestros territorios.<\/p>\n<p style=\"text-align: justify;\">La reciente visita del ministro de Seguridad P\u00fablica, Luis Cordero, a nuestra regi\u00f3n ha reforzado la importancia de este enfoque. Fue la oportunidad para visibilizar que la seguridad se construye con presencia estatal, trabajo interinstitucional y un innegable compromiso territorial. Pudimos mostrar c\u00f3mo la consolidaci\u00f3n de una institucionalidad que escucha a las comunidades y responde con hechos, est\u00e1 rindiendo frutos.<\/p>\n<p style=\"text-align: justify;\">Seguiremos trabajando incansablemente para consolidar esta labor, porque cuando las instituciones trabajan de forma cohesionada y coordinada, la comunidad gana en tranquilidad y bienestar.<\/p>\n<\/div><\/section><\/div><div  style='height:50px' class='hr hr-invisible   avia-builder-el-6  el_after_av_one_full  el_before_av_social_share '><span class='hr-inner ' ><span class='hr-inner-style'><\/span><\/span><\/div><\/p>\n<div  class='av-social-sharing-box  avia-builder-el-7  el_after_av_hr  el_before_av_hr  '><div class='av-share-box'><h5 class='av-share-link-description av-no-toc '>Compartir esta noticia<\/h5><ul class='av-share-box-list noLightbox'><li class='av-share-link av-social-link-facebook' ><a target=\"_blank\" aria-label=\"Compartir en Facebook\" href='https:\/\/www.facebook.com\/sharer.php?u=https:\/\/radiorevelacionfm.cl\/?p=61231&#038;t=Del%20compromiso%20a%20la%20acci%C3%B3n%3A%20C%C3%B3mo%20el%20Ministerio%20de%20Seguridad%20fortalece%20el%20trabajo%20policial%20en%20Ays%C3%A9n' aria-hidden='false' data-av_icon='\ue8f3' data-av_iconfont='entypo-fontello' title='' data-avia-related-tooltip='Compartir en Facebook' rel=\"noopener\"><span class='avia_hidden_link_text'>Compartir en Facebook<\/span><\/a><\/li><li class='av-share-link av-social-link-twitter' ><a target=\"_blank\" aria-label=\"Compartir en Twitter\" href='https:\/\/twitter.com\/share?text=Del%20compromiso%20a%20la%20acci%C3%B3n%3A%20C%C3%B3mo%20el%20Ministerio%20de%20Seguridad%20fortalece%20el%20trabajo%20policial%20en%20Ays%C3%A9n&#038;url=https:\/\/radiorevelacionfm.cl\/?p=61231' aria-hidden='false' data-av_icon='\ue8f1' data-av_iconfont='entypo-fontello' title='' data-avia-related-tooltip='Compartir en Twitter' rel=\"noopener\"><span class='avia_hidden_link_text'>Compartir en Twitter<\/span><\/a><\/li><li class='av-share-link av-social-link-whatsapp' ><a target=\"_blank\" aria-label=\"Compartir en Whatsapp\" href='https:\/\/api.whatsapp.com\/send?text=https:\/\/radiorevelacionfm.cl\/?p=61231' aria-hidden='false' data-av_icon='\uf232' data-av_iconfont='entypo-fontello' title='' data-avia-related-tooltip='Compartir en Whatsapp' rel=\"noopener\"><span class='avia_hidden_link_text'>Compartir en Whatsapp<\/span><\/a><\/li><li class='av-share-link av-social-link-linkedin' ><a target=\"_blank\" aria-label=\"Compartir en LinkedIn\" href='https:\/\/linkedin.com\/shareArticle?mini=true&#038;title=Del%20compromiso%20a%20la%20acci%C3%B3n%3A%20C%C3%B3mo%20el%20Ministerio%20de%20Seguridad%20fortalece%20el%20trabajo%20policial%20en%20Ays%C3%A9n&#038;url=https:\/\/radiorevelacionfm.cl\/?p=61231' aria-hidden='false' data-av_icon='\ue8fc' data-av_iconfont='entypo-fontello' title='' data-avia-related-tooltip='Compartir en LinkedIn' rel=\"noopener\"><span class='avia_hidden_link_text'>Compartir en LinkedIn<\/span><\/a><\/li><li class='av-share-link av-social-link-mail' ><a  aria-label=\"Compartir por correo\" href='mailto:?subject=Del%20compromiso%20a%20la%20acci%C3%B3n%3A%20C%C3%B3mo%20el%20Ministerio%20de%20Seguridad%20fortalece%20el%20trabajo%20policial%20en%20Ays%C3%A9n&#038;body=https:\/\/radiorevelacionfm.cl\/?p=61231' aria-hidden='false' data-av_icon='\ue805' data-av_iconfont='entypo-fontello' title='' data-avia-related-tooltip='Compartir por correo'><span class='avia_hidden_link_text'>Compartir por correo<\/span><\/a><\/li><\/ul><\/div><\/div>\n<div  style='height:50px' class='hr hr-invisible   avia-builder-el-8  el_after_av_social_share  el_before_av_comments_list '><span class='hr-inner ' ><span class='hr-inner-style'><\/span><\/span><\/div>\n<div  class='av-buildercomment  av-blog-meta-html-info-disabled av-blog-meta-tag-disabled  '><\/div>\n","protected":false},"excerpt":{"rendered":"","protected":false},"author":1,"featured_media":55530,"comment_status":"closed","ping_status":"closed","sticky":false,"template":"","format":"standard","meta":{"footnotes":""},"categories":[38],"tags":[],"class_list":["post-61231","post","type-post","status-publish","format-standard","has-post-thumbnail","hentry","category-regional"],"jetpack_featured_media_url":"https:\/\/radiorevelacionfm.cl\/wp-content\/uploads\/2025\/06\/seremi-gobierno_columna20_optimized.06-1.jpeg","_links":{"self":[{"href":"https:\/\/radiorevelacionfm.cl\/index.php?rest_route=\/wp\/v2\/posts\/61231","targetHints":{"allow":["GET"]}}],"collection":[{"href":"https:\/\/radiorevelacionfm.cl\/index.php?rest_route=\/wp\/v2\/posts"}],"about":[{"href":"https:\/\/radiorevelacionfm.cl\/index.php?rest_route=\/wp\/v2\/types\/post"}],"author":[{"embeddable":true,"href":"https:\/\/radiorevelacionfm.cl\/index.php?rest_route=\/wp\/v2\/users\/1"}],"replies":[{"embeddable":true,"href":"https:\/\/radiorevelacionfm.cl\/index.php?rest_route=%2Fwp%2Fv2%2Fcomments&post=61231"}],"version-history":[{"count":2,"href":"https:\/\/radiorevelacionfm.cl\/index.php?rest_route=\/wp\/v2\/posts\/61231\/revisions"}],"predecessor-version":[{"id":61234,"href":"https:\/\/radiorevelacionfm.cl\/index.php?rest_route=\/wp\/v2\/posts\/61231\/revisions\/61234"}],"wp:featuredmedia":[{"embeddable":true,"href":"https:\/\/radiorevelacionfm.cl\/index.php?rest_route=\/wp\/v2\/media\/55530"}],"wp:attachment":[{"href":"https:\/\/radiorevelacionfm.cl\/index.php?rest_route=%2Fwp%2Fv2%2Fmedia&parent=61231"}],"wp:term":[{"taxonomy":"category","embeddable":true,"href":"https:\/\/radiorevelacionfm.cl\/index.php?rest_route=%2Fwp%2Fv2%2Fcategories&post=61231"},{"taxonomy":"post_tag","embeddable":true,"href":"https:\/\/radiorevelacionfm.cl\/index.php?rest_route=%2Fwp%2Fv2%2Ftags&post=61231"}],"curies":[{"name":"wp","href":"https:\/\/api.w.org\/{rel}","templated":true}]}}