{"id":61228,"date":"2025-11-10T16:21:31","date_gmt":"2025-11-10T19:21:31","guid":{"rendered":"https:\/\/radiorevelacionfm.cl\/?p=61228"},"modified":"2025-11-10T16:21:31","modified_gmt":"2025-11-10T19:21:31","slug":"termometro-laboral-regional-comercio-muestra-un-aumento-del-102-anual","status":"publish","type":"post","link":"https:\/\/radiorevelacionfm.cl\/?p=61228","title":{"rendered":"Term\u00f3metro laboral regional: Comercio muestra un aumento del 10,2% anual"},"content":{"rendered":"<div class=\"flex_column av_one_full  flex_column_div av-zero-column-padding first  avia-builder-el-0  el_before_av_one_full  avia-builder-el-first  \" style='border-radius:0px; '><div  class='avia-image-container  av-styling-    avia-builder-el-1  avia-builder-el-no-sibling  avia-align-center '  itemprop=\"image\" itemscope=\"itemscope\" itemtype=\"https:\/\/schema.org\/ImageObject\"  ><div class='avia-image-container-inner'><div class='avia-image-overlay-wrap'><img decoding=\"async\" class='wp-image-61229 avia-img-lazy-loading-not-61229 avia_image' src=\"https:\/\/radiorevelacionfm.cl\/wp-content\/uploads\/2025\/11\/PHOTO-2025-10-21-15-41-57-1-1.jpg\" alt='' title='PHOTO-2025-10-21-15-41-57 (1) (1)' height=\"600\" width=\"800\"  itemprop=\"thumbnailUrl\" srcset=\"https:\/\/radiorevelacionfm.cl\/wp-content\/uploads\/2025\/11\/PHOTO-2025-10-21-15-41-57-1-1.jpg 800w, https:\/\/radiorevelacionfm.cl\/wp-content\/uploads\/2025\/11\/PHOTO-2025-10-21-15-41-57-1-1-300x225.jpg 300w, https:\/\/radiorevelacionfm.cl\/wp-content\/uploads\/2025\/11\/PHOTO-2025-10-21-15-41-57-1-1-768x576.jpg 768w, https:\/\/radiorevelacionfm.cl\/wp-content\/uploads\/2025\/11\/PHOTO-2025-10-21-15-41-57-1-1-705x529.jpg 705w, https:\/\/radiorevelacionfm.cl\/wp-content\/uploads\/2025\/11\/PHOTO-2025-10-21-15-41-57-1-1-450x338.jpg 450w, https:\/\/radiorevelacionfm.cl\/wp-content\/uploads\/2025\/11\/PHOTO-2025-10-21-15-41-57-1-1-600x450.jpg 600w\" sizes=\"(max-width: 800px) 100vw, 800px\" \/><\/div><\/div><\/div><\/div><div class=\"flex_column av_one_full  flex_column_div av-zero-column-padding first  avia-builder-el-2  el_after_av_one_full  el_before_av_one_full  column-top-margin\" style='border-radius:0px; '><section class=\"av_textblock_section \"  itemscope=\"itemscope\" itemtype=\"https:\/\/schema.org\/BlogPosting\" itemprop=\"blogPost\" ><div class='avia_textblock  '   itemprop=\"text\" ><p style=\"text-align: center;\"><span style=\"font-size: 18pt;\"><strong>Term\u00f3metro laboral regional: Comercio muestra un aumento del 10,2% anual<\/strong><\/span><\/p>\n<div id=\"gtx-trans\" style=\"position: absolute; left: -50px; top: 4.31534px;\">\n<div class=\"gtx-trans-icon\"><\/div>\n<\/div>\n<\/div><\/section><\/div><div class=\"flex_column av_one_full  flex_column_div av-zero-column-padding first  avia-builder-el-4  el_after_av_one_full  el_before_av_hr  column-top-margin\" style='border-radius:0px; '><section class=\"av_textblock_section \"  itemscope=\"itemscope\" itemtype=\"https:\/\/schema.org\/BlogPosting\" itemprop=\"blogPost\" ><div class='avia_textblock  '   itemprop=\"text\" ><p style=\"text-align: justify;\"><em>El informe tambi\u00e9n presenta una ligera disminuci\u00f3n en el nivel de ocupaci\u00f3n total, lo que coincide con el patr\u00f3n de estacionalidad laboral que se observa en la regi\u00f3n durante la temporada invernal.<\/em><\/p>\n<p style=\"text-align: justify;\">Noviembre, 2025- El Observatorio Laboral de Ays\u00e9n, programa de la Subsecretar\u00eda del Trabajo y ejecutado por el Centro de Formaci\u00f3n T\u00e9cnica Estatal de la regi\u00f3n de Ays\u00e9n, ha presentado una nueva edici\u00f3n de su ya conocido term\u00f3metro laboral, correspondiente al an\u00e1lisis del trimestre m\u00f3vil julio-agosto-septiembre 2025 de la Encuesta Nacional de Empleo, ENE, entregada hace unos d\u00edas por el Instituto Nacional de Estad\u00edsticas, INE.<\/p>\n<p style=\"text-align: justify;\">Con un incremento en el comercio del 10,2% respecto del a\u00f1o pasado y un aumento del 0,8% en la cantidad de asalariados privados, la regi\u00f3n de Ays\u00e9n sigue en la mejor posici\u00f3n nacional por sexto trimestre m\u00f3vil seguido representado en una tasa de participaci\u00f3n del 70,1%, mientras que la ocupaci\u00f3n llega al 66,8% y la tasa de desocupaci\u00f3n es de un 4,7%. Con respecto a la informalidad, esta alcanza un 29,1%.<\/p>\n<p style=\"text-align: justify;\"><strong><u>El crecimiento sostenido de la construcci\u00f3n<\/u><\/strong><\/p>\n<p style=\"text-align: justify;\">A pesar de que, en esta edici\u00f3n, es comercio al por mayor y al por menor el sector econ\u00f3mico que registr\u00f3 mayor incidencia, construcci\u00f3n sigue estando presente, lo que valida su aporte a la econom\u00eda regional seg\u00fan reportes de term\u00f3metros anteriores.<\/p>\n<p style=\"text-align: justify;\">Para el seremi(s) del Trabajo y Previsi\u00f3n Social, Rodrigo D\u00edaz Cordaro, es importante destacar la incidencia de construcci\u00f3n, ya que ha quedado en evidencia el impacto del sector tanto en el PIB regional como en la generaci\u00f3n de empleos.<\/p>\n<p style=\"text-align: justify;\"><em>\u201cLas cifras nos dicen que para el trimestre julio-septiembre 2024 hab\u00eda 5.151 trabajadores en construcci\u00f3n versus los actuales 5.300, lo que se traduce en una variaci\u00f3n del 2,95%, pero si lo comparamos con el a\u00f1o 2023, eran 4.973 trabajadores, entonces, en la actualidad tenemos un 6,6% m\u00e1s de personas ocupadas en el sector lo que valida la importancia del rubro para la regi\u00f3n y su constante evoluci\u00f3n con aporte de sectores privados y p\u00fablicos lo que da como resultado una fuente s\u00f3lida de empleo y una necesaria reactivaci\u00f3n. Es as\u00ed, que, desde el Ministerio del Trabajo y Previsi\u00f3n Social, nos alegra ver esta evoluci\u00f3n del sector econ\u00f3mico que tambi\u00e9n tiene mucho que ver con el crecimiento sostenido que ha tenido la regi\u00f3n en el \u00faltimo tiempo y que nos posiciona con buenas cifras laborales a nivel nacional, por ejemplo, al mirar construcciones ligadas al MOP, Minvu y la ampliaci\u00f3n del Hotel Diego de Almagro, entre otras\u201d<\/em><\/p>\n<p style=\"text-align: justify;\"><strong><u>M\u00e1s mujeres asalariadas en el sector privado<\/u><\/strong><\/p>\n<p style=\"text-align: justify;\">Las brechas de g\u00e9nero son un tema que siempre se refleja al momento de hablar de estad\u00edsticas o cifras en indicadores laborales, por ejemplo, durante el trimestre julio-agosto-septiembre 2025, la proporci\u00f3n de la masa de horas de la poblaci\u00f3n asalariada privada formal super\u00f3 tanto el promedio hist\u00f3rico como el valor registrado en el mismo trimestre del a\u00f1o 2024 (56,9% versus 54,1% y 55,9%), indicando una mayor contribuci\u00f3n de este segmento al total de horas habituales trabajadas.<\/p>\n<p style=\"text-align: justify;\">Desde el Observatorio Laboral, su director ejecutivo, C\u00e9sar G\u00f3mez Berrocal, comenta que las cifras dan para un an\u00e1lisis interesante sobre el comportamiento laboral de la regi\u00f3n, la incidencia de la estacionalidad y la din\u00e1mica productiva.<\/p>\n<p style=\"text-align: justify;\"><em>\u201cComo hemos podido revisar en las \u00faltimas ediciones del term\u00f3metro, se mantiene un alza sostenida desde el punto de vista de lo que es la recuperaci\u00f3n del empleo y de los asalariados del sector privado, donde los principales sectores econ\u00f3micos que han venido aportando a este indicador guardan relaci\u00f3n, por una parte, con lo que es el sector de la construcci\u00f3n, el comercio y tambi\u00e9n la rama de actividad econ\u00f3mica asociada a lo que es la agricultura, ganader\u00eda, pesca y silvicultura.\u201d<\/em><\/p>\n<p style=\"text-align: justify;\">El Observatorio Laboral de Ays\u00e9n, es parte de la Estrategia Nacional de Prospecci\u00f3n Laboral, convenio firmado entre el Centro de Formaci\u00f3n T\u00e9cnica Estatal de Ays\u00e9n y la Subsecretaria del Trabajo, representada por la Seremi de Trabajo y Previsi\u00f3n Social. Para acceder al Term\u00f3metro Laboral del trimestre julio-agosto-septiembre, el link es: <a href=\"https:\/\/www.subtrab.gob.cl\/tl\/\">https:\/\/www.subtrab.gob.cl\/tl\/<\/a> y dar click a regi\u00f3n de Ays\u00e9n.<\/p>\n<p style=\"text-align: justify;\">Si quieres conocer m\u00e1s del trabajo del Observatorio Laboral Ays\u00e9n, puedes revisar sus redes sociales en Instagram como @olraysen, en X como @OLRAysen y su fanpage de Facebook: Observatorio Laboral Ays\u00e9n.<\/p>\n<\/div><\/section><\/div><div  style='height:50px' class='hr hr-invisible   avia-builder-el-6  el_after_av_one_full  el_before_av_social_share '><span class='hr-inner ' ><span class='hr-inner-style'><\/span><\/span><\/div><\/p>\n<div  class='av-social-sharing-box  avia-builder-el-7  el_after_av_hr  el_before_av_hr  '><div class='av-share-box'><h5 class='av-share-link-description av-no-toc '>Compartir esta noticia<\/h5><ul class='av-share-box-list noLightbox'><li class='av-share-link av-social-link-facebook' ><a target=\"_blank\" aria-label=\"Compartir en Facebook\" href='https:\/\/www.facebook.com\/sharer.php?u=https:\/\/radiorevelacionfm.cl\/?p=61228&#038;t=Term%C3%B3metro%20laboral%20regional%3A%20Comercio%20muestra%20un%20aumento%20del%2010%2C2%25%20anual' aria-hidden='false' data-av_icon='\ue8f3' data-av_iconfont='entypo-fontello' title='' data-avia-related-tooltip='Compartir en Facebook' rel=\"noopener\"><span class='avia_hidden_link_text'>Compartir en Facebook<\/span><\/a><\/li><li class='av-share-link av-social-link-twitter' ><a target=\"_blank\" aria-label=\"Compartir en Twitter\" href='https:\/\/twitter.com\/share?text=Term%C3%B3metro%20laboral%20regional%3A%20Comercio%20muestra%20un%20aumento%20del%2010%2C2%25%20anual&#038;url=https:\/\/radiorevelacionfm.cl\/?p=61228' aria-hidden='false' data-av_icon='\ue8f1' data-av_iconfont='entypo-fontello' title='' data-avia-related-tooltip='Compartir en Twitter' rel=\"noopener\"><span class='avia_hidden_link_text'>Compartir en Twitter<\/span><\/a><\/li><li class='av-share-link av-social-link-whatsapp' ><a target=\"_blank\" aria-label=\"Compartir en Whatsapp\" href='https:\/\/api.whatsapp.com\/send?text=https:\/\/radiorevelacionfm.cl\/?p=61228' aria-hidden='false' data-av_icon='\uf232' data-av_iconfont='entypo-fontello' title='' data-avia-related-tooltip='Compartir en Whatsapp' rel=\"noopener\"><span class='avia_hidden_link_text'>Compartir en Whatsapp<\/span><\/a><\/li><li class='av-share-link av-social-link-linkedin' ><a target=\"_blank\" aria-label=\"Compartir en LinkedIn\" href='https:\/\/linkedin.com\/shareArticle?mini=true&#038;title=Term%C3%B3metro%20laboral%20regional%3A%20Comercio%20muestra%20un%20aumento%20del%2010%2C2%25%20anual&#038;url=https:\/\/radiorevelacionfm.cl\/?p=61228' aria-hidden='false' data-av_icon='\ue8fc' data-av_iconfont='entypo-fontello' title='' data-avia-related-tooltip='Compartir en LinkedIn' rel=\"noopener\"><span class='avia_hidden_link_text'>Compartir en LinkedIn<\/span><\/a><\/li><li class='av-share-link av-social-link-mail' ><a  aria-label=\"Compartir por correo\" href='mailto:?subject=Term%C3%B3metro%20laboral%20regional%3A%20Comercio%20muestra%20un%20aumento%20del%2010%2C2%25%20anual&#038;body=https:\/\/radiorevelacionfm.cl\/?p=61228' aria-hidden='false' data-av_icon='\ue805' data-av_iconfont='entypo-fontello' title='' data-avia-related-tooltip='Compartir por correo'><span class='avia_hidden_link_text'>Compartir por correo<\/span><\/a><\/li><\/ul><\/div><\/div>\n<div  style='height:50px' class='hr hr-invisible   avia-builder-el-8  el_after_av_social_share  el_before_av_comments_list '><span class='hr-inner ' ><span class='hr-inner-style'><\/span><\/span><\/div>\n<div  class='av-buildercomment  av-blog-meta-html-info-disabled av-blog-meta-tag-disabled  '><\/div>\n","protected":false},"excerpt":{"rendered":"","protected":false},"author":1,"featured_media":61229,"comment_status":"closed","ping_status":"closed","sticky":false,"template":"","format":"standard","meta":{"footnotes":""},"categories":[37,56],"tags":[],"class_list":["post-61228","post","type-post","status-publish","format-standard","has-post-thumbnail","hentry","category-economia","category-trabajo"],"jetpack_featured_media_url":"https:\/\/radiorevelacionfm.cl\/wp-content\/uploads\/2025\/11\/PHOTO-2025-10-21-15-41-57-1-1.jpg","_links":{"self":[{"href":"https:\/\/radiorevelacionfm.cl\/index.php?rest_route=\/wp\/v2\/posts\/61228","targetHints":{"allow":["GET"]}}],"collection":[{"href":"https:\/\/radiorevelacionfm.cl\/index.php?rest_route=\/wp\/v2\/posts"}],"about":[{"href":"https:\/\/radiorevelacionfm.cl\/index.php?rest_route=\/wp\/v2\/types\/post"}],"author":[{"embeddable":true,"href":"https:\/\/radiorevelacionfm.cl\/index.php?rest_route=\/wp\/v2\/users\/1"}],"replies":[{"embeddable":true,"href":"https:\/\/radiorevelacionfm.cl\/index.php?rest_route=%2Fwp%2Fv2%2Fcomments&post=61228"}],"version-history":[{"count":2,"href":"https:\/\/radiorevelacionfm.cl\/index.php?rest_route=\/wp\/v2\/posts\/61228\/revisions"}],"predecessor-version":[{"id":61235,"href":"https:\/\/radiorevelacionfm.cl\/index.php?rest_route=\/wp\/v2\/posts\/61228\/revisions\/61235"}],"wp:featuredmedia":[{"embeddable":true,"href":"https:\/\/radiorevelacionfm.cl\/index.php?rest_route=\/wp\/v2\/media\/61229"}],"wp:attachment":[{"href":"https:\/\/radiorevelacionfm.cl\/index.php?rest_route=%2Fwp%2Fv2%2Fmedia&parent=61228"}],"wp:term":[{"taxonomy":"category","embeddable":true,"href":"https:\/\/radiorevelacionfm.cl\/index.php?rest_route=%2Fwp%2Fv2%2Fcategories&post=61228"},{"taxonomy":"post_tag","embeddable":true,"href":"https:\/\/radiorevelacionfm.cl\/index.php?rest_route=%2Fwp%2Fv2%2Ftags&post=61228"}],"curies":[{"name":"wp","href":"https:\/\/api.w.org\/{rel}","templated":true}]}}