{"id":61223,"date":"2025-11-10T10:33:15","date_gmt":"2025-11-10T13:33:15","guid":{"rendered":"https:\/\/radiorevelacionfm.cl\/?p=61223"},"modified":"2025-11-10T10:35:31","modified_gmt":"2025-11-10T13:35:31","slug":"juzgado-de-familia-de-coyhaique-fortalece-coordinacion-interinstitucional-mediante-jornada-de-capacitacion-con-registro-civil","status":"publish","type":"post","link":"https:\/\/radiorevelacionfm.cl\/?p=61223","title":{"rendered":"Juzgado de Familia de Coyhaique fortalece coordinaci\u00f3n interinstitucional mediante jornada de capacitaci\u00f3n con Registro Civil"},"content":{"rendered":"<div class=\"flex_column av_one_full  flex_column_div av-zero-column-padding first  avia-builder-el-0  el_before_av_one_full  avia-builder-el-first  \" style='border-radius:0px; '><div  class='avia-image-container  av-styling-    avia-builder-el-1  avia-builder-el-no-sibling  avia-align-center '  itemprop=\"image\" itemscope=\"itemscope\" itemtype=\"https:\/\/schema.org\/ImageObject\"  ><div class='avia-image-container-inner'><div class='avia-image-overlay-wrap'><img decoding=\"async\" class='wp-image-61224 avia-img-lazy-loading-not-61224 avia_image' src=\"https:\/\/radiorevelacionfm.cl\/wp-content\/uploads\/2025\/11\/Foto-1-capacitacion-1-1.jpeg\" alt='' title='Foto 1 capacitacion (1) (1)' height=\"600\" width=\"900\"  itemprop=\"thumbnailUrl\" srcset=\"https:\/\/radiorevelacionfm.cl\/wp-content\/uploads\/2025\/11\/Foto-1-capacitacion-1-1.jpeg 900w, https:\/\/radiorevelacionfm.cl\/wp-content\/uploads\/2025\/11\/Foto-1-capacitacion-1-1-300x200.jpeg 300w, https:\/\/radiorevelacionfm.cl\/wp-content\/uploads\/2025\/11\/Foto-1-capacitacion-1-1-768x512.jpeg 768w, https:\/\/radiorevelacionfm.cl\/wp-content\/uploads\/2025\/11\/Foto-1-capacitacion-1-1-705x470.jpeg 705w, https:\/\/radiorevelacionfm.cl\/wp-content\/uploads\/2025\/11\/Foto-1-capacitacion-1-1-450x300.jpeg 450w, https:\/\/radiorevelacionfm.cl\/wp-content\/uploads\/2025\/11\/Foto-1-capacitacion-1-1-600x400.jpeg 600w\" sizes=\"(max-width: 900px) 100vw, 900px\" \/><\/div><\/div><\/div><\/div>\n<div class=\"flex_column av_one_full  flex_column_div av-zero-column-padding first  avia-builder-el-2  el_after_av_one_full  el_before_av_one_full  column-top-margin\" style='border-radius:0px; '><section class=\"av_textblock_section \"  itemscope=\"itemscope\" itemtype=\"https:\/\/schema.org\/BlogPosting\" itemprop=\"blogPost\" ><div class='avia_textblock  '   itemprop=\"text\" ><p style=\"text-align: center;\"><span style=\"font-size: 18pt;\"><b>Juzgado de Familia de Coyhaique fortalece coordinaci\u00f3n interinstitucional mediante jornada de capacitaci\u00f3n con Registro Civil<\/b><\/span><\/p>\n<div id=\"gtx-trans\" style=\"position: absolute; left: -50px; top: 4.31534px;\">\n<div class=\"gtx-trans-icon\"><\/div>\n<\/div>\n<\/div><\/section><\/div>\n<div class=\"flex_column av_one_full  flex_column_div av-zero-column-padding first  avia-builder-el-4  el_after_av_one_full  el_before_av_hr  column-top-margin\" style='border-radius:0px; '><section class=\"av_textblock_section \"  itemscope=\"itemscope\" itemtype=\"https:\/\/schema.org\/BlogPosting\" itemprop=\"blogPost\" ><div class='avia_textblock  '   itemprop=\"text\" ><p style=\"font-weight: 400; text-align: justify;\">Con el objetivo de fortalecer los canales de comunicaci\u00f3n y optimizar los procesos conjuntos entre ambas instituciones, el Juzgado de Familia de Coyhaique desarroll\u00f3 una jornada de capacitaci\u00f3n dirigida a funcionarios del Servicio de Registro Civil e Identificaci\u00f3n de la Direcci\u00f3n Regional de Ays\u00e9n.<\/p>\n<p style=\"font-weight: 400; text-align: justify;\">Durante la jornada se abordaron materias vinculadas a la Ley de Matrimonio Civil, cese de la convivencia, nombramiento de curadores, cuidado personal de ni\u00f1os, ni\u00f1as y adolescentes, patria potestad y curadur\u00eda, adem\u00e1s de la coordinaci\u00f3n de flujos de informaci\u00f3n relativos a domicilios y correos electr\u00f3nicos registrados en las causas.<\/p>\n<p style=\"font-weight: 400; text-align: justify;\">La actividad, efectuada el jueves 6 de noviembre, fue encabezada por el juez presidente del tribunal, Rudy Hald, y la magistrada Norma Maldonado, quienes destacaron la relevancia de este tipo de instancias para mejorar la coordinaci\u00f3n entre organismos p\u00fablicos.<\/p>\n<p style=\"font-weight: 400; text-align: justify;\">\u201cLa iniciativa de realizar esta reuni\u00f3n con personal del Registro Civil nace hace bastante tiempo, toda vez que necesit\u00e1bamos coordinar algunas acciones para mejorar nuestros canales de comunicaci\u00f3n, comprender nuestras respectivas formas de trabajo y, de esta manera, optimizar el quehacer conjunto\u201d, sostuvo el juez Rudy Hald.<\/p>\n<p style=\"font-weight: 400; text-align: justify;\">Asimismo, funcionarias y funcionarios del Juzgado de Familia de Coyhaique aportaron con su experiencia y conocimiento pr\u00e1ctico, enriqueciendo el di\u00e1logo y favoreciendo el intercambio de buenas pr\u00e1cticas con los equipos del Registro Civil. Esta participaci\u00f3n permiti\u00f3 fortalecer los v\u00ednculos entre ambas instituciones y avanzar hacia una gesti\u00f3n judicial m\u00e1s eficiente y colaborativa.<\/p>\n<\/div><\/section><\/div><div  style='height:50px' class='hr hr-invisible   avia-builder-el-6  el_after_av_one_full  el_before_av_social_share '><span class='hr-inner ' ><span class='hr-inner-style'><\/span><\/span><\/div><\/p>\n<div  class='av-social-sharing-box  avia-builder-el-7  el_after_av_hr  el_before_av_hr  '><div class='av-share-box'><h5 class='av-share-link-description av-no-toc '>Compartir esta noticia<\/h5><ul class='av-share-box-list noLightbox'><li class='av-share-link av-social-link-facebook' ><a target=\"_blank\" aria-label=\"Compartir en Facebook\" href='https:\/\/www.facebook.com\/sharer.php?u=https:\/\/radiorevelacionfm.cl\/?p=61223&#038;t=Juzgado%20de%20Familia%20de%20Coyhaique%20fortalece%20coordinaci%C3%B3n%20interinstitucional%20mediante%20jornada%20de%20capacitaci%C3%B3n%20con%20Registro%20Civil' aria-hidden='false' data-av_icon='\ue8f3' data-av_iconfont='entypo-fontello' title='' data-avia-related-tooltip='Compartir en Facebook' rel=\"noopener\"><span class='avia_hidden_link_text'>Compartir en Facebook<\/span><\/a><\/li><li class='av-share-link av-social-link-twitter' ><a target=\"_blank\" aria-label=\"Compartir en Twitter\" href='https:\/\/twitter.com\/share?text=Juzgado%20de%20Familia%20de%20Coyhaique%20fortalece%20coordinaci%C3%B3n%20interinstitucional%20mediante%20jornada%20de%20capacitaci%C3%B3n%20con%20Registro%20Civil&#038;url=https:\/\/radiorevelacionfm.cl\/?p=61223' aria-hidden='false' data-av_icon='\ue8f1' data-av_iconfont='entypo-fontello' title='' data-avia-related-tooltip='Compartir en Twitter' rel=\"noopener\"><span class='avia_hidden_link_text'>Compartir en Twitter<\/span><\/a><\/li><li class='av-share-link av-social-link-whatsapp' ><a target=\"_blank\" aria-label=\"Compartir en Whatsapp\" href='https:\/\/api.whatsapp.com\/send?text=https:\/\/radiorevelacionfm.cl\/?p=61223' aria-hidden='false' data-av_icon='\uf232' data-av_iconfont='entypo-fontello' title='' data-avia-related-tooltip='Compartir en Whatsapp' rel=\"noopener\"><span class='avia_hidden_link_text'>Compartir en Whatsapp<\/span><\/a><\/li><li class='av-share-link av-social-link-linkedin' ><a target=\"_blank\" aria-label=\"Compartir en LinkedIn\" href='https:\/\/linkedin.com\/shareArticle?mini=true&#038;title=Juzgado%20de%20Familia%20de%20Coyhaique%20fortalece%20coordinaci%C3%B3n%20interinstitucional%20mediante%20jornada%20de%20capacitaci%C3%B3n%20con%20Registro%20Civil&#038;url=https:\/\/radiorevelacionfm.cl\/?p=61223' aria-hidden='false' data-av_icon='\ue8fc' data-av_iconfont='entypo-fontello' title='' data-avia-related-tooltip='Compartir en LinkedIn' rel=\"noopener\"><span class='avia_hidden_link_text'>Compartir en LinkedIn<\/span><\/a><\/li><li class='av-share-link av-social-link-mail' ><a  aria-label=\"Compartir por correo\" href='mailto:?subject=Juzgado%20de%20Familia%20de%20Coyhaique%20fortalece%20coordinaci%C3%B3n%20interinstitucional%20mediante%20jornada%20de%20capacitaci%C3%B3n%20con%20Registro%20Civil&#038;body=https:\/\/radiorevelacionfm.cl\/?p=61223' aria-hidden='false' data-av_icon='\ue805' data-av_iconfont='entypo-fontello' title='' data-avia-related-tooltip='Compartir por correo'><span class='avia_hidden_link_text'>Compartir por correo<\/span><\/a><\/li><\/ul><\/div><\/div>\n<div  style='height:50px' class='hr hr-invisible   avia-builder-el-8  el_after_av_social_share  el_before_av_comments_list '><span class='hr-inner ' ><span class='hr-inner-style'><\/span><\/span><\/div>\n<div  class='av-buildercomment  av-blog-meta-html-info-disabled av-blog-meta-tag-disabled  '><\/div>\n","protected":false},"excerpt":{"rendered":"","protected":false},"author":1,"featured_media":61224,"comment_status":"closed","ping_status":"closed","sticky":false,"template":"","format":"standard","meta":{"footnotes":""},"categories":[55],"tags":[],"class_list":["post-61223","post","type-post","status-publish","format-standard","has-post-thumbnail","hentry","category-justicia"],"jetpack_featured_media_url":"https:\/\/radiorevelacionfm.cl\/wp-content\/uploads\/2025\/11\/Foto-1-capacitacion-1-1.jpeg","_links":{"self":[{"href":"https:\/\/radiorevelacionfm.cl\/index.php?rest_route=\/wp\/v2\/posts\/61223","targetHints":{"allow":["GET"]}}],"collection":[{"href":"https:\/\/radiorevelacionfm.cl\/index.php?rest_route=\/wp\/v2\/posts"}],"about":[{"href":"https:\/\/radiorevelacionfm.cl\/index.php?rest_route=\/wp\/v2\/types\/post"}],"author":[{"embeddable":true,"href":"https:\/\/radiorevelacionfm.cl\/index.php?rest_route=\/wp\/v2\/users\/1"}],"replies":[{"embeddable":true,"href":"https:\/\/radiorevelacionfm.cl\/index.php?rest_route=%2Fwp%2Fv2%2Fcomments&post=61223"}],"version-history":[{"count":3,"href":"https:\/\/radiorevelacionfm.cl\/index.php?rest_route=\/wp\/v2\/posts\/61223\/revisions"}],"predecessor-version":[{"id":61226,"href":"https:\/\/radiorevelacionfm.cl\/index.php?rest_route=\/wp\/v2\/posts\/61223\/revisions\/61226"}],"wp:featuredmedia":[{"embeddable":true,"href":"https:\/\/radiorevelacionfm.cl\/index.php?rest_route=\/wp\/v2\/media\/61224"}],"wp:attachment":[{"href":"https:\/\/radiorevelacionfm.cl\/index.php?rest_route=%2Fwp%2Fv2%2Fmedia&parent=61223"}],"wp:term":[{"taxonomy":"category","embeddable":true,"href":"https:\/\/radiorevelacionfm.cl\/index.php?rest_route=%2Fwp%2Fv2%2Fcategories&post=61223"},{"taxonomy":"post_tag","embeddable":true,"href":"https:\/\/radiorevelacionfm.cl\/index.php?rest_route=%2Fwp%2Fv2%2Ftags&post=61223"}],"curies":[{"name":"wp","href":"https:\/\/api.w.org\/{rel}","templated":true}]}}