{"id":61218,"date":"2025-11-08T16:43:51","date_gmt":"2025-11-08T19:43:51","guid":{"rendered":"https:\/\/radiorevelacionfm.cl\/?p=61218"},"modified":"2025-11-08T16:44:49","modified_gmt":"2025-11-08T19:44:49","slug":"uaysen-llama-a-jovenes-de-la-region-a-postular-por-admision-especial-2026","status":"publish","type":"post","link":"https:\/\/radiorevelacionfm.cl\/?p=61218","title":{"rendered":"UAys\u00e9n llama a j\u00f3venes de la regi\u00f3n a postular por Admisi\u00f3n Especial 2026"},"content":{"rendered":"<div class=\"flex_column av_one_full  flex_column_div av-zero-column-padding first  avia-builder-el-0  el_before_av_one_full  avia-builder-el-first  \" style='border-radius:0px; '><div  class='avia-image-container  av-styling-    avia-builder-el-1  avia-builder-el-no-sibling  avia-align-center '  itemprop=\"image\" itemscope=\"itemscope\" itemtype=\"https:\/\/schema.org\/ImageObject\"  ><div class='avia-image-container-inner'><div class='avia-image-overlay-wrap'><img decoding=\"async\" class='wp-image-61219 avia-img-lazy-loading-not-61219 avia_image' src=\"https:\/\/radiorevelacionfm.cl\/wp-content\/uploads\/2025\/11\/dsc_3311-1_optimized.jpg\" alt='' title='dsc_3311-(1)_optimized' height=\"600\" width=\"902\"  itemprop=\"thumbnailUrl\" srcset=\"https:\/\/radiorevelacionfm.cl\/wp-content\/uploads\/2025\/11\/dsc_3311-1_optimized.jpg 902w, https:\/\/radiorevelacionfm.cl\/wp-content\/uploads\/2025\/11\/dsc_3311-1_optimized-300x200.jpg 300w, https:\/\/radiorevelacionfm.cl\/wp-content\/uploads\/2025\/11\/dsc_3311-1_optimized-768x511.jpg 768w, https:\/\/radiorevelacionfm.cl\/wp-content\/uploads\/2025\/11\/dsc_3311-1_optimized-705x469.jpg 705w, https:\/\/radiorevelacionfm.cl\/wp-content\/uploads\/2025\/11\/dsc_3311-1_optimized-450x299.jpg 450w, https:\/\/radiorevelacionfm.cl\/wp-content\/uploads\/2025\/11\/dsc_3311-1_optimized-600x399.jpg 600w\" sizes=\"(max-width: 902px) 100vw, 902px\" \/><\/div><\/div><\/div><\/div><div class=\"flex_column av_one_full  flex_column_div av-zero-column-padding first  avia-builder-el-2  el_after_av_one_full  el_before_av_one_full  column-top-margin\" style='border-radius:0px; '><section class=\"av_textblock_section \"  itemscope=\"itemscope\" itemtype=\"https:\/\/schema.org\/BlogPosting\" itemprop=\"blogPost\" ><div class='avia_textblock  '   itemprop=\"text\" ><h2 dir=\"ltr\" style=\"text-align: center;\"><strong><span style=\"font-size: 18pt;\">UAys\u00e9n llama a j\u00f3venes de la regi\u00f3n a postular por Admisi\u00f3n Especial 2026<\/span><\/strong><\/h2>\n<div id=\"gtx-trans\" style=\"position: absolute; left: -50px; top: 4.31534px;\">\n<div class=\"gtx-trans-icon\"><\/div>\n<\/div>\n<\/div><\/section><\/div><div class=\"flex_column av_one_full  flex_column_div av-zero-column-padding first  avia-builder-el-4  el_after_av_one_full  el_before_av_hr  column-top-margin\" style='border-radius:0px; '><section class=\"av_textblock_section \"  itemscope=\"itemscope\" itemtype=\"https:\/\/schema.org\/BlogPosting\" itemprop=\"blogPost\" ><div class='avia_textblock  '   itemprop=\"text\" ><p dir=\"ltr\" style=\"text-align: justify;\"><em>Una v\u00eda que reconoce talentos, trayectorias y contextos diversos, la cual busca ampliar las oportunidades de acceso a la educaci\u00f3n superior y fortalecer el compromiso institucional regional e inclusivo.<\/em><\/p>\n<p dir=\"ltr\" style=\"text-align: justify;\">Hasta el 30 de noviembre del 2025 se puede postular a la Admisi\u00f3n Especial UAys\u00e9n 2026, la cual contempla cuatro criterios de selecci\u00f3n: Inclusi\u00f3n, Diversidad, Pertinencia Regional y Contextos Especiales. Este proceso permite postular a personas con talentos deportivos, culturales o acad\u00e9micos destacados, j\u00f3venes de establecimientos educacionales de zonas extremas, integrantes de pueblos originarios, personas en situaci\u00f3n de discapacidad o quienes enfrenten contextos personales particulares. Adem\u00e1s, la universidad podr\u00e1 ampliar el proceso durante el mes de diciembre para aquellas carreras que lo requieran.<\/p>\n<p dir=\"ltr\" style=\"text-align: justify;\">La alternativa tiene por objetivo ampliar las oportunidades de acceso a la educaci\u00f3n superior y valorar m\u00e9ritos que no siempre se reflejan en las pruebas de acceso estandarizadas. Est\u00e1 dirigida a postulantes con talentos espec\u00edficos, estudiantes provenientes de establecimientos de zonas aisladas de la Regi\u00f3n de Ays\u00e9n, j\u00f3venes que hayan participado en academias formativas de la universidad, personas pertenecientes a pueblos originarios y quienes enfrenten situaciones personales o familiares particulares.<\/p>\n<p dir=\"ltr\" style=\"text-align: justify;\">La convocatoria tambi\u00e9n est\u00e1 abierta a quienes destaquen por sus habilidades deportivas, culturales o art\u00edsticas, as\u00ed como a integrantes de agrupaciones folcl\u00f3ricas, corporaciones o voluntariados como Bomberos o la Cruz Roja. Adem\u00e1s, la UAys\u00e9n promueve la equidad de oportunidades, impulsando la postulaci\u00f3n de personas con discapacidad, integrantes de pueblos originarios, mujeres interesadas en carreras de Ingenier\u00eda y hombres que deseen cursar carreras del \u00e1rea de la Salud.<\/p>\n<p dir=\"ltr\" style=\"text-align: justify;\">Al respecto, David V\u00e1squez, coordinador de Admisi\u00f3n y PACE UAys\u00e9n, destac\u00f3 el enfoque inclusivo de esta v\u00eda de ingreso enfatizando que \u201cen la Universidad de Ays\u00e9n premiamos tu talento. Si tienes talento deportivo, cultural o art\u00edstico, si perteneces a una agrupaci\u00f3n folcl\u00f3rica, alguna corporaci\u00f3n, si eres bombero o quiz\u00e1s de la Cruz Roja, te invitamos a postular por Admisi\u00f3n Especial. Por otro lado, queremos equiparar la cancha. Si tienes alguna situaci\u00f3n de discapacidad, perteneces a un pueblo originario, eres una mujer que quiere estudiar Ingenier\u00eda o un hombre que quiere estudiar alguna carrera del \u00e1rea de la Salud, tambi\u00e9n calificas.\u201d<\/p>\n<p dir=\"ltr\" style=\"text-align: justify;\">El proceso contempla cuatro criterios de admisi\u00f3n que reflejan los valores institucionales de inclusi\u00f3n, equidad y compromiso territorial:<\/p>\n<ul style=\"text-align: justify;\">\n<li dir=\"ltr\">\n<p dir=\"ltr\" role=\"presentation\"><b>Inclusi\u00f3n<\/b>: promueve la equidad de g\u00e9nero y la participaci\u00f3n de personas en situaci\u00f3n de discapacidad, siempre que esta sea compatible con la carrera a la que se desea ingresar.<\/p>\n<\/li>\n<li dir=\"ltr\">\n<p dir=\"ltr\" role=\"presentation\"><b>Diversidad<\/b>: reconoce distintos tipos de talento y liderazgo en \u00e1reas como el deporte, la cultura, las ciencias y el compromiso social, adem\u00e1s de considerar la pertenencia a pueblos originarios.<\/p>\n<\/li>\n<li dir=\"ltr\">\n<p dir=\"ltr\" role=\"presentation\"><b>Pertinencia Regional<\/b>: refuerza el sello territorial de la Universidad de Ays\u00e9n, priorizando a j\u00f3venes egresados de liceos de la regi\u00f3n, especialmente de zonas extremas o aisladas, as\u00ed como a quienes hayan participado en las Academias Formativas UAys\u00e9n.<\/p>\n<\/li>\n<li dir=\"ltr\">\n<p dir=\"ltr\" role=\"presentation\"><b>Contextos Especiales<\/b>: considera la postulaci\u00f3n de estudiantes extranjeros, conscriptos en servicio militar y personas que enfrenten situaciones familiares o personales especiales que hayan incidido en su trayectoria educativa.<\/p>\n<\/li>\n<\/ul>\n<p dir=\"ltr\" style=\"text-align: justify;\">Para postular, las y los interesados deben ingresar a<a href=\"https:\/\/www.uaysen.cl\/admision\" target=\"_blank\" rel=\"noopener\" data-saferedirecturl=\"https:\/\/www.google.com\/url?q=https:\/\/www.uaysen.cl\/admision&amp;source=gmail&amp;ust=1762704234639000&amp;usg=AOvVaw28-O9ctZkpFMFYf-yQ0OXK\">\u00a0<\/a><a href=\"https:\/\/uaysen.cl\/admision\/ingreso-uaysen\/admision-especial\" target=\"_blank\" rel=\"noopener\" data-saferedirecturl=\"https:\/\/www.google.com\/url?q=https:\/\/uaysen.cl\/admision\/ingreso-uaysen\/admision-especial&amp;source=gmail&amp;ust=1762704234639000&amp;usg=AOvVaw0TmGwRZFdRWn3ycmDaXuoS\">www.uaysen.cl\/admision\/<wbr \/>ingreso-uaysen\/admision-<wbr \/>especial<\/a>, completar el formulario electr\u00f3nico y adjuntar los antecedentes requeridos. Tambi\u00e9n pueden realizar consultas al correo\u00a0<a href=\"mailto:admision@uaysen.cl\" target=\"_blank\" rel=\"noopener\">admision@uaysen.cl<\/a>, al tel\u00e9fono +56 9 3933 2051, o acercarse a la oficina de admisi\u00f3n ubicada en el Campus Lillo 1, Eusebio Lillo 667, Coyhaique.<\/p>\n<\/div><\/section><\/div><div  style='height:50px' class='hr hr-invisible   avia-builder-el-6  el_after_av_one_full  el_before_av_social_share '><span class='hr-inner ' ><span class='hr-inner-style'><\/span><\/span><\/div><\/p>\n<div  class='av-social-sharing-box  avia-builder-el-7  el_after_av_hr  el_before_av_hr  '><div class='av-share-box'><h5 class='av-share-link-description av-no-toc '>Compartir esta noticia<\/h5><ul class='av-share-box-list noLightbox'><li class='av-share-link av-social-link-facebook' ><a target=\"_blank\" aria-label=\"Compartir en Facebook\" href='https:\/\/www.facebook.com\/sharer.php?u=https:\/\/radiorevelacionfm.cl\/?p=61218&#038;t=UAys%C3%A9n%20llama%20a%20j%C3%B3venes%20de%20la%20regi%C3%B3n%20a%20postular%20por%20Admisi%C3%B3n%20Especial%202026' aria-hidden='false' data-av_icon='\ue8f3' data-av_iconfont='entypo-fontello' title='' data-avia-related-tooltip='Compartir en Facebook' rel=\"noopener\"><span class='avia_hidden_link_text'>Compartir en Facebook<\/span><\/a><\/li><li class='av-share-link av-social-link-twitter' ><a target=\"_blank\" aria-label=\"Compartir en Twitter\" href='https:\/\/twitter.com\/share?text=UAys%C3%A9n%20llama%20a%20j%C3%B3venes%20de%20la%20regi%C3%B3n%20a%20postular%20por%20Admisi%C3%B3n%20Especial%202026&#038;url=https:\/\/radiorevelacionfm.cl\/?p=61218' aria-hidden='false' data-av_icon='\ue8f1' data-av_iconfont='entypo-fontello' title='' data-avia-related-tooltip='Compartir en Twitter' rel=\"noopener\"><span class='avia_hidden_link_text'>Compartir en Twitter<\/span><\/a><\/li><li class='av-share-link av-social-link-whatsapp' ><a target=\"_blank\" aria-label=\"Compartir en Whatsapp\" href='https:\/\/api.whatsapp.com\/send?text=https:\/\/radiorevelacionfm.cl\/?p=61218' aria-hidden='false' data-av_icon='\uf232' data-av_iconfont='entypo-fontello' title='' data-avia-related-tooltip='Compartir en Whatsapp' rel=\"noopener\"><span class='avia_hidden_link_text'>Compartir en Whatsapp<\/span><\/a><\/li><li class='av-share-link av-social-link-linkedin' ><a target=\"_blank\" aria-label=\"Compartir en LinkedIn\" href='https:\/\/linkedin.com\/shareArticle?mini=true&#038;title=UAys%C3%A9n%20llama%20a%20j%C3%B3venes%20de%20la%20regi%C3%B3n%20a%20postular%20por%20Admisi%C3%B3n%20Especial%202026&#038;url=https:\/\/radiorevelacionfm.cl\/?p=61218' aria-hidden='false' data-av_icon='\ue8fc' data-av_iconfont='entypo-fontello' title='' data-avia-related-tooltip='Compartir en LinkedIn' rel=\"noopener\"><span class='avia_hidden_link_text'>Compartir en LinkedIn<\/span><\/a><\/li><li class='av-share-link av-social-link-mail' ><a  aria-label=\"Compartir por correo\" href='mailto:?subject=UAys%C3%A9n%20llama%20a%20j%C3%B3venes%20de%20la%20regi%C3%B3n%20a%20postular%20por%20Admisi%C3%B3n%20Especial%202026&#038;body=https:\/\/radiorevelacionfm.cl\/?p=61218' aria-hidden='false' data-av_icon='\ue805' data-av_iconfont='entypo-fontello' title='' data-avia-related-tooltip='Compartir por correo'><span class='avia_hidden_link_text'>Compartir por correo<\/span><\/a><\/li><\/ul><\/div><\/div>\n<div  style='height:50px' class='hr hr-invisible   avia-builder-el-8  el_after_av_social_share  el_before_av_comments_list '><span class='hr-inner ' ><span class='hr-inner-style'><\/span><\/span><\/div>\n<div  class='av-buildercomment  av-blog-meta-html-info-disabled av-blog-meta-tag-disabled  '><\/div>\n","protected":false},"excerpt":{"rendered":"","protected":false},"author":1,"featured_media":61219,"comment_status":"closed","ping_status":"closed","sticky":false,"template":"","format":"standard","meta":{"footnotes":""},"categories":[49],"tags":[],"class_list":["post-61218","post","type-post","status-publish","format-standard","has-post-thumbnail","hentry","category-educacion"],"jetpack_featured_media_url":"https:\/\/radiorevelacionfm.cl\/wp-content\/uploads\/2025\/11\/dsc_3311-1_optimized.jpg","_links":{"self":[{"href":"https:\/\/radiorevelacionfm.cl\/index.php?rest_route=\/wp\/v2\/posts\/61218","targetHints":{"allow":["GET"]}}],"collection":[{"href":"https:\/\/radiorevelacionfm.cl\/index.php?rest_route=\/wp\/v2\/posts"}],"about":[{"href":"https:\/\/radiorevelacionfm.cl\/index.php?rest_route=\/wp\/v2\/types\/post"}],"author":[{"embeddable":true,"href":"https:\/\/radiorevelacionfm.cl\/index.php?rest_route=\/wp\/v2\/users\/1"}],"replies":[{"embeddable":true,"href":"https:\/\/radiorevelacionfm.cl\/index.php?rest_route=%2Fwp%2Fv2%2Fcomments&post=61218"}],"version-history":[{"count":2,"href":"https:\/\/radiorevelacionfm.cl\/index.php?rest_route=\/wp\/v2\/posts\/61218\/revisions"}],"predecessor-version":[{"id":61221,"href":"https:\/\/radiorevelacionfm.cl\/index.php?rest_route=\/wp\/v2\/posts\/61218\/revisions\/61221"}],"wp:featuredmedia":[{"embeddable":true,"href":"https:\/\/radiorevelacionfm.cl\/index.php?rest_route=\/wp\/v2\/media\/61219"}],"wp:attachment":[{"href":"https:\/\/radiorevelacionfm.cl\/index.php?rest_route=%2Fwp%2Fv2%2Fmedia&parent=61218"}],"wp:term":[{"taxonomy":"category","embeddable":true,"href":"https:\/\/radiorevelacionfm.cl\/index.php?rest_route=%2Fwp%2Fv2%2Fcategories&post=61218"},{"taxonomy":"post_tag","embeddable":true,"href":"https:\/\/radiorevelacionfm.cl\/index.php?rest_route=%2Fwp%2Fv2%2Ftags&post=61218"}],"curies":[{"name":"wp","href":"https:\/\/api.w.org\/{rel}","templated":true}]}}