{"id":61212,"date":"2025-11-07T21:21:42","date_gmt":"2025-11-08T00:21:42","guid":{"rendered":"https:\/\/radiorevelacionfm.cl\/?p=61212"},"modified":"2025-11-07T21:21:42","modified_gmt":"2025-11-08T00:21:42","slug":"carabineros-incorpora-14-drones-al-servicio-policial-y-crea-seccion-rpas-aysen","status":"publish","type":"post","link":"https:\/\/radiorevelacionfm.cl\/?p=61212","title":{"rendered":"Carabineros incorpora 14 drones al servicio policial y crea Secci\u00f3n RPAS Ays\u00e9n"},"content":{"rendered":"<div class=\"flex_column av_one_full  flex_column_div av-zero-column-padding first  avia-builder-el-0  el_before_av_one_full  avia-builder-el-first  \" style='border-radius:0px; '><div  class='avia-image-container  av-styling-    avia-builder-el-1  avia-builder-el-no-sibling  avia-align-center '  itemprop=\"image\" itemscope=\"itemscope\" itemtype=\"https:\/\/schema.org\/ImageObject\"  ><div class='avia-image-container-inner'><div class='avia-image-overlay-wrap'><img decoding=\"async\" class='wp-image-61213 avia-img-lazy-loading-not-61213 avia_image' src=\"https:\/\/radiorevelacionfm.cl\/wp-content\/uploads\/2025\/11\/9f8ac49d-4675-4c0a-969f-426ac54dcf9a-1-1.jpg\" alt='' title='9f8ac49d-4675-4c0a-969f-426ac54dcf9a (1) (1)' height=\"600\" width=\"899\"  itemprop=\"thumbnailUrl\" srcset=\"https:\/\/radiorevelacionfm.cl\/wp-content\/uploads\/2025\/11\/9f8ac49d-4675-4c0a-969f-426ac54dcf9a-1-1.jpg 899w, https:\/\/radiorevelacionfm.cl\/wp-content\/uploads\/2025\/11\/9f8ac49d-4675-4c0a-969f-426ac54dcf9a-1-1-300x200.jpg 300w, https:\/\/radiorevelacionfm.cl\/wp-content\/uploads\/2025\/11\/9f8ac49d-4675-4c0a-969f-426ac54dcf9a-1-1-768x513.jpg 768w, https:\/\/radiorevelacionfm.cl\/wp-content\/uploads\/2025\/11\/9f8ac49d-4675-4c0a-969f-426ac54dcf9a-1-1-705x471.jpg 705w, https:\/\/radiorevelacionfm.cl\/wp-content\/uploads\/2025\/11\/9f8ac49d-4675-4c0a-969f-426ac54dcf9a-1-1-450x300.jpg 450w, https:\/\/radiorevelacionfm.cl\/wp-content\/uploads\/2025\/11\/9f8ac49d-4675-4c0a-969f-426ac54dcf9a-1-1-600x400.jpg 600w\" sizes=\"(max-width: 899px) 100vw, 899px\" \/><\/div><\/div><\/div><\/div><div class=\"flex_column av_one_full  flex_column_div av-zero-column-padding first  avia-builder-el-2  el_after_av_one_full  el_before_av_one_full  column-top-margin\" style='border-radius:0px; '><section class=\"av_textblock_section \"  itemscope=\"itemscope\" itemtype=\"https:\/\/schema.org\/BlogPosting\" itemprop=\"blogPost\" ><div class='avia_textblock  '   itemprop=\"text\" ><p style=\"text-align: center;\"><strong><span style=\"font-size: 18pt;\">Carabineros incorpora 14 drones al servicio policial y crea Secci\u00f3n RPAS Ays\u00e9n<\/span><\/strong><\/p>\n<div id=\"gtx-trans\" style=\"position: absolute; left: -50px; top: 4.31534px;\">\n<div class=\"gtx-trans-icon\"><\/div>\n<\/div>\n<\/div><\/section><\/div><div class=\"flex_column av_one_full  flex_column_div av-zero-column-padding first  avia-builder-el-4  el_after_av_one_full  el_before_av_hr  column-top-margin\" style='border-radius:0px; '><section class=\"av_textblock_section \"  itemscope=\"itemscope\" itemtype=\"https:\/\/schema.org\/BlogPosting\" itemprop=\"blogPost\" ><div class='avia_textblock  '   itemprop=\"text\" ><p dir=\"ltr\" style=\"text-align: justify;\" role=\"presentation\"><em>El equipamiento tecnol\u00f3gico y log\u00edstico de avanzada tecnolog\u00eda contempla 14 aeronaves remotamente pilotadas adquiridas con financiamiento del Gobierno Regional, permitiendo fortalecer las capacidades operativas de Carabineros en la regi\u00f3n.<\/em><\/p>\n<p dir=\"ltr\" style=\"text-align: justify;\" role=\"presentation\"><em>\u201cLa modernidad y la tradici\u00f3n pueden volar juntas cuando el prop\u00f3sito es noble y el coraz\u00f3n est\u00e1 puesto en servir\u201d, expres\u00f3 el Jefe de Zona Ays\u00e9n, General Eduardo Palma Fuentes.<\/em><\/p>\n<p dir=\"ltr\" style=\"text-align: justify;\">En la Plaza de Armas de la ciudad de Coyhaique y en presencia de autoridades nacionales se realiz\u00f3 ceremonia de entrega de equipamiento destinado a fortalecer las capacidades operativas y de seguridad en la regi\u00f3n.<\/p>\n<p dir=\"ltr\" style=\"text-align: justify;\">Dicho acto reuni\u00f3 al Ministerio de Seguridad P\u00fablica Luis Cordero Vega; el General Director de Carabineros de Chile, Marcelo Araya Zapata, el Director Nacional de la Polic\u00eda de Investigaciones de Chile, Eduardo Cerna Lozano; el Gobernador Regional, Marcelo Santana Vargas; el Delegado Presidencial Regional de Ays\u00e9n, Jorge D\u00edaz Guzm\u00e1n y autoridades regionales.<\/p>\n<p dir=\"ltr\" style=\"text-align: justify;\">Sobre la materia materia el Jefe de Zona de Carabineros Ays\u00e9n, General Eduardo Palma Fuentes destac\u00f3 que se trata de una jornada en que la historia se hace presente en cada persona, al tratarse de un hito que marca un antes y un despu\u00e9s en la regi\u00f3n, como es la inauguraci\u00f3n de la anhelada Secci\u00f3n Drones Policiales (Secci\u00f3n RPAS Ays\u00e9n), s\u00edmbolo de modernidad, innovaci\u00f3n y esperanza.<\/p>\n<p dir=\"ltr\" style=\"text-align: justify;\">Se trata de equipamiento tecnol\u00f3gico y log\u00edstico de avanzada tecnolog\u00eda, consistente en 14 aeronaves remotamente pilotadas adquiridas mediante el Fondo Rotativo de Abastecimiento (FORA). Del total de unidades, cuatro est\u00e1n destinadas a la Secci\u00f3n RPAS Ays\u00e9n y 10 a destacamentos fronterizos.<\/p>\n<p dir=\"ltr\" style=\"text-align: justify;\">\u201cEste proyecto no es solo tecnolog\u00eda, sino el reflejo del esp\u00edritu de Carabineros de Chile que evoluciona sin olvidar su esencia. Representa la uni\u00f3n entre la experiencia humana y la ciencia; entre la vocaci\u00f3n de servicio y las herramientas del futuro. Desde hoy cada vuelo ser\u00e1 una mirada al porvenir, una se\u00f1al de que seguimos avanzando con decisi\u00f3n y con alma por el bienestar y la seguridad de todos los ayseninos\u201d, indic\u00f3.<\/p>\n<p dir=\"ltr\" style=\"text-align: justify;\">Desde el cielo los drones acompa\u00f1ar\u00e1n nuestros patrullajes, reforzar\u00e1n nuestras investigaciones y ser\u00e1n ojos solidarios en los rescates que tantas veces la geograf\u00eda extrema de nuestra tierra nos exige.<\/p>\n<p dir=\"ltr\" style=\"text-align: justify;\">Asimismo, el Oficial General a\u00f1adi\u00f3 que \u201cdetr\u00e1s de cada dron hay algo m\u00e1s valioso, como son las personas forjadas con valor, disciplina y \u00e9tica. Funcionarios que sienten con orgullo servir, que comprenden que la tecnolog\u00eda s\u00f3lo cobra sentido cuando se usa con humanidad y respeto\u201d, profundiz\u00f3.<\/p>\n<p dir=\"ltr\" style=\"text-align: justify;\"><strong>Nueva era en seguridad y prevenci\u00f3n<\/strong><\/p>\n<p dir=\"ltr\" style=\"text-align: justify;\">Lo anterior nace de la visi\u00f3n institucional, de la planificaci\u00f3n seria y del trabajo conjunto. \u201cEs fruto de la convicci\u00f3n de que el futuro y de la seguridad se construye con innovaci\u00f3n, pero tambi\u00e9n con valores firmes y compromiso. Queremos que cada operaci\u00f3n a\u00e9rea refleje lo mejor de nosotros, la entrega, la transparencia, la empat\u00eda, que cada vuelo despierte confianza en la ciudadan\u00eda y reafirme el compromiso de quienes vestimos el glorioso uniforme verde\u201d, expres\u00f3 el General Palma, quien agradeci\u00f3 al Gobierno Regional de Ays\u00e9n y cada uno de los Consejeros Regionales por su apoyo y preocupaci\u00f3n por la seguridad.<\/p>\n<p dir=\"ltr\" style=\"text-align: justify;\">Paralelamente agradeci\u00f3 al General Director Marcelo Araya por su visi\u00f3n y liderazgo \u201cpor demostrar que la modernidad y la tradici\u00f3n pueden volar juntas cuando el prop\u00f3sito es noble y el coraz\u00f3n est\u00e1 puesto en servir. Hoy con la mirada en el cielo y los pies en la tierra iniciamos una nueva era para nuestra querida regi\u00f3n de Ays\u00e9n, una era donde la innovaci\u00f3n vuela alto, guiada por el compromiso y la esperanza porque ese es el camino donde nuestra Instituci\u00f3n sigue avanzando hacia un centenario innovador, humano y cercano que nos permita entregar tranquilidad orgullo y un futuro a las nuevas generaciones\u201d, dijo.<\/p>\n<p dir=\"ltr\" style=\"text-align: justify;\">Durante la ceremonia, el Gobernador Regional,\u00a0 Marcelo Santana Vargas junto a representantes del Consejo Regional, hicieron entrega simb\u00f3lica del equipamiento al General Director de Carabineros de Chile, Marcelo Araya Zapata y al Jefe de Zona Ays\u00e9n, General Eduardo Palma Fuentes.<\/p>\n<p dir=\"ltr\" style=\"text-align: justify;\"><strong>\u201cNo puede haber crecimiento sin seguridad\u201d\u00a0<\/strong><\/p>\n<p dir=\"ltr\" style=\"text-align: justify;\">Por su parte el Gobernador Regional de Ays\u00e9n Macelo Santana Vargas resalt\u00f3 que la entrega de esta tecnolog\u00eda al servicio de prevenci\u00f3n y la seguridad responde a una visi\u00f3n de trabajo conjunto con distintas Instituciones que el Gobierno Regional ha hecho en su historia y que hoy se refleja en la entrega de este equipamiento.<\/p>\n<p dir=\"ltr\" style=\"text-align: justify;\">\u201cEs una inversi\u00f3n que adem\u00e1s de fortalecer la labor que hace Carabineros en frontera, en ciudades y lugares inh\u00f3spitos, le hace mucho sentido a nuestra comunidad regional\u201d, indic\u00f3.<\/p>\n<p dir=\"ltr\" style=\"text-align: justify;\">El crecimiento pasa por la seguridad. Las actividades se deben desarrollar en un ambiente no solo hermoso -desde el punto de vista de la naturaleza que nos rodea- sino que en un ambiente seguro para el desarrollo y crecimiento de nuestras familias. No puede haber un crecimiento, no puede haber un desarrollo en un entorno inseguro y Carabineros hace una tremenda labor para que eso se desarrolle permanentemente\u201d, se\u00f1al\u00f3.<\/p>\n<p dir=\"ltr\" style=\"text-align: justify;\">Por su parte el Ministro de Seguridad P\u00fablica, Luis Cordero Vega agradeci\u00f3 al Gobierno Regional de Ays\u00e9n por el apoyo prestado a Carabineros en los m\u00f3dulos de atenci\u00f3n fronteriza y con el equipamiento de vigilancia. \u201cEl aporte del Gobierno Regional y el compromiso con Carabineros y con la Polic\u00eda de Investigaciones para nosotros es muy significativo como Ministerio de Seguridad P\u00fablica y esencialmente para el funcionamiento del sistema de seguridad\u201d, indic\u00f3.<\/p>\n<p dir=\"ltr\" style=\"text-align: justify;\"><strong>Caracter\u00edsticas<\/strong><\/p>\n<p dir=\"ltr\" style=\"text-align: justify;\">Las c\u00e1maras del dron permiten realizar un trabajo policial m\u00e1s eficiente en la captaci\u00f3n de evidencias y persecuci\u00f3n penal de los delitos.<\/p>\n<p dir=\"ltr\" style=\"text-align: justify;\">Cada dron posee una autonom\u00eda de vuelo de 55 minutos, c\u00e1mara h\u00edbrida y termal para operaciones diurna y nocturna o para el patrullaje fronterizo, pudiendo localizar personas en funci\u00f3n de fuentes de calor, logrando identificar el rostro de una persona a un kil\u00f3metro de distancia, mejorando la eficiencia por ejemplo en la b\u00fasqueda de personas en zonas de vegetaci\u00f3n. Asimismo posee tecnolog\u00eda que le permiten operar bajo condiciones con viento de hasta 60 km\/h, pudiendo volar a una distancia lineal de hasta 15 km de su operador.<\/p>\n<p dir=\"ltr\" style=\"text-align: justify;\"><strong>Cami\u00f3n transporte combustible de aviaci\u00f3n\u00a0<\/strong><\/p>\n<p dir=\"ltr\" style=\"text-align: justify;\">Se suma a lo anterior la inauguraci\u00f3n de un cami\u00f3n cisterna de 8 mil litros con tracci\u00f3n 4&#215;4 destinado al transporte de combustible de aviaci\u00f3n JET A-1 para la Secci\u00f3n A\u00e9rea Coyhaique, adquirido con recursos FORA aprobados por el Gobierno Regional de Ays\u00e9n.<\/p>\n<p dir=\"ltr\" style=\"text-align: justify;\">Lo anterior permitir\u00e1 dotar a la Instituci\u00f3n de nuevas capacidades log\u00edsticas y llegar hasta las Unidades, retenes y destacamentos de aquellas zonas m\u00e1s inh\u00f3spitas con la finalidad de abastecer y mantener los stock de combustible de aviaci\u00f3n para garantizar la capacidad operativa a\u00e9rea en aquellas \u00e1reas remotas, permitiendo mejorar los tiempos de respuesta ante situaciones de emergencia en la zona.<\/p>\n<div class=\"yj6qo\" style=\"text-align: justify;\"><\/div>\n<div class=\"adL\" style=\"text-align: justify;\"><\/div>\n<\/div><\/section><\/div><div  style='height:50px' class='hr hr-invisible   avia-builder-el-6  el_after_av_one_full  el_before_av_social_share '><span class='hr-inner ' ><span class='hr-inner-style'><\/span><\/span><\/div><\/p>\n<div  class='av-social-sharing-box  avia-builder-el-7  el_after_av_hr  el_before_av_hr  '><div class='av-share-box'><h5 class='av-share-link-description av-no-toc '>Compartir esta noticia<\/h5><ul class='av-share-box-list noLightbox'><li class='av-share-link av-social-link-facebook' ><a target=\"_blank\" aria-label=\"Compartir en Facebook\" href='https:\/\/www.facebook.com\/sharer.php?u=https:\/\/radiorevelacionfm.cl\/?p=61212&#038;t=Carabineros%20incorpora%2014%20drones%20al%20servicio%20policial%20y%20crea%20Secci%C3%B3n%20RPAS%20Ays%C3%A9n' aria-hidden='false' data-av_icon='\ue8f3' data-av_iconfont='entypo-fontello' title='' data-avia-related-tooltip='Compartir en Facebook' rel=\"noopener\"><span class='avia_hidden_link_text'>Compartir en Facebook<\/span><\/a><\/li><li class='av-share-link av-social-link-twitter' ><a target=\"_blank\" aria-label=\"Compartir en Twitter\" href='https:\/\/twitter.com\/share?text=Carabineros%20incorpora%2014%20drones%20al%20servicio%20policial%20y%20crea%20Secci%C3%B3n%20RPAS%20Ays%C3%A9n&#038;url=https:\/\/radiorevelacionfm.cl\/?p=61212' aria-hidden='false' data-av_icon='\ue8f1' data-av_iconfont='entypo-fontello' title='' data-avia-related-tooltip='Compartir en Twitter' rel=\"noopener\"><span class='avia_hidden_link_text'>Compartir en Twitter<\/span><\/a><\/li><li class='av-share-link av-social-link-whatsapp' ><a target=\"_blank\" aria-label=\"Compartir en Whatsapp\" href='https:\/\/api.whatsapp.com\/send?text=https:\/\/radiorevelacionfm.cl\/?p=61212' aria-hidden='false' data-av_icon='\uf232' data-av_iconfont='entypo-fontello' title='' data-avia-related-tooltip='Compartir en Whatsapp' rel=\"noopener\"><span class='avia_hidden_link_text'>Compartir en Whatsapp<\/span><\/a><\/li><li class='av-share-link av-social-link-linkedin' ><a target=\"_blank\" aria-label=\"Compartir en LinkedIn\" href='https:\/\/linkedin.com\/shareArticle?mini=true&#038;title=Carabineros%20incorpora%2014%20drones%20al%20servicio%20policial%20y%20crea%20Secci%C3%B3n%20RPAS%20Ays%C3%A9n&#038;url=https:\/\/radiorevelacionfm.cl\/?p=61212' aria-hidden='false' data-av_icon='\ue8fc' data-av_iconfont='entypo-fontello' title='' data-avia-related-tooltip='Compartir en LinkedIn' rel=\"noopener\"><span class='avia_hidden_link_text'>Compartir en LinkedIn<\/span><\/a><\/li><li class='av-share-link av-social-link-mail' ><a  aria-label=\"Compartir por correo\" href='mailto:?subject=Carabineros%20incorpora%2014%20drones%20al%20servicio%20policial%20y%20crea%20Secci%C3%B3n%20RPAS%20Ays%C3%A9n&#038;body=https:\/\/radiorevelacionfm.cl\/?p=61212' aria-hidden='false' data-av_icon='\ue805' data-av_iconfont='entypo-fontello' title='' data-avia-related-tooltip='Compartir por correo'><span class='avia_hidden_link_text'>Compartir por correo<\/span><\/a><\/li><\/ul><\/div><\/div>\n<div  style='height:50px' class='hr hr-invisible   avia-builder-el-8  el_after_av_social_share  el_before_av_comments_list '><span class='hr-inner ' ><span class='hr-inner-style'><\/span><\/span><\/div>\n<div  class='av-buildercomment  av-blog-meta-html-info-disabled av-blog-meta-tag-disabled  '><\/div>\n","protected":false},"excerpt":{"rendered":"","protected":false},"author":1,"featured_media":61213,"comment_status":"closed","ping_status":"closed","sticky":false,"template":"","format":"standard","meta":{"footnotes":""},"categories":[36],"tags":[],"class_list":["post-61212","post","type-post","status-publish","format-standard","has-post-thumbnail","hentry","category-policial"],"jetpack_featured_media_url":"https:\/\/radiorevelacionfm.cl\/wp-content\/uploads\/2025\/11\/9f8ac49d-4675-4c0a-969f-426ac54dcf9a-1-1.jpg","_links":{"self":[{"href":"https:\/\/radiorevelacionfm.cl\/index.php?rest_route=\/wp\/v2\/posts\/61212","targetHints":{"allow":["GET"]}}],"collection":[{"href":"https:\/\/radiorevelacionfm.cl\/index.php?rest_route=\/wp\/v2\/posts"}],"about":[{"href":"https:\/\/radiorevelacionfm.cl\/index.php?rest_route=\/wp\/v2\/types\/post"}],"author":[{"embeddable":true,"href":"https:\/\/radiorevelacionfm.cl\/index.php?rest_route=\/wp\/v2\/users\/1"}],"replies":[{"embeddable":true,"href":"https:\/\/radiorevelacionfm.cl\/index.php?rest_route=%2Fwp%2Fv2%2Fcomments&post=61212"}],"version-history":[{"count":2,"href":"https:\/\/radiorevelacionfm.cl\/index.php?rest_route=\/wp\/v2\/posts\/61212\/revisions"}],"predecessor-version":[{"id":61215,"href":"https:\/\/radiorevelacionfm.cl\/index.php?rest_route=\/wp\/v2\/posts\/61212\/revisions\/61215"}],"wp:featuredmedia":[{"embeddable":true,"href":"https:\/\/radiorevelacionfm.cl\/index.php?rest_route=\/wp\/v2\/media\/61213"}],"wp:attachment":[{"href":"https:\/\/radiorevelacionfm.cl\/index.php?rest_route=%2Fwp%2Fv2%2Fmedia&parent=61212"}],"wp:term":[{"taxonomy":"category","embeddable":true,"href":"https:\/\/radiorevelacionfm.cl\/index.php?rest_route=%2Fwp%2Fv2%2Fcategories&post=61212"},{"taxonomy":"post_tag","embeddable":true,"href":"https:\/\/radiorevelacionfm.cl\/index.php?rest_route=%2Fwp%2Fv2%2Ftags&post=61212"}],"curies":[{"name":"wp","href":"https:\/\/api.w.org\/{rel}","templated":true}]}}