{"id":61208,"date":"2025-11-07T18:15:05","date_gmt":"2025-11-07T21:15:05","guid":{"rendered":"https:\/\/radiorevelacionfm.cl\/?p=61208"},"modified":"2025-11-07T18:15:05","modified_gmt":"2025-11-07T21:15:05","slug":"fiscalia-de-coyhaique-logra-prision-preventiva-para-imputado-por-robo-con-intimidacion-que-afecto-a-dos-adolescentes","status":"publish","type":"post","link":"https:\/\/radiorevelacionfm.cl\/?p=61208","title":{"rendered":"Fiscal\u00eda de Coyhaique logra prisi\u00f3n preventiva para imputado por robo con intimidaci\u00f3n que afect\u00f3 a dos adolescentes"},"content":{"rendered":"<div class=\"flex_column av_one_full  flex_column_div av-zero-column-padding first  avia-builder-el-0  el_before_av_one_full  avia-builder-el-first  \" style='border-radius:0px; '><div  class='avia-image-container  av-styling-    avia-builder-el-1  avia-builder-el-no-sibling  avia-align-center '  itemprop=\"image\" itemscope=\"itemscope\" itemtype=\"https:\/\/schema.org\/ImageObject\"  ><div class='avia-image-container-inner'><div class='avia-image-overlay-wrap'><img decoding=\"async\" class='wp-image-61209 avia-img-lazy-loading-not-61209 avia_image' src=\"https:\/\/radiorevelacionfm.cl\/wp-content\/uploads\/2025\/11\/Sebastian_Vildosola_febrero-2-1-1.jpg\" alt='' title='Sebastian_Vildosola_febrero (2) (1) (1)' height=\"600\" width=\"900\"  itemprop=\"thumbnailUrl\" srcset=\"https:\/\/radiorevelacionfm.cl\/wp-content\/uploads\/2025\/11\/Sebastian_Vildosola_febrero-2-1-1.jpg 900w, https:\/\/radiorevelacionfm.cl\/wp-content\/uploads\/2025\/11\/Sebastian_Vildosola_febrero-2-1-1-300x200.jpg 300w, https:\/\/radiorevelacionfm.cl\/wp-content\/uploads\/2025\/11\/Sebastian_Vildosola_febrero-2-1-1-768x512.jpg 768w, https:\/\/radiorevelacionfm.cl\/wp-content\/uploads\/2025\/11\/Sebastian_Vildosola_febrero-2-1-1-705x470.jpg 705w, https:\/\/radiorevelacionfm.cl\/wp-content\/uploads\/2025\/11\/Sebastian_Vildosola_febrero-2-1-1-450x300.jpg 450w, https:\/\/radiorevelacionfm.cl\/wp-content\/uploads\/2025\/11\/Sebastian_Vildosola_febrero-2-1-1-600x400.jpg 600w\" sizes=\"(max-width: 900px) 100vw, 900px\" \/><\/div><\/div><\/div><\/div><div class=\"flex_column av_one_full  flex_column_div av-zero-column-padding first  avia-builder-el-2  el_after_av_one_full  el_before_av_one_full  column-top-margin\" style='border-radius:0px; '><section class=\"av_textblock_section \"  itemscope=\"itemscope\" itemtype=\"https:\/\/schema.org\/BlogPosting\" itemprop=\"blogPost\" ><div class='avia_textblock  '   itemprop=\"text\" ><p style=\"text-align: center;\"><span style=\"font-size: 18pt;\"><b>Fiscal\u00eda de Coyhaique logra prisi\u00f3n preventiva para imputado por robo con intimidaci\u00f3n que afect\u00f3 a dos adolescentes<\/b><\/span><\/p>\n<div id=\"gtx-trans\" style=\"position: absolute; left: -50px; top: 4.31534px;\">\n<div class=\"gtx-trans-icon\"><\/div>\n<\/div>\n<\/div><\/section><\/div><div class=\"flex_column av_one_full  flex_column_div av-zero-column-padding first  avia-builder-el-4  el_after_av_one_full  el_before_av_hr  column-top-margin\" style='border-radius:0px; '><section class=\"av_textblock_section \"  itemscope=\"itemscope\" itemtype=\"https:\/\/schema.org\/BlogPosting\" itemprop=\"blogPost\" ><div class='avia_textblock  '   itemprop=\"text\" ><p style=\"text-align: justify;\">La Fiscal\u00eda Local de Coyhaique formaliz\u00f3 a un imputado de 53 a\u00f1os por su participaci\u00f3n en un robo con intimidaci\u00f3n que afect\u00f3 a dos adolescentes de 14 y 17 a\u00f1os, delito ocurrido la noche del martes en las inmediaciones de calle Brasil, comuna de Coyhaique. Entre las especies sustra\u00eddas se cuentan dos tel\u00e9fonos celulares y un perfume.<\/p>\n<p style=\"text-align: justify;\">El abogado asistente de la Fiscal\u00eda Local de Coyhaique, Sebasti\u00e1n Vild\u00f3sola, explic\u00f3 que \u201cefectivamente se control\u00f3 la detenci\u00f3n y se formaliz\u00f3 a un imputado de 53 a\u00f1os de edad como autor de un delito de robo con intimidaci\u00f3n que afect\u00f3 a dos adolescentes de 14 y 17 a\u00f1os, hechos ocurridos a las 21 horas del martes. Estos hechos ocurrieron en la comuna de Coyhaique, donde el imputado particip\u00f3 facilitando la huida de los coimputados, quienes fueron los autores materiales del robo con intimidaci\u00f3n\u201d.<\/p>\n<p style=\"text-align: justify;\">Adem\u00e1s, el abogado indic\u00f3 que \u201cal momento de la detenci\u00f3n, el imputado conduc\u00eda un veh\u00edculo en estado de ebriedad, raz\u00f3n por la cual tambi\u00e9n pas\u00f3 a control por dicho il\u00edcito. En definitiva, se formaliz\u00f3 este imputado como autor de este robo con intimidaci\u00f3n que afect\u00f3 a estas dos v\u00edctimas adolescentes y un delito de manejo en estado de ebriedad calificado, habida consideraci\u00f3n que el imputado manten\u00eda su licencia de conducir cancelada\u201d.<\/p>\n<p style=\"text-align: justify;\">A ra\u00edz de los antecedentes presentados durante la audiencia, la Fiscal\u00eda solicit\u00f3 la prisi\u00f3n preventiva del imputado, solicitud que fue acogida por el Juzgado de Garant\u00eda de Coyhaique. \u201cEsta Fiscal\u00eda solicit\u00f3 la prisi\u00f3n preventiva del imputado por estimar que su libertad constituye un peligro para la seguridad de la sociedad y especialmente para la seguridad de las v\u00edctimas, alegaciones que fueron acogidas por la jueza del Juzgado de Garant\u00eda de Coyhaique, considerando igualmente que el imputado registra diversas condenas por distintos delitos en su extracto de filiaci\u00f3n y antecedentes\u201d, precis\u00f3 Vild\u00f3sola.<\/p>\n<p style=\"text-align: justify;\">El tribunal fij\u00f3 un plazo de investigaci\u00f3n de 70 d\u00edas, durante el cual las diligencias estar\u00e1n a cargo de personal de Carabineros de Coyhaique.<\/p>\n<p style=\"text-align: justify;\">Finalmente, el abogado asistente a\u00f1adi\u00f3 que \u201clas diligencias siguen en curso. Se est\u00e1n desarrollando diligencias no s\u00f3lo a prop\u00f3sito del imputado, sino tambi\u00e9n de los copart\u00edcipes de ese mismo delito\u201d.<\/p>\n<p style=\"font-weight: 400; text-align: justify;\">&#8230;<\/p>\n<\/div><\/section><\/div><div  style='height:50px' class='hr hr-invisible   avia-builder-el-6  el_after_av_one_full  el_before_av_social_share '><span class='hr-inner ' ><span class='hr-inner-style'><\/span><\/span><\/div><\/p>\n<div  class='av-social-sharing-box  avia-builder-el-7  el_after_av_hr  el_before_av_hr  '><div class='av-share-box'><h5 class='av-share-link-description av-no-toc '>Compartir esta noticia<\/h5><ul class='av-share-box-list noLightbox'><li class='av-share-link av-social-link-facebook' ><a target=\"_blank\" aria-label=\"Compartir en Facebook\" href='https:\/\/www.facebook.com\/sharer.php?u=https:\/\/radiorevelacionfm.cl\/?p=61208&#038;t=Fiscal%C3%ADa%20de%20Coyhaique%20logra%20prisi%C3%B3n%20preventiva%20para%20imputado%20por%20robo%20con%20intimidaci%C3%B3n%20que%20afect%C3%B3%20a%20dos%20adolescentes' aria-hidden='false' data-av_icon='\ue8f3' data-av_iconfont='entypo-fontello' title='' data-avia-related-tooltip='Compartir en Facebook' rel=\"noopener\"><span class='avia_hidden_link_text'>Compartir en Facebook<\/span><\/a><\/li><li class='av-share-link av-social-link-twitter' ><a target=\"_blank\" aria-label=\"Compartir en Twitter\" href='https:\/\/twitter.com\/share?text=Fiscal%C3%ADa%20de%20Coyhaique%20logra%20prisi%C3%B3n%20preventiva%20para%20imputado%20por%20robo%20con%20intimidaci%C3%B3n%20que%20afect%C3%B3%20a%20dos%20adolescentes&#038;url=https:\/\/radiorevelacionfm.cl\/?p=61208' aria-hidden='false' data-av_icon='\ue8f1' data-av_iconfont='entypo-fontello' title='' data-avia-related-tooltip='Compartir en Twitter' rel=\"noopener\"><span class='avia_hidden_link_text'>Compartir en Twitter<\/span><\/a><\/li><li class='av-share-link av-social-link-whatsapp' ><a target=\"_blank\" aria-label=\"Compartir en Whatsapp\" href='https:\/\/api.whatsapp.com\/send?text=https:\/\/radiorevelacionfm.cl\/?p=61208' aria-hidden='false' data-av_icon='\uf232' data-av_iconfont='entypo-fontello' title='' data-avia-related-tooltip='Compartir en Whatsapp' rel=\"noopener\"><span class='avia_hidden_link_text'>Compartir en Whatsapp<\/span><\/a><\/li><li class='av-share-link av-social-link-linkedin' ><a target=\"_blank\" aria-label=\"Compartir en LinkedIn\" href='https:\/\/linkedin.com\/shareArticle?mini=true&#038;title=Fiscal%C3%ADa%20de%20Coyhaique%20logra%20prisi%C3%B3n%20preventiva%20para%20imputado%20por%20robo%20con%20intimidaci%C3%B3n%20que%20afect%C3%B3%20a%20dos%20adolescentes&#038;url=https:\/\/radiorevelacionfm.cl\/?p=61208' aria-hidden='false' data-av_icon='\ue8fc' data-av_iconfont='entypo-fontello' title='' data-avia-related-tooltip='Compartir en LinkedIn' rel=\"noopener\"><span class='avia_hidden_link_text'>Compartir en LinkedIn<\/span><\/a><\/li><li class='av-share-link av-social-link-mail' ><a  aria-label=\"Compartir por correo\" href='mailto:?subject=Fiscal%C3%ADa%20de%20Coyhaique%20logra%20prisi%C3%B3n%20preventiva%20para%20imputado%20por%20robo%20con%20intimidaci%C3%B3n%20que%20afect%C3%B3%20a%20dos%20adolescentes&#038;body=https:\/\/radiorevelacionfm.cl\/?p=61208' aria-hidden='false' data-av_icon='\ue805' data-av_iconfont='entypo-fontello' title='' data-avia-related-tooltip='Compartir por correo'><span class='avia_hidden_link_text'>Compartir por correo<\/span><\/a><\/li><\/ul><\/div><\/div>\n<div  style='height:50px' class='hr hr-invisible   avia-builder-el-8  el_after_av_social_share  el_before_av_comments_list '><span class='hr-inner ' ><span class='hr-inner-style'><\/span><\/span><\/div>\n<div  class='av-buildercomment  av-blog-meta-html-info-disabled av-blog-meta-tag-disabled  '><\/div>\n","protected":false},"excerpt":{"rendered":"","protected":false},"author":1,"featured_media":61209,"comment_status":"closed","ping_status":"closed","sticky":false,"template":"","format":"standard","meta":{"footnotes":""},"categories":[36],"tags":[],"class_list":["post-61208","post","type-post","status-publish","format-standard","has-post-thumbnail","hentry","category-policial"],"jetpack_featured_media_url":"https:\/\/radiorevelacionfm.cl\/wp-content\/uploads\/2025\/11\/Sebastian_Vildosola_febrero-2-1-1.jpg","_links":{"self":[{"href":"https:\/\/radiorevelacionfm.cl\/index.php?rest_route=\/wp\/v2\/posts\/61208","targetHints":{"allow":["GET"]}}],"collection":[{"href":"https:\/\/radiorevelacionfm.cl\/index.php?rest_route=\/wp\/v2\/posts"}],"about":[{"href":"https:\/\/radiorevelacionfm.cl\/index.php?rest_route=\/wp\/v2\/types\/post"}],"author":[{"embeddable":true,"href":"https:\/\/radiorevelacionfm.cl\/index.php?rest_route=\/wp\/v2\/users\/1"}],"replies":[{"embeddable":true,"href":"https:\/\/radiorevelacionfm.cl\/index.php?rest_route=%2Fwp%2Fv2%2Fcomments&post=61208"}],"version-history":[{"count":2,"href":"https:\/\/radiorevelacionfm.cl\/index.php?rest_route=\/wp\/v2\/posts\/61208\/revisions"}],"predecessor-version":[{"id":61211,"href":"https:\/\/radiorevelacionfm.cl\/index.php?rest_route=\/wp\/v2\/posts\/61208\/revisions\/61211"}],"wp:featuredmedia":[{"embeddable":true,"href":"https:\/\/radiorevelacionfm.cl\/index.php?rest_route=\/wp\/v2\/media\/61209"}],"wp:attachment":[{"href":"https:\/\/radiorevelacionfm.cl\/index.php?rest_route=%2Fwp%2Fv2%2Fmedia&parent=61208"}],"wp:term":[{"taxonomy":"category","embeddable":true,"href":"https:\/\/radiorevelacionfm.cl\/index.php?rest_route=%2Fwp%2Fv2%2Fcategories&post=61208"},{"taxonomy":"post_tag","embeddable":true,"href":"https:\/\/radiorevelacionfm.cl\/index.php?rest_route=%2Fwp%2Fv2%2Ftags&post=61208"}],"curies":[{"name":"wp","href":"https:\/\/api.w.org\/{rel}","templated":true}]}}