{"id":61201,"date":"2025-11-08T13:04:27","date_gmt":"2025-11-08T16:04:27","guid":{"rendered":"https:\/\/radiorevelacionfm.cl\/?p=61201"},"modified":"2025-11-08T13:04:27","modified_gmt":"2025-11-08T16:04:27","slug":"referente-internacional-del-trail-llega-a-cochrane-para-conversatorio-abierto","status":"publish","type":"post","link":"https:\/\/radiorevelacionfm.cl\/?p=61201","title":{"rendered":"Referente Internacional del Trail llega a Cochrane para conversatorio abierto"},"content":{"rendered":"<div class=\"flex_column av_one_full  flex_column_div av-zero-column-padding first  avia-builder-el-0  el_before_av_one_full  avia-builder-el-first  \" style='border-radius:0px; '><div  class='avia-image-container  av-styling-    avia-builder-el-1  avia-builder-el-no-sibling  avia-align-center '  itemprop=\"image\" itemscope=\"itemscope\" itemtype=\"https:\/\/schema.org\/ImageObject\"  ><div class='avia-image-container-inner'><div class='avia-image-overlay-wrap'><img decoding=\"async\" class='wp-image-61202 avia-img-lazy-loading-not-61202 avia_image' src=\"https:\/\/radiorevelacionfm.cl\/wp-content\/uploads\/2025\/11\/animal-trail-camp-patagonia-7-1_optimized.jpg\" alt='' title='animal-trail-camp-patagonia-(7)-(1)_optimized' height=\"600\" width=\"900\"  itemprop=\"thumbnailUrl\" srcset=\"https:\/\/radiorevelacionfm.cl\/wp-content\/uploads\/2025\/11\/animal-trail-camp-patagonia-7-1_optimized.jpg 900w, https:\/\/radiorevelacionfm.cl\/wp-content\/uploads\/2025\/11\/animal-trail-camp-patagonia-7-1_optimized-300x200.jpg 300w, https:\/\/radiorevelacionfm.cl\/wp-content\/uploads\/2025\/11\/animal-trail-camp-patagonia-7-1_optimized-768x512.jpg 768w, https:\/\/radiorevelacionfm.cl\/wp-content\/uploads\/2025\/11\/animal-trail-camp-patagonia-7-1_optimized-705x470.jpg 705w, https:\/\/radiorevelacionfm.cl\/wp-content\/uploads\/2025\/11\/animal-trail-camp-patagonia-7-1_optimized-450x300.jpg 450w, https:\/\/radiorevelacionfm.cl\/wp-content\/uploads\/2025\/11\/animal-trail-camp-patagonia-7-1_optimized-600x400.jpg 600w\" sizes=\"(max-width: 900px) 100vw, 900px\" \/><\/div><\/div><\/div><\/div><div class=\"flex_column av_one_full  flex_column_div av-zero-column-padding first  avia-builder-el-2  el_after_av_one_full  el_before_av_one_full  column-top-margin\" style='border-radius:0px; '><section class=\"av_textblock_section \"  itemscope=\"itemscope\" itemtype=\"https:\/\/schema.org\/BlogPosting\" itemprop=\"blogPost\" ><div class='avia_textblock  '   itemprop=\"text\" ><p style=\"text-align: center;\"><strong><span style=\"font-size: 18pt;\">Referente Internacional del Trail llega a Cochrane para conversatorio abierto<\/span><\/strong><\/p>\n<div id=\"gtx-trans\" style=\"position: absolute; left: -50px; top: 4.31534px;\">\n<div class=\"gtx-trans-icon\"><\/div>\n<\/div>\n<\/div><\/section><\/div><div class=\"flex_column av_one_full  flex_column_div av-zero-column-padding first  avia-builder-el-4  el_after_av_one_full  el_before_av_hr  column-top-margin\" style='border-radius:0px; '><section class=\"av_textblock_section \"  itemscope=\"itemscope\" itemtype=\"https:\/\/schema.org\/BlogPosting\" itemprop=\"blogPost\" ><div class='avia_textblock  '   itemprop=\"text\" ><div style=\"text-align: justify;\">Cochrane contin\u00faa consolid\u00e1ndose como territorio de monta\u00f1a y destino activo todo el a\u00f1o. En la segunda versi\u00f3n del\u00a0<b>Animal Trail Camp Patagonia<\/b>, que se desarrolla entre el 7 y el 14 de noviembre, corredoras y corredores locales, junto a deportistas provenientes de distintas regiones del pa\u00eds, seleccionados nacionales de trail y tambi\u00e9n participantes internacionales, se encuentran realizando una traves\u00eda formativa en modalidad n\u00f3made por sectores del Parque Nacional Patagonia, recorriendo Jeinimeni, Valle Chacabuco y Tamango.<\/div>\n<div style=\"text-align: justify;\">Como parte central de esta experiencia, este\u00a0<b>jueves 13 de noviembre, a las 19:00 horas, en el Mercado Municipal de Cochrane,<\/b>\u00a0se desarrollar\u00e1 el conversatorio \u201cCorrer entre Monta\u00f1as\u201d, junto al corredor y entrenador internacional Marc Ba\u00f1uls (<a href=\"https:\/\/www.marcbanuls.com\/\" target=\"_blank\" rel=\"noopener\" data-saferedirecturl=\"https:\/\/www.google.com\/url?q=https:\/\/www.marcbanuls.com\/&amp;source=gmail&amp;ust=1762632539367000&amp;usg=AOvVaw2tVJh6PfA-cEiQd5s1lMn0\">www.marcbanuls.com\/<\/a>), reconocido referente europeo del trail running. La jornada incluir\u00e1 adem\u00e1s un encuentro cultural entre corredores visitantes y la comunidad, y una feria de emprendedores locales vinculados a la econom\u00eda del territorio y la vida en la monta\u00f1a.<\/div>\n<div style=\"text-align: justify;\">El\u00a0<b>alcalde de Cochrane, Patricio Ulloa Georgia<\/b>, destac\u00f3, \u201crecibir a un referente mundial como Marc Ba\u00f1uls en Cochrane es una oportunidad para seguir fortaleciendo el deporte y poner en valor nuestro territorio. Invitamos a todos quienes disfrutan de la monta\u00f1a a ser parte de esta conversaci\u00f3n abierta en nuestro Mercado Municipal\u201d.<\/div>\n<div style=\"text-align: justify;\">Desde la organizaci\u00f3n<b>, \u00d3scar Tagliaferro, cofundador del Animal Trail Camp Patagonia,<\/b>\u00a0se\u00f1al\u00f3, \u201cesta versi\u00f3n se desarrolla en modalidad n\u00f3made, con campamentos itinerantes que se mueven d\u00eda a d\u00eda entre Jeinimeni, Valle Chacabuco y Tamango. Vivimos la monta\u00f1a en movimiento, aprendiendo del territorio y fortaleciendo la cultura del trail en la Patagonia\u201d.<\/div>\n<div style=\"text-align: justify;\">El\u00a0<b>corredor local y coordinador territorial, Iv\u00e1n Silva Candia<\/b>, resalt\u00f3 la importancia comunitaria, \u201cEs relevante que estos eventos se hagan ac\u00e1. Nos permiten motivar a los j\u00f3venes, recibir deportistas de alto nivel y mostrar al pa\u00eds la belleza de nuestro territorio\u201d.<\/div>\n<div style=\"text-align: justify;\">Por su parte, el\u00a0<b>Head Coach del encuentro, Daniel V\u00e1squez<\/b>, a\u00f1adi\u00f3, \u201ceste camp incluye rutas de 80, 140 y 200 kil\u00f3metros, sumando capacitaciones t\u00e9cnicas diarias en navegaci\u00f3n y seguridad en monta\u00f1a. Es una experiencia que fortalece profundamente el desarrollo del trail en Cochrane\u201d.<\/div>\n<div style=\"text-align: justify;\">Este a\u00f1o, la comuna desarroll\u00f3 ocho actividades y eventos vinculados al trail, lo que refuerza a Cochrane como destino deportivo y natural todo el a\u00f1o, promoviendo la vida al aire libre, la exploraci\u00f3n responsable y el sentido de comunidad entre territorio y deporte.<\/div>\n<div style=\"text-align: justify;\">La temporada cerrar\u00e1 con la tradicional carrera Cochrane Patagonia Trail, el 29 de noviembre. Las inscripciones contin\u00faan abiertas a trav\u00e9s de \u00a0<u><a id=\"m_1187556273941552984OWAb5466cd3-7f80-02f6-51c8-8296839efb6a\" href=\"https:\/\/welcu.com\/lse-latitud-sur\/cochrane-patagonia-trail-2025\" target=\"_blank\" rel=\"noopener\" data-saferedirecturl=\"https:\/\/www.google.com\/url?q=https:\/\/welcu.com\/lse-latitud-sur\/cochrane-patagonia-trail-2025&amp;source=gmail&amp;ust=1762632539368000&amp;usg=AOvVaw1yiBdM68la1WH4uRwMARKi\">https:\/\/welcu.com\/lse-<wbr \/>latitud-sur\/cochrane-<wbr \/>patagonia-trail-2025<\/a><\/u><\/div>\n<\/div><\/section><\/div><div  style='height:50px' class='hr hr-invisible   avia-builder-el-6  el_after_av_one_full  el_before_av_social_share '><span class='hr-inner ' ><span class='hr-inner-style'><\/span><\/span><\/div><\/p>\n<div  class='av-social-sharing-box  avia-builder-el-7  el_after_av_hr  el_before_av_hr  '><div class='av-share-box'><h5 class='av-share-link-description av-no-toc '>Compartir esta noticia<\/h5><ul class='av-share-box-list noLightbox'><li class='av-share-link av-social-link-facebook' ><a target=\"_blank\" aria-label=\"Compartir en Facebook\" href='https:\/\/www.facebook.com\/sharer.php?u=https:\/\/radiorevelacionfm.cl\/?p=61201&#038;t=Referente%20Internacional%20del%20Trail%20llega%20a%20Cochrane%20para%20conversatorio%20abierto' aria-hidden='false' data-av_icon='\ue8f3' data-av_iconfont='entypo-fontello' title='' data-avia-related-tooltip='Compartir en Facebook' rel=\"noopener\"><span class='avia_hidden_link_text'>Compartir en Facebook<\/span><\/a><\/li><li class='av-share-link av-social-link-twitter' ><a target=\"_blank\" aria-label=\"Compartir en Twitter\" href='https:\/\/twitter.com\/share?text=Referente%20Internacional%20del%20Trail%20llega%20a%20Cochrane%20para%20conversatorio%20abierto&#038;url=https:\/\/radiorevelacionfm.cl\/?p=61201' aria-hidden='false' data-av_icon='\ue8f1' data-av_iconfont='entypo-fontello' title='' data-avia-related-tooltip='Compartir en Twitter' rel=\"noopener\"><span class='avia_hidden_link_text'>Compartir en Twitter<\/span><\/a><\/li><li class='av-share-link av-social-link-whatsapp' ><a target=\"_blank\" aria-label=\"Compartir en Whatsapp\" href='https:\/\/api.whatsapp.com\/send?text=https:\/\/radiorevelacionfm.cl\/?p=61201' aria-hidden='false' data-av_icon='\uf232' data-av_iconfont='entypo-fontello' title='' data-avia-related-tooltip='Compartir en Whatsapp' rel=\"noopener\"><span class='avia_hidden_link_text'>Compartir en Whatsapp<\/span><\/a><\/li><li class='av-share-link av-social-link-linkedin' ><a target=\"_blank\" aria-label=\"Compartir en LinkedIn\" href='https:\/\/linkedin.com\/shareArticle?mini=true&#038;title=Referente%20Internacional%20del%20Trail%20llega%20a%20Cochrane%20para%20conversatorio%20abierto&#038;url=https:\/\/radiorevelacionfm.cl\/?p=61201' aria-hidden='false' data-av_icon='\ue8fc' data-av_iconfont='entypo-fontello' title='' data-avia-related-tooltip='Compartir en LinkedIn' rel=\"noopener\"><span class='avia_hidden_link_text'>Compartir en LinkedIn<\/span><\/a><\/li><li class='av-share-link av-social-link-mail' ><a  aria-label=\"Compartir por correo\" href='mailto:?subject=Referente%20Internacional%20del%20Trail%20llega%20a%20Cochrane%20para%20conversatorio%20abierto&#038;body=https:\/\/radiorevelacionfm.cl\/?p=61201' aria-hidden='false' data-av_icon='\ue805' data-av_iconfont='entypo-fontello' title='' data-avia-related-tooltip='Compartir por correo'><span class='avia_hidden_link_text'>Compartir por correo<\/span><\/a><\/li><\/ul><\/div><\/div>\n<div  style='height:50px' class='hr hr-invisible   avia-builder-el-8  el_after_av_social_share  el_before_av_comments_list '><span class='hr-inner ' ><span class='hr-inner-style'><\/span><\/span><\/div>\n<div  class='av-buildercomment  av-blog-meta-html-info-disabled av-blog-meta-tag-disabled  '><\/div>\n","protected":false},"excerpt":{"rendered":"","protected":false},"author":1,"featured_media":61202,"comment_status":"closed","ping_status":"closed","sticky":false,"template":"","format":"standard","meta":{"footnotes":""},"categories":[40,54],"tags":[],"class_list":["post-61201","post","type-post","status-publish","format-standard","has-post-thumbnail","hentry","category-deportes","category-turismo"],"jetpack_featured_media_url":"https:\/\/radiorevelacionfm.cl\/wp-content\/uploads\/2025\/11\/animal-trail-camp-patagonia-7-1_optimized.jpg","_links":{"self":[{"href":"https:\/\/radiorevelacionfm.cl\/index.php?rest_route=\/wp\/v2\/posts\/61201","targetHints":{"allow":["GET"]}}],"collection":[{"href":"https:\/\/radiorevelacionfm.cl\/index.php?rest_route=\/wp\/v2\/posts"}],"about":[{"href":"https:\/\/radiorevelacionfm.cl\/index.php?rest_route=\/wp\/v2\/types\/post"}],"author":[{"embeddable":true,"href":"https:\/\/radiorevelacionfm.cl\/index.php?rest_route=\/wp\/v2\/users\/1"}],"replies":[{"embeddable":true,"href":"https:\/\/radiorevelacionfm.cl\/index.php?rest_route=%2Fwp%2Fv2%2Fcomments&post=61201"}],"version-history":[{"count":2,"href":"https:\/\/radiorevelacionfm.cl\/index.php?rest_route=\/wp\/v2\/posts\/61201\/revisions"}],"predecessor-version":[{"id":61217,"href":"https:\/\/radiorevelacionfm.cl\/index.php?rest_route=\/wp\/v2\/posts\/61201\/revisions\/61217"}],"wp:featuredmedia":[{"embeddable":true,"href":"https:\/\/radiorevelacionfm.cl\/index.php?rest_route=\/wp\/v2\/media\/61202"}],"wp:attachment":[{"href":"https:\/\/radiorevelacionfm.cl\/index.php?rest_route=%2Fwp%2Fv2%2Fmedia&parent=61201"}],"wp:term":[{"taxonomy":"category","embeddable":true,"href":"https:\/\/radiorevelacionfm.cl\/index.php?rest_route=%2Fwp%2Fv2%2Fcategories&post=61201"},{"taxonomy":"post_tag","embeddable":true,"href":"https:\/\/radiorevelacionfm.cl\/index.php?rest_route=%2Fwp%2Fv2%2Ftags&post=61201"}],"curies":[{"name":"wp","href":"https:\/\/api.w.org\/{rel}","templated":true}]}}