{"id":61197,"date":"2025-11-08T11:03:28","date_gmt":"2025-11-08T14:03:28","guid":{"rendered":"https:\/\/radiorevelacionfm.cl\/?p=61197"},"modified":"2025-11-08T11:03:28","modified_gmt":"2025-11-08T14:03:28","slug":"parvulos-conmemoran-dia-de-las-areas-protegidas-con-jornada-de-educacion-ambiental-al-aire-libre","status":"publish","type":"post","link":"https:\/\/radiorevelacionfm.cl\/?p=61197","title":{"rendered":"P\u00e1rvulos conmemoran D\u00eda de las \u00c1reas Protegidas con jornada de educaci\u00f3n ambiental al aire libre"},"content":{"rendered":"<div class=\"flex_column av_one_full  flex_column_div av-zero-column-padding first  avia-builder-el-0  el_before_av_one_full  avia-builder-el-first  \" style='border-radius:0px; '><div  class='avia-image-container  av-styling-    avia-builder-el-1  avia-builder-el-no-sibling  avia-align-center '  itemprop=\"image\" itemscope=\"itemscope\" itemtype=\"https:\/\/schema.org\/ImageObject\"  ><div class='avia-image-container-inner'><div class='avia-image-overlay-wrap'><img decoding=\"async\" class='wp-image-61198 avia-img-lazy-loading-not-61198 avia_image' src=\"https:\/\/radiorevelacionfm.cl\/wp-content\/uploads\/2025\/11\/jardin-2-1_optimized.jpg\" alt='' title='jardin-(2)-(1)_optimized' height=\"600\" width=\"1071\"  itemprop=\"thumbnailUrl\" srcset=\"https:\/\/radiorevelacionfm.cl\/wp-content\/uploads\/2025\/11\/jardin-2-1_optimized.jpg 1071w, https:\/\/radiorevelacionfm.cl\/wp-content\/uploads\/2025\/11\/jardin-2-1_optimized-300x168.jpg 300w, https:\/\/radiorevelacionfm.cl\/wp-content\/uploads\/2025\/11\/jardin-2-1_optimized-1030x577.jpg 1030w, https:\/\/radiorevelacionfm.cl\/wp-content\/uploads\/2025\/11\/jardin-2-1_optimized-768x430.jpg 768w, https:\/\/radiorevelacionfm.cl\/wp-content\/uploads\/2025\/11\/jardin-2-1_optimized-705x395.jpg 705w, https:\/\/radiorevelacionfm.cl\/wp-content\/uploads\/2025\/11\/jardin-2-1_optimized-450x252.jpg 450w, https:\/\/radiorevelacionfm.cl\/wp-content\/uploads\/2025\/11\/jardin-2-1_optimized-600x336.jpg 600w\" sizes=\"(max-width: 1071px) 100vw, 1071px\" \/><\/div><\/div><\/div><\/div><div class=\"flex_column av_one_full  flex_column_div av-zero-column-padding first  avia-builder-el-2  el_after_av_one_full  el_before_av_one_full  column-top-margin\" style='border-radius:0px; '><section class=\"av_textblock_section \"  itemscope=\"itemscope\" itemtype=\"https:\/\/schema.org\/BlogPosting\" itemprop=\"blogPost\" ><div class='avia_textblock  '   itemprop=\"text\" ><p style=\"text-align: center;\"><span style=\"font-size: 18pt;\"><strong>P\u00e1rvulos conmemoran D\u00eda de las \u00c1reas Protegidas con jornada de educaci\u00f3n ambiental al aire libre<\/strong><\/span><\/p>\n<div id=\"gtx-trans\" style=\"position: absolute; left: -50px; top: 4.31534px;\">\n<div class=\"gtx-trans-icon\"><\/div>\n<\/div>\n<\/div><\/section><\/div><div class=\"flex_column av_one_full  flex_column_div av-zero-column-padding first  avia-builder-el-4  el_after_av_one_full  el_before_av_hr  column-top-margin\" style='border-radius:0px; '><section class=\"av_textblock_section \"  itemscope=\"itemscope\" itemtype=\"https:\/\/schema.org\/BlogPosting\" itemprop=\"blogPost\" ><div class='avia_textblock  '   itemprop=\"text\" ><p style=\"text-align: justify;\">El sendero interpretativo de Laguna Verde, en la Reserva Nacional Coyhaique, fue el escenario elegido para conmemorar el d\u00eda Nacional de las \u00c1reas Protegidas por parte del comit\u00e9 regional de Certificaci\u00f3n Ambiental de Establecimientos Educacionales, SNCAE.<\/p>\n<p style=\"text-align: justify;\">La profesional de la Seremi del Medio Ambiente y Coordinadora del SNCAE, Ana Vel\u00e1squez, coment\u00f3 que la actividad fue dirigida a p\u00e1rvulos <em>\u201cun p\u00fablico que habitualmente es un poco m\u00e1s dif\u00edcil de trabajar directamente (\u2026)\u00a0 la verdad es una gran oportunidad para compartir con ni\u00f1os y ni\u00f1as de tres y cuatro a\u00f1os, mostr\u00e1ndoles este espacio, reforzando el cuidado por el espacio y por el medio ambiente que habitan y por supuesto, para que visiten y compartan estos espacios con su familia\u201d.<\/em><\/p>\n<p style=\"text-align: justify;\">La actividad, que tuvo como prop\u00f3sito reconocer el valor ecol\u00f3gico, cultural y educativo que poseen estos territorios, esenciales para la conservaci\u00f3n de la biodiversidad, la mitigaci\u00f3n del cambio clim\u00e1tico y el bienestar de las comunidades, convoc\u00f3 a m\u00e1s de 120 p\u00e1rvulos que participaron de la jornada educativa y vivencial al aire libre, donde visitaron diversas estaciones a cargo del Conaf, la Seremi del Medio Ambiente, PAR Explora, JUNJI e Integra.<\/p>\n<p style=\"text-align: justify;\">El Director regional de JUNJI, Juan Eduardo Lorca relev\u00f3 la actividad por cuanto <em>\u201cles permite tambi\u00e9n conectarse y reconectarse con la naturaleza y vivenciar en primera persona lo que significa poder explorar el medioambiente. Poder tambi\u00e9n ver e indagar las distintas texturas, naturaleza, fauna silvestre que pueden ver y de esa manera tambi\u00e9n acercarse m\u00e1s a la exploraci\u00f3n, que nos permite tambi\u00e9n generar desde ahora ciudadanas y ciudadanos conscientes del cuidado del medio, sobre todo una regi\u00f3n tan hermosa como la Regi\u00f3n de Ays\u00e9n\u201d, mientras que el jefe provincial de Conaf Coyhaique, Jose Luis P\u00e9rez, declar\u00f3 \u201cestamos\u00a0 muy contentos de recibir a los ni\u00f1os ac\u00e1 en la Reserva Nacional Coyhaique para que puedan disfrutar del entorno natural de la biodiversidad de ac\u00e1, de la Laguna Verde, de este recorrido y tambi\u00e9n relevar este contacto de la naturaleza en lo que presta el \u00e1rea silvestre a la comunidad y a la ciudadan\u00eda\u201d.<\/em><\/p>\n<p style=\"text-align: justify;\">De este modo, mediante 2 jornadas, ni\u00f1os y ni\u00f1as de los jardines infantiles Mackay, Jard\u00edn Sobre Ruedas, Jard\u00edn Gabriela Mistral y Jard\u00edn Mi Peque\u00f1a Estancia, realizaron un recorrido por las estaciones tem\u00e1ticas, dise\u00f1adas para generar aprendizajes vivenciales en un entorno natural protegido y promover el respeto y cuidado de la biodiversidad local. Esto, aprendiendo sobre mirco- bosques, realizando recolecci\u00f3n, revisando el ciclo del agua y conectando con la flora y fauna de esta aula al aire libre.<\/p>\n<p style=\"text-align: justify;\">Al respecto la directora de Par Explora UACh, Viviana Pizarro, indic\u00f3 <em>que \u201cparte del material educativo que el proyecto explora ha desarrollado tiene est\u00e1 inspirado en las \u00e1reas silvestres. Entonces en esta jornada en la reserva Coyhaique, estamos trabajando la tem\u00e1tica de anfibios y micro bosques y mostrando a la comunidad este material educativo que tenemos, para poner en valor las especies que crecen aqu\u00ed en el entorno natural\u201d.<\/em><\/p>\n<p style=\"text-align: justify;\">La iniciativa, que se enmarca en los objetivos del Sistema Nacional de Certificaci\u00f3n Ambiental de Establecimientos Educacionales SNCAE, fortalece la colaboraci\u00f3n entre organismos p\u00fablicos en torno a la formaci\u00f3n ambiental temprana, fortaleciendo la educaci\u00f3n ambiental desde la primera infancia, mediante experiencias significativas que promuevan la observaci\u00f3n, el descubrimiento y el sentido de pertenencia con el entorno natural.<\/p>\n<p style=\"text-align: justify;\">Finalmente la directora de Fundaci\u00f3n Integra, Leticia Araya, agradeci\u00f3 la invitaci\u00f3n dise\u00f1ada para ni\u00f1os y ni\u00f1as <em>\u201crelevando su protagonismo y la importancia que tiene que los ni\u00f1os puedan conocer los espacios, cuidarlos, conocer el bosque, conocer las reservas que tiene tambi\u00e9n CONAF y que permiten justamente ir avanzando en el desarrollo humano y sostenible, que tambi\u00e9n es parte de la educaci\u00f3n transformadora de Fundaci\u00f3n Integra\u201d,<\/em> concluy\u00f3<\/p>\n<\/div><\/section><\/div><div  style='height:50px' class='hr hr-invisible   avia-builder-el-6  el_after_av_one_full  el_before_av_social_share '><span class='hr-inner ' ><span class='hr-inner-style'><\/span><\/span><\/div><\/p>\n<div  class='av-social-sharing-box  avia-builder-el-7  el_after_av_hr  el_before_av_hr  '><div class='av-share-box'><h5 class='av-share-link-description av-no-toc '>Compartir esta noticia<\/h5><ul class='av-share-box-list noLightbox'><li class='av-share-link av-social-link-facebook' ><a target=\"_blank\" aria-label=\"Compartir en Facebook\" href='https:\/\/www.facebook.com\/sharer.php?u=https:\/\/radiorevelacionfm.cl\/?p=61197&#038;t=P%C3%A1rvulos%20conmemoran%20D%C3%ADa%20de%20las%20%C3%81reas%20Protegidas%20con%20jornada%20de%20educaci%C3%B3n%20ambiental%20al%20aire%20libre' aria-hidden='false' data-av_icon='\ue8f3' data-av_iconfont='entypo-fontello' title='' data-avia-related-tooltip='Compartir en Facebook' rel=\"noopener\"><span class='avia_hidden_link_text'>Compartir en Facebook<\/span><\/a><\/li><li class='av-share-link av-social-link-twitter' ><a target=\"_blank\" aria-label=\"Compartir en Twitter\" href='https:\/\/twitter.com\/share?text=P%C3%A1rvulos%20conmemoran%20D%C3%ADa%20de%20las%20%C3%81reas%20Protegidas%20con%20jornada%20de%20educaci%C3%B3n%20ambiental%20al%20aire%20libre&#038;url=https:\/\/radiorevelacionfm.cl\/?p=61197' aria-hidden='false' data-av_icon='\ue8f1' data-av_iconfont='entypo-fontello' title='' data-avia-related-tooltip='Compartir en Twitter' rel=\"noopener\"><span class='avia_hidden_link_text'>Compartir en Twitter<\/span><\/a><\/li><li class='av-share-link av-social-link-whatsapp' ><a target=\"_blank\" aria-label=\"Compartir en Whatsapp\" href='https:\/\/api.whatsapp.com\/send?text=https:\/\/radiorevelacionfm.cl\/?p=61197' aria-hidden='false' data-av_icon='\uf232' data-av_iconfont='entypo-fontello' title='' data-avia-related-tooltip='Compartir en Whatsapp' rel=\"noopener\"><span class='avia_hidden_link_text'>Compartir en Whatsapp<\/span><\/a><\/li><li class='av-share-link av-social-link-linkedin' ><a target=\"_blank\" aria-label=\"Compartir en LinkedIn\" href='https:\/\/linkedin.com\/shareArticle?mini=true&#038;title=P%C3%A1rvulos%20conmemoran%20D%C3%ADa%20de%20las%20%C3%81reas%20Protegidas%20con%20jornada%20de%20educaci%C3%B3n%20ambiental%20al%20aire%20libre&#038;url=https:\/\/radiorevelacionfm.cl\/?p=61197' aria-hidden='false' data-av_icon='\ue8fc' data-av_iconfont='entypo-fontello' title='' data-avia-related-tooltip='Compartir en LinkedIn' rel=\"noopener\"><span class='avia_hidden_link_text'>Compartir en LinkedIn<\/span><\/a><\/li><li class='av-share-link av-social-link-mail' ><a  aria-label=\"Compartir por correo\" href='mailto:?subject=P%C3%A1rvulos%20conmemoran%20D%C3%ADa%20de%20las%20%C3%81reas%20Protegidas%20con%20jornada%20de%20educaci%C3%B3n%20ambiental%20al%20aire%20libre&#038;body=https:\/\/radiorevelacionfm.cl\/?p=61197' aria-hidden='false' data-av_icon='\ue805' data-av_iconfont='entypo-fontello' title='' data-avia-related-tooltip='Compartir por correo'><span class='avia_hidden_link_text'>Compartir por correo<\/span><\/a><\/li><\/ul><\/div><\/div>\n<div  style='height:50px' class='hr hr-invisible   avia-builder-el-8  el_after_av_social_share  el_before_av_comments_list '><span class='hr-inner ' ><span class='hr-inner-style'><\/span><\/span><\/div>\n<div  class='av-buildercomment  av-blog-meta-html-info-disabled av-blog-meta-tag-disabled  '><\/div>\n","protected":false},"excerpt":{"rendered":"","protected":false},"author":1,"featured_media":61198,"comment_status":"closed","ping_status":"closed","sticky":false,"template":"","format":"standard","meta":{"footnotes":""},"categories":[39],"tags":[],"class_list":["post-61197","post","type-post","status-publish","format-standard","has-post-thumbnail","hentry","category-medio-ambiente"],"jetpack_featured_media_url":"https:\/\/radiorevelacionfm.cl\/wp-content\/uploads\/2025\/11\/jardin-2-1_optimized.jpg","_links":{"self":[{"href":"https:\/\/radiorevelacionfm.cl\/index.php?rest_route=\/wp\/v2\/posts\/61197","targetHints":{"allow":["GET"]}}],"collection":[{"href":"https:\/\/radiorevelacionfm.cl\/index.php?rest_route=\/wp\/v2\/posts"}],"about":[{"href":"https:\/\/radiorevelacionfm.cl\/index.php?rest_route=\/wp\/v2\/types\/post"}],"author":[{"embeddable":true,"href":"https:\/\/radiorevelacionfm.cl\/index.php?rest_route=\/wp\/v2\/users\/1"}],"replies":[{"embeddable":true,"href":"https:\/\/radiorevelacionfm.cl\/index.php?rest_route=%2Fwp%2Fv2%2Fcomments&post=61197"}],"version-history":[{"count":2,"href":"https:\/\/radiorevelacionfm.cl\/index.php?rest_route=\/wp\/v2\/posts\/61197\/revisions"}],"predecessor-version":[{"id":61216,"href":"https:\/\/radiorevelacionfm.cl\/index.php?rest_route=\/wp\/v2\/posts\/61197\/revisions\/61216"}],"wp:featuredmedia":[{"embeddable":true,"href":"https:\/\/radiorevelacionfm.cl\/index.php?rest_route=\/wp\/v2\/media\/61198"}],"wp:attachment":[{"href":"https:\/\/radiorevelacionfm.cl\/index.php?rest_route=%2Fwp%2Fv2%2Fmedia&parent=61197"}],"wp:term":[{"taxonomy":"category","embeddable":true,"href":"https:\/\/radiorevelacionfm.cl\/index.php?rest_route=%2Fwp%2Fv2%2Fcategories&post=61197"},{"taxonomy":"post_tag","embeddable":true,"href":"https:\/\/radiorevelacionfm.cl\/index.php?rest_route=%2Fwp%2Fv2%2Ftags&post=61197"}],"curies":[{"name":"wp","href":"https:\/\/api.w.org\/{rel}","templated":true}]}}