{"id":61194,"date":"2025-11-07T17:32:46","date_gmt":"2025-11-07T20:32:46","guid":{"rendered":"https:\/\/radiorevelacionfm.cl\/?p=61194"},"modified":"2025-11-07T17:32:46","modified_gmt":"2025-11-07T20:32:46","slug":"con-un-9915-de-cobertura-nacional-finalizo-la-aplicacion-del-simce-2025-en-4-basico","status":"publish","type":"post","link":"https:\/\/radiorevelacionfm.cl\/?p=61194","title":{"rendered":"Con un 99,15% de cobertura nacional finaliz\u00f3 la aplicaci\u00f3n del Simce 2025 en 4\u00b0 b\u00e1sico"},"content":{"rendered":"<div class=\"flex_column av_one_full  flex_column_div av-zero-column-padding first  avia-builder-el-0  el_before_av_one_full  avia-builder-el-first  \" style='border-radius:0px; '><div  class='avia-image-container  av-styling-    avia-builder-el-1  avia-builder-el-no-sibling  avia-align-center '  itemprop=\"image\" itemscope=\"itemscope\" itemtype=\"https:\/\/schema.org\/ImageObject\"  ><div class='avia-image-container-inner'><div class='avia-image-overlay-wrap'><img decoding=\"async\" class='wp-image-61195 avia-img-lazy-loading-not-61195 avia_image' src=\"https:\/\/radiorevelacionfm.cl\/wp-content\/uploads\/2025\/11\/simce-2025-1-1.jpg\" alt='' title='simce 2025 (1) (1)' height=\"600\" width=\"903\"  itemprop=\"thumbnailUrl\" srcset=\"https:\/\/radiorevelacionfm.cl\/wp-content\/uploads\/2025\/11\/simce-2025-1-1.jpg 903w, https:\/\/radiorevelacionfm.cl\/wp-content\/uploads\/2025\/11\/simce-2025-1-1-300x199.jpg 300w, https:\/\/radiorevelacionfm.cl\/wp-content\/uploads\/2025\/11\/simce-2025-1-1-768x510.jpg 768w, https:\/\/radiorevelacionfm.cl\/wp-content\/uploads\/2025\/11\/simce-2025-1-1-705x468.jpg 705w, https:\/\/radiorevelacionfm.cl\/wp-content\/uploads\/2025\/11\/simce-2025-1-1-450x299.jpg 450w, https:\/\/radiorevelacionfm.cl\/wp-content\/uploads\/2025\/11\/simce-2025-1-1-600x399.jpg 600w\" sizes=\"(max-width: 903px) 100vw, 903px\" \/><\/div><\/div><\/div><\/div><div class=\"flex_column av_one_full  flex_column_div av-zero-column-padding first  avia-builder-el-2  el_after_av_one_full  el_before_av_one_full  column-top-margin\" style='border-radius:0px; '><section class=\"av_textblock_section \"  itemscope=\"itemscope\" itemtype=\"https:\/\/schema.org\/BlogPosting\" itemprop=\"blogPost\" ><div class='avia_textblock  '   itemprop=\"text\" ><p style=\"text-align: center;\"><span style=\"font-size: 18pt;\"><b><span lang=\"EN-US\">Con un 99,15% de cobertura nacional finaliz\u00f3 la aplicaci\u00f3n del Simce 2025 en 4\u00b0 b\u00e1sico<\/span><\/b><\/span><\/p>\n<div id=\"gtx-trans\" style=\"position: absolute; left: -50px; top: 4.31534px;\">\n<div class=\"gtx-trans-icon\"><\/div>\n<\/div>\n<\/div><\/section><\/div><div class=\"flex_column av_one_full  flex_column_div av-zero-column-padding first  avia-builder-el-4  el_after_av_one_full  el_before_av_hr  column-top-margin\" style='border-radius:0px; '><section class=\"av_textblock_section \"  itemscope=\"itemscope\" itemtype=\"https:\/\/schema.org\/BlogPosting\" itemprop=\"blogPost\" ><div class='avia_textblock  '   itemprop=\"text\" ><p style=\"font-weight: 400; text-align: justify;\"><em>En la Regi\u00f3n de Ays\u00e9n, m\u00e1s de mil quinientos estudiantes de cuarto b\u00e1sico, pertenecientes a 75 cursos y 58 establecimientos de las cuatro provincias del territorio.<\/em><\/p>\n<p style=\"font-weight: 400; text-align: justify;\">Con total normalidad, este jueves 6 de noviembre finaliz\u00f3 el proceso de rendici\u00f3n del Simce 2025 para el nivel de 4\u00b0 b\u00e1sico, que se desarroll\u00f3 en establecimientos educacionales de todas las regiones del pa\u00eds, alcanzando una cobertura nacional del 99,15%.<\/p>\n<p style=\"font-weight: 400; text-align: justify;\">La evaluaci\u00f3n se realiz\u00f3 en dos jornadas: mi\u00e9rcoles 5 de noviembre se aplic\u00f3 la prueba de Matem\u00e1tica junto a los Cuestionarios de Calidad y Contexto, mientras que el jueves 6 se desarroll\u00f3 la prueba de Lectura. En total, participaron 263.539 estudiantes, distribuidos en 9.987 cursos y pertenecientes a 7.135 establecimientos a nivel nacional.<\/p>\n<p style=\"font-weight: 400; text-align: justify;\">Este proceso corresponde a la segunda de las tres aplicaciones programadas para 2025, que incluyen los niveles de 4\u00b0 b\u00e1sico (ya finalizada), 8\u00b0 b\u00e1sico (aplicada en octubre) y II medio, que se rendir\u00e1 los d\u00edas 11 y 12 de noviembre.<\/p>\n<p style=\"font-weight: 400; text-align: justify;\">Desde el Ministerio de Educaci\u00f3n se ha reafirmado el compromiso de entregar los resultados del Simce 2025 durante el mes de marzo, como se ha venido realizando en los \u00faltimos a\u00f1os, con el objetivo de permitir a los equipos directivos y docentes contar oportunamente con informaci\u00f3n que oriente la toma de decisiones.<\/p>\n<p style=\"font-weight: 400; text-align: justify;\"><strong>Compromiso regional<\/strong><\/p>\n<p style=\"font-weight: 400; text-align: justify;\">En la Regi\u00f3n de Ays\u00e9n, m\u00e1s de mil quinientos estudiantes de cuarto b\u00e1sico, pertenecientes a 75 cursos y 58 entablementos de las cuatro provincias del territorio\u00a0participaron de la aplicaci\u00f3n del Simce 2025. El proceso se desarroll\u00f3 de manera \u00f3ptima y ordenada en los distintos establecimientos educacionales, destacando la responsabilidad de las comunidades escolares, equipos directivos y aplicadores.<\/p>\n<p style=\"font-weight: 400; text-align: justify;\">\u201cDurante la jornada de aplicaci\u00f3n del Simce 2025 para Cuartos B\u00e1sicos, m\u00e1s de mil quinientos estudiantes pertenecientes a las cuatro provincias de nuestra regi\u00f3n participaron en el proceso, el cual se desarroll\u00f3 de manera \u00f3ptima y ordenada en los distintos establecimientos educacionales, gracias al compromiso de las comunidades escolares, los equipos directivos y los aplicadores. El Simce cumple un rol fundamental al diagnosticar el estado de los aprendizajes de las y los estudiantes en Chile, permitiendo tomar decisiones pedag\u00f3gicas informadas, especialmente en el contexto de recuperaci\u00f3n postpandemia. Esta evaluaci\u00f3n censal entrega informaci\u00f3n clave a los establecimientos, docentes y familias para evaluar el logro de habilidades curriculares, planificar refuerzos y orientar la mejora educativa\u201d, se\u00f1al\u00f3 Katherine Miqueles, Seremi de Educaci\u00f3n de la Regi\u00f3n de Ays\u00e9n.<\/p>\n<p style=\"font-weight: 400; text-align: justify;\"><strong>Consultas y reclamos<\/strong><\/p>\n<p style=\"font-weight: 400; text-align: justify;\">Las y los directores, docentes, sostenedores o apoderados que tengan consultas o reclamos sobre la aplicaci\u00f3n pueden comunicarse al 600 225 43 23 (opci\u00f3n 3) o ingresar a la OIRS de la Agencia de Calidad de la Educaci\u00f3n:<\/p>\n<p style=\"font-weight: 400; text-align: justify;\"><a href=\"https:\/\/formulario.agenciaeducacion.cl\/solicitud_cargar\" data-saferedirecturl=\"https:\/\/www.google.com\/url?q=https:\/\/formulario.agenciaeducacion.cl\/solicitud_cargar&amp;source=gmail&amp;ust=1762630157309000&amp;usg=AOvVaw2bHmzdC0ztSkXjILIYa63w\">https:\/\/formulario.agenciaeducacion.cl\/solicitud_cargar<\/a><\/p>\n<\/div><\/section><\/div><div  style='height:50px' class='hr hr-invisible   avia-builder-el-6  el_after_av_one_full  el_before_av_social_share '><span class='hr-inner ' ><span class='hr-inner-style'><\/span><\/span><\/div><\/p>\n<div  class='av-social-sharing-box  avia-builder-el-7  el_after_av_hr  el_before_av_hr  '><div class='av-share-box'><h5 class='av-share-link-description av-no-toc '>Compartir esta noticia<\/h5><ul class='av-share-box-list noLightbox'><li class='av-share-link av-social-link-facebook' ><a target=\"_blank\" aria-label=\"Compartir en Facebook\" href='https:\/\/www.facebook.com\/sharer.php?u=https:\/\/radiorevelacionfm.cl\/?p=61194&#038;t=Con%20un%2099%2C15%25%20de%20cobertura%20nacional%20finaliz%C3%B3%20la%20aplicaci%C3%B3n%20del%20Simce%202025%20en%204%C2%B0%20b%C3%A1sico' aria-hidden='false' data-av_icon='\ue8f3' data-av_iconfont='entypo-fontello' title='' data-avia-related-tooltip='Compartir en Facebook' rel=\"noopener\"><span class='avia_hidden_link_text'>Compartir en Facebook<\/span><\/a><\/li><li class='av-share-link av-social-link-twitter' ><a target=\"_blank\" aria-label=\"Compartir en Twitter\" href='https:\/\/twitter.com\/share?text=Con%20un%2099%2C15%25%20de%20cobertura%20nacional%20finaliz%C3%B3%20la%20aplicaci%C3%B3n%20del%20Simce%202025%20en%204%C2%B0%20b%C3%A1sico&#038;url=https:\/\/radiorevelacionfm.cl\/?p=61194' aria-hidden='false' data-av_icon='\ue8f1' data-av_iconfont='entypo-fontello' title='' data-avia-related-tooltip='Compartir en Twitter' rel=\"noopener\"><span class='avia_hidden_link_text'>Compartir en Twitter<\/span><\/a><\/li><li class='av-share-link av-social-link-whatsapp' ><a target=\"_blank\" aria-label=\"Compartir en Whatsapp\" href='https:\/\/api.whatsapp.com\/send?text=https:\/\/radiorevelacionfm.cl\/?p=61194' aria-hidden='false' data-av_icon='\uf232' data-av_iconfont='entypo-fontello' title='' data-avia-related-tooltip='Compartir en Whatsapp' rel=\"noopener\"><span class='avia_hidden_link_text'>Compartir en Whatsapp<\/span><\/a><\/li><li class='av-share-link av-social-link-linkedin' ><a target=\"_blank\" aria-label=\"Compartir en LinkedIn\" href='https:\/\/linkedin.com\/shareArticle?mini=true&#038;title=Con%20un%2099%2C15%25%20de%20cobertura%20nacional%20finaliz%C3%B3%20la%20aplicaci%C3%B3n%20del%20Simce%202025%20en%204%C2%B0%20b%C3%A1sico&#038;url=https:\/\/radiorevelacionfm.cl\/?p=61194' aria-hidden='false' data-av_icon='\ue8fc' data-av_iconfont='entypo-fontello' title='' data-avia-related-tooltip='Compartir en LinkedIn' rel=\"noopener\"><span class='avia_hidden_link_text'>Compartir en LinkedIn<\/span><\/a><\/li><li class='av-share-link av-social-link-mail' ><a  aria-label=\"Compartir por correo\" href='mailto:?subject=Con%20un%2099%2C15%25%20de%20cobertura%20nacional%20finaliz%C3%B3%20la%20aplicaci%C3%B3n%20del%20Simce%202025%20en%204%C2%B0%20b%C3%A1sico&#038;body=https:\/\/radiorevelacionfm.cl\/?p=61194' aria-hidden='false' data-av_icon='\ue805' data-av_iconfont='entypo-fontello' title='' data-avia-related-tooltip='Compartir por correo'><span class='avia_hidden_link_text'>Compartir por correo<\/span><\/a><\/li><\/ul><\/div><\/div>\n<div  style='height:50px' class='hr hr-invisible   avia-builder-el-8  el_after_av_social_share  el_before_av_comments_list '><span class='hr-inner ' ><span class='hr-inner-style'><\/span><\/span><\/div>\n<div  class='av-buildercomment  av-blog-meta-html-info-disabled av-blog-meta-tag-disabled  '><\/div>\n","protected":false},"excerpt":{"rendered":"","protected":false},"author":1,"featured_media":61195,"comment_status":"closed","ping_status":"closed","sticky":false,"template":"","format":"standard","meta":{"footnotes":""},"categories":[49],"tags":[],"class_list":["post-61194","post","type-post","status-publish","format-standard","has-post-thumbnail","hentry","category-educacion"],"jetpack_featured_media_url":"https:\/\/radiorevelacionfm.cl\/wp-content\/uploads\/2025\/11\/simce-2025-1-1.jpg","_links":{"self":[{"href":"https:\/\/radiorevelacionfm.cl\/index.php?rest_route=\/wp\/v2\/posts\/61194","targetHints":{"allow":["GET"]}}],"collection":[{"href":"https:\/\/radiorevelacionfm.cl\/index.php?rest_route=\/wp\/v2\/posts"}],"about":[{"href":"https:\/\/radiorevelacionfm.cl\/index.php?rest_route=\/wp\/v2\/types\/post"}],"author":[{"embeddable":true,"href":"https:\/\/radiorevelacionfm.cl\/index.php?rest_route=\/wp\/v2\/users\/1"}],"replies":[{"embeddable":true,"href":"https:\/\/radiorevelacionfm.cl\/index.php?rest_route=%2Fwp%2Fv2%2Fcomments&post=61194"}],"version-history":[{"count":2,"href":"https:\/\/radiorevelacionfm.cl\/index.php?rest_route=\/wp\/v2\/posts\/61194\/revisions"}],"predecessor-version":[{"id":61204,"href":"https:\/\/radiorevelacionfm.cl\/index.php?rest_route=\/wp\/v2\/posts\/61194\/revisions\/61204"}],"wp:featuredmedia":[{"embeddable":true,"href":"https:\/\/radiorevelacionfm.cl\/index.php?rest_route=\/wp\/v2\/media\/61195"}],"wp:attachment":[{"href":"https:\/\/radiorevelacionfm.cl\/index.php?rest_route=%2Fwp%2Fv2%2Fmedia&parent=61194"}],"wp:term":[{"taxonomy":"category","embeddable":true,"href":"https:\/\/radiorevelacionfm.cl\/index.php?rest_route=%2Fwp%2Fv2%2Fcategories&post=61194"},{"taxonomy":"post_tag","embeddable":true,"href":"https:\/\/radiorevelacionfm.cl\/index.php?rest_route=%2Fwp%2Fv2%2Ftags&post=61194"}],"curies":[{"name":"wp","href":"https:\/\/api.w.org\/{rel}","templated":true}]}}