{"id":61191,"date":"2025-11-07T17:01:29","date_gmt":"2025-11-07T20:01:29","guid":{"rendered":"https:\/\/radiorevelacionfm.cl\/?p=61191"},"modified":"2025-11-07T17:01:29","modified_gmt":"2025-11-07T20:01:29","slug":"ministra-de-la-corte-suprema-gloria-ana-chevesich-realizara-visita-a-la-jurisdiccion-de-coyhaique","status":"publish","type":"post","link":"https:\/\/radiorevelacionfm.cl\/?p=61191","title":{"rendered":"Ministra de la Corte Suprema Gloria Ana Chevesich realizar\u00e1 visita a la jurisdicci\u00f3n de Coyhaique"},"content":{"rendered":"<div class=\"flex_column av_one_full  flex_column_div av-zero-column-padding first  avia-builder-el-0  el_before_av_one_full  avia-builder-el-first  \" style='border-radius:0px; '><div  class='avia-image-container  av-styling-    avia-builder-el-1  avia-builder-el-no-sibling  avia-align-center '  itemprop=\"image\" itemscope=\"itemscope\" itemtype=\"https:\/\/schema.org\/ImageObject\"  ><div class='avia-image-container-inner'><div class='avia-image-overlay-wrap'><img decoding=\"async\" class='wp-image-61192 avia-img-lazy-loading-not-61192 avia_image' src=\"https:\/\/radiorevelacionfm.cl\/wp-content\/uploads\/2025\/11\/Ministra-Chevesich-1-1.jpeg\" alt='' title='Ministra Chevesich (1) (1)' height=\"600\" width=\"775\"  itemprop=\"thumbnailUrl\" srcset=\"https:\/\/radiorevelacionfm.cl\/wp-content\/uploads\/2025\/11\/Ministra-Chevesich-1-1.jpeg 775w, https:\/\/radiorevelacionfm.cl\/wp-content\/uploads\/2025\/11\/Ministra-Chevesich-1-1-300x232.jpeg 300w, https:\/\/radiorevelacionfm.cl\/wp-content\/uploads\/2025\/11\/Ministra-Chevesich-1-1-768x595.jpeg 768w, https:\/\/radiorevelacionfm.cl\/wp-content\/uploads\/2025\/11\/Ministra-Chevesich-1-1-705x546.jpeg 705w, https:\/\/radiorevelacionfm.cl\/wp-content\/uploads\/2025\/11\/Ministra-Chevesich-1-1-450x348.jpeg 450w, https:\/\/radiorevelacionfm.cl\/wp-content\/uploads\/2025\/11\/Ministra-Chevesich-1-1-600x465.jpeg 600w\" sizes=\"(max-width: 775px) 100vw, 775px\" \/><\/div><\/div><\/div><\/div><div class=\"flex_column av_one_full  flex_column_div av-zero-column-padding first  avia-builder-el-2  el_after_av_one_full  el_before_av_one_full  column-top-margin\" style='border-radius:0px; '><section class=\"av_textblock_section \"  itemscope=\"itemscope\" itemtype=\"https:\/\/schema.org\/BlogPosting\" itemprop=\"blogPost\" ><div class='avia_textblock  '   itemprop=\"text\" ><p style=\"text-align: center;\"><span style=\"font-size: 18pt;\"><b>Ministra de la Corte Suprema Gloria Ana Chevesich realizar\u00e1 visita a la jurisdicci\u00f3n de Coyhaique<\/b><\/span><\/p>\n<div id=\"gtx-trans\" style=\"position: absolute; left: -50px; top: 4.31534px;\">\n<div class=\"gtx-trans-icon\"><\/div>\n<\/div>\n<\/div><\/section><\/div><div class=\"flex_column av_one_full  flex_column_div av-zero-column-padding first  avia-builder-el-4  el_after_av_one_full  el_before_av_hr  column-top-margin\" style='border-radius:0px; '><section class=\"av_textblock_section \"  itemscope=\"itemscope\" itemtype=\"https:\/\/schema.org\/BlogPosting\" itemprop=\"blogPost\" ><div class='avia_textblock  '   itemprop=\"text\" ><p style=\"font-weight: 400; text-align: justify;\">La ministra de la Corte Suprema Gloria Ana Chevesich Ruiz desarrollar\u00e1 entre el 10 y el 14 de noviembre una visita a la regi\u00f3n de Ays\u00e9n con el objetivo de supervisar el funcionamiento jurisdiccional\u00a0 y administrativo de los tribunales, con el objetivo de fortalecer la gesti\u00f3n judicial y promover la vinculaci\u00f3n del Poder Judicial con la comunidad regional.<\/p>\n<p style=\"font-weight: 400; text-align: justify;\">Durante su recorrido, la ministra visitar\u00e1 los tribunales de Chile Chico, Cochrane, Puerto Ays\u00e9n, Puerto Cisnes y Coyhaique, sosteniendo reuniones protocolares con magistrados, funcionarios y autoridades locales, adem\u00e1s de encuentros de trabajo con el Pleno de Ministros de la Corte de Apelaciones encabezado por su presidente, ministro Pedro Castro Espinoza.<\/p>\n<p style=\"font-weight: 400; text-align: justify;\">El programa contempla tambi\u00e9n la revisi\u00f3n de la labor de las unidades jurisdiccionales y administrativas, junto con la detecci\u00f3n de buenas pr\u00e1cticas en gesti\u00f3n, atenci\u00f3n de usuarios y uso de herramientas tecnol\u00f3gicas que facilitan el acceso a la justicia en zonas apartadas.<\/p>\n<\/div><\/section><\/div><div  style='height:50px' class='hr hr-invisible   avia-builder-el-6  el_after_av_one_full  el_before_av_social_share '><span class='hr-inner ' ><span class='hr-inner-style'><\/span><\/span><\/div><\/p>\n<div  class='av-social-sharing-box  avia-builder-el-7  el_after_av_hr  el_before_av_hr  '><div class='av-share-box'><h5 class='av-share-link-description av-no-toc '>Compartir esta noticia<\/h5><ul class='av-share-box-list noLightbox'><li class='av-share-link av-social-link-facebook' ><a target=\"_blank\" aria-label=\"Compartir en Facebook\" href='https:\/\/www.facebook.com\/sharer.php?u=https:\/\/radiorevelacionfm.cl\/?p=61191&#038;t=Ministra%20de%20la%20Corte%20Suprema%20Gloria%20Ana%20Chevesich%20realizar%C3%A1%20visita%20a%20la%20jurisdicci%C3%B3n%20de%20Coyhaique' aria-hidden='false' data-av_icon='\ue8f3' data-av_iconfont='entypo-fontello' title='' data-avia-related-tooltip='Compartir en Facebook' rel=\"noopener\"><span class='avia_hidden_link_text'>Compartir en Facebook<\/span><\/a><\/li><li class='av-share-link av-social-link-twitter' ><a target=\"_blank\" aria-label=\"Compartir en Twitter\" href='https:\/\/twitter.com\/share?text=Ministra%20de%20la%20Corte%20Suprema%20Gloria%20Ana%20Chevesich%20realizar%C3%A1%20visita%20a%20la%20jurisdicci%C3%B3n%20de%20Coyhaique&#038;url=https:\/\/radiorevelacionfm.cl\/?p=61191' aria-hidden='false' data-av_icon='\ue8f1' data-av_iconfont='entypo-fontello' title='' data-avia-related-tooltip='Compartir en Twitter' rel=\"noopener\"><span class='avia_hidden_link_text'>Compartir en Twitter<\/span><\/a><\/li><li class='av-share-link av-social-link-whatsapp' ><a target=\"_blank\" aria-label=\"Compartir en Whatsapp\" href='https:\/\/api.whatsapp.com\/send?text=https:\/\/radiorevelacionfm.cl\/?p=61191' aria-hidden='false' data-av_icon='\uf232' data-av_iconfont='entypo-fontello' title='' data-avia-related-tooltip='Compartir en Whatsapp' rel=\"noopener\"><span class='avia_hidden_link_text'>Compartir en Whatsapp<\/span><\/a><\/li><li class='av-share-link av-social-link-linkedin' ><a target=\"_blank\" aria-label=\"Compartir en LinkedIn\" href='https:\/\/linkedin.com\/shareArticle?mini=true&#038;title=Ministra%20de%20la%20Corte%20Suprema%20Gloria%20Ana%20Chevesich%20realizar%C3%A1%20visita%20a%20la%20jurisdicci%C3%B3n%20de%20Coyhaique&#038;url=https:\/\/radiorevelacionfm.cl\/?p=61191' aria-hidden='false' data-av_icon='\ue8fc' data-av_iconfont='entypo-fontello' title='' data-avia-related-tooltip='Compartir en LinkedIn' rel=\"noopener\"><span class='avia_hidden_link_text'>Compartir en LinkedIn<\/span><\/a><\/li><li class='av-share-link av-social-link-mail' ><a  aria-label=\"Compartir por correo\" href='mailto:?subject=Ministra%20de%20la%20Corte%20Suprema%20Gloria%20Ana%20Chevesich%20realizar%C3%A1%20visita%20a%20la%20jurisdicci%C3%B3n%20de%20Coyhaique&#038;body=https:\/\/radiorevelacionfm.cl\/?p=61191' aria-hidden='false' data-av_icon='\ue805' data-av_iconfont='entypo-fontello' title='' data-avia-related-tooltip='Compartir por correo'><span class='avia_hidden_link_text'>Compartir por correo<\/span><\/a><\/li><\/ul><\/div><\/div>\n<div  style='height:50px' class='hr hr-invisible   avia-builder-el-8  el_after_av_social_share  el_before_av_comments_list '><span class='hr-inner ' ><span class='hr-inner-style'><\/span><\/span><\/div>\n<div  class='av-buildercomment  av-blog-meta-html-info-disabled av-blog-meta-tag-disabled  '><\/div>\n","protected":false},"excerpt":{"rendered":"","protected":false},"author":1,"featured_media":61192,"comment_status":"closed","ping_status":"closed","sticky":false,"template":"","format":"standard","meta":{"footnotes":""},"categories":[55],"tags":[],"class_list":["post-61191","post","type-post","status-publish","format-standard","has-post-thumbnail","hentry","category-justicia"],"jetpack_featured_media_url":"https:\/\/radiorevelacionfm.cl\/wp-content\/uploads\/2025\/11\/Ministra-Chevesich-1-1.jpeg","_links":{"self":[{"href":"https:\/\/radiorevelacionfm.cl\/index.php?rest_route=\/wp\/v2\/posts\/61191","targetHints":{"allow":["GET"]}}],"collection":[{"href":"https:\/\/radiorevelacionfm.cl\/index.php?rest_route=\/wp\/v2\/posts"}],"about":[{"href":"https:\/\/radiorevelacionfm.cl\/index.php?rest_route=\/wp\/v2\/types\/post"}],"author":[{"embeddable":true,"href":"https:\/\/radiorevelacionfm.cl\/index.php?rest_route=\/wp\/v2\/users\/1"}],"replies":[{"embeddable":true,"href":"https:\/\/radiorevelacionfm.cl\/index.php?rest_route=%2Fwp%2Fv2%2Fcomments&post=61191"}],"version-history":[{"count":2,"href":"https:\/\/radiorevelacionfm.cl\/index.php?rest_route=\/wp\/v2\/posts\/61191\/revisions"}],"predecessor-version":[{"id":61200,"href":"https:\/\/radiorevelacionfm.cl\/index.php?rest_route=\/wp\/v2\/posts\/61191\/revisions\/61200"}],"wp:featuredmedia":[{"embeddable":true,"href":"https:\/\/radiorevelacionfm.cl\/index.php?rest_route=\/wp\/v2\/media\/61192"}],"wp:attachment":[{"href":"https:\/\/radiorevelacionfm.cl\/index.php?rest_route=%2Fwp%2Fv2%2Fmedia&parent=61191"}],"wp:term":[{"taxonomy":"category","embeddable":true,"href":"https:\/\/radiorevelacionfm.cl\/index.php?rest_route=%2Fwp%2Fv2%2Fcategories&post=61191"},{"taxonomy":"post_tag","embeddable":true,"href":"https:\/\/radiorevelacionfm.cl\/index.php?rest_route=%2Fwp%2Fv2%2Ftags&post=61191"}],"curies":[{"name":"wp","href":"https:\/\/api.w.org\/{rel}","templated":true}]}}