{"id":61184,"date":"2025-11-07T11:53:44","date_gmt":"2025-11-07T14:53:44","guid":{"rendered":"https:\/\/radiorevelacionfm.cl\/?p=61184"},"modified":"2025-11-07T11:53:44","modified_gmt":"2025-11-07T14:53:44","slug":"carabineros-conmemora-60-anos-del-fallecimiento-del-teniente-hernan-merino-correa-y-general-director-inaugura-museo-historico-en-puerto-aysen","status":"publish","type":"post","link":"https:\/\/radiorevelacionfm.cl\/?p=61184","title":{"rendered":"Carabineros Conmemora 60 A\u00f1os del fallecimiento del Teniente Hern\u00e1n Merino Correa y General Director Inaugura Museo Hist\u00f3rico en Puerto Ays\u00e9n"},"content":{"rendered":"<div class=\"flex_column av_one_full  flex_column_div av-zero-column-padding first  avia-builder-el-0  el_before_av_one_full  avia-builder-el-first  \" style='border-radius:0px; '><div  class='avia-image-container  av-styling-    avia-builder-el-1  avia-builder-el-no-sibling  avia-align-center '  itemprop=\"image\" itemscope=\"itemscope\" itemtype=\"https:\/\/schema.org\/ImageObject\"  ><div class='avia-image-container-inner'><div class='avia-image-overlay-wrap'><img decoding=\"async\" class='wp-image-61185 avia-img-lazy-loading-not-61185 avia_image' src=\"https:\/\/radiorevelacionfm.cl\/wp-content\/uploads\/2025\/11\/5bc3a577-a92d-446c-a5a9-594b3447bb2a-1_optimized.jpg\" alt='' title='5bc3a577-a92d-446c-a5a9-594b3447bb2a-(1)_optimized' height=\"600\" width=\"1067\"  itemprop=\"thumbnailUrl\" srcset=\"https:\/\/radiorevelacionfm.cl\/wp-content\/uploads\/2025\/11\/5bc3a577-a92d-446c-a5a9-594b3447bb2a-1_optimized.jpg 1067w, https:\/\/radiorevelacionfm.cl\/wp-content\/uploads\/2025\/11\/5bc3a577-a92d-446c-a5a9-594b3447bb2a-1_optimized-300x169.jpg 300w, https:\/\/radiorevelacionfm.cl\/wp-content\/uploads\/2025\/11\/5bc3a577-a92d-446c-a5a9-594b3447bb2a-1_optimized-1030x579.jpg 1030w, https:\/\/radiorevelacionfm.cl\/wp-content\/uploads\/2025\/11\/5bc3a577-a92d-446c-a5a9-594b3447bb2a-1_optimized-768x432.jpg 768w, https:\/\/radiorevelacionfm.cl\/wp-content\/uploads\/2025\/11\/5bc3a577-a92d-446c-a5a9-594b3447bb2a-1_optimized-705x396.jpg 705w, https:\/\/radiorevelacionfm.cl\/wp-content\/uploads\/2025\/11\/5bc3a577-a92d-446c-a5a9-594b3447bb2a-1_optimized-450x253.jpg 450w, https:\/\/radiorevelacionfm.cl\/wp-content\/uploads\/2025\/11\/5bc3a577-a92d-446c-a5a9-594b3447bb2a-1_optimized-600x337.jpg 600w\" sizes=\"(max-width: 1067px) 100vw, 1067px\" \/><\/div><\/div><\/div><\/div><div class=\"flex_column av_one_full  flex_column_div av-zero-column-padding first  avia-builder-el-2  el_after_av_one_full  el_before_av_one_full  column-top-margin\" style='border-radius:0px; '><section class=\"av_textblock_section \"  itemscope=\"itemscope\" itemtype=\"https:\/\/schema.org\/BlogPosting\" itemprop=\"blogPost\" ><div class='avia_textblock  '   itemprop=\"text\" ><p style=\"text-align: center;\"><span style=\"font-size: 18pt;\"><strong>Carabineros Conmemora 60 A\u00f1os del fallecimiento del Teniente Hern\u00e1n Merino Correa y General Director Inaugura Museo Hist\u00f3rico en Puerto Ays\u00e9n<\/strong><\/span><\/p>\n<div id=\"gtx-trans\" style=\"position: absolute; left: -50px; top: 4.31534px;\">\n<div class=\"gtx-trans-icon\"><\/div>\n<\/div>\n<\/div><\/section><\/div><div class=\"flex_column av_one_full  flex_column_div av-zero-column-padding first  avia-builder-el-4  el_after_av_one_full  el_before_av_hr  column-top-margin\" style='border-radius:0px; '><section class=\"av_textblock_section \"  itemscope=\"itemscope\" itemtype=\"https:\/\/schema.org\/BlogPosting\" itemprop=\"blogPost\" ><div class='avia_textblock  '   itemprop=\"text\" ><p dir=\"ltr\" style=\"text-align: justify;\" role=\"presentation\"><em>A trav\u00e9s de esta ceremonia, Carabineros honra la memoria y el sacrificio de un hombre que se transform\u00f3 en un s\u00edmbolo imperecedero de patriotismo y deber, cuya figura es sin\u00f3nimo de juramento, lealtad a la soberan\u00eda y a la patria que honr\u00f3 y defendi\u00f3 con su vida.\u00a0<\/em><\/p>\n<p dir=\"ltr\" role=\"presentation\"><em>\u201cA su corta edad, no s\u00f3lo hizo mucho, sino que hizo todo y ese todo lo inmortaliz\u00f3\u201d, expres\u00f3 el General Director de Carabineros de Chile, Marcelo Araya Zapata.<\/em><\/p>\n<p dir=\"ltr\" style=\"text-align: justify;\">Con un minuto de silencio en memoria de nuestros hombres y mujeres m\u00e1rtires institucionales quienes a lo largo de nuestra historia \u2014en cumplimiento a su juramento de servicio\u2014 han rendido la vida en defensa del orden y de la patria, se desarroll\u00f3 la ceremonia de conmemoraci\u00f3n de los 60 a\u00f1os de la muerte del Teniente Hern\u00e1n Merino Correa, \u201cH\u00e9roe de Chile\u201d, guardi\u00e1n de la soberan\u00eda y los l\u00edmites cordilleranos de nuestra patria.<\/p>\n<p dir=\"ltr\" style=\"text-align: justify;\">La ceremonia presidida por el Ministro de Seguridad P\u00fablica, Luis Cordero Vega, cont\u00f3 con la presencia del General Director de Carabineros, Marcelo Araya Zapata; el Director General de la Polic\u00eda de Investigaciones de Chile, Eduardo Cerna Lozano; el Gobernador Regional de Ays\u00e9n, Marcelo Santana Vargas; el Delegado Presidencial Regional de Ays\u00e9n, Jorge D\u00edaz Guzm\u00e1n, parlamentarios, el Contralor Regional, Ricardo Hevia Kaluf; el Fiscal Regional del Ministerio P\u00fablico, Hern\u00e1n Libedinsky Moscovich; la Seremi de Seguridad P\u00fablica, Ruth Vallejos Cuiti\u00f1o; el Alcalde de Ays\u00e9n, Luis Mart\u00ednez Gallardo, miembros del sal\u00f3n Teniente Merino de Valpara\u00edso y Ecuador, Oficiales de las Fuerzas Armadas, autoridades y la comunidad.<\/p>\n<p dir=\"ltr\" style=\"text-align: justify;\"><strong>S\u00edmbolo de patriotismo y deber<\/strong><\/p>\n<p dir=\"ltr\" style=\"text-align: justify;\">A trav\u00e9s de esta ceremonia, Carabineros honra la memoria y el sacrificio de un hombre que se transform\u00f3 en un s\u00edmbolo imperecedero de patriotismo y deber, quien rindi\u00f3 la vida en defensa de la soberan\u00eda y la patria.<\/p>\n<p dir=\"ltr\" style=\"text-align: justify;\">Hoy se cumplen 60 a\u00f1os de aquel fat\u00eddico 6 de noviembre de 1965 tras los sucesos de Laguna del Desierto. Seis d\u00e9cadas despu\u00e9s no han logrado apagar la llama de su valent\u00eda, acto que lo elev\u00f3 a la categor\u00eda de \u201cH\u00e9roe de Chile\u201d.<\/p>\n<p dir=\"ltr\" style=\"text-align: justify;\">Su nombre es hoy sin\u00f3nimo de juramento, de lealtad a la soberan\u00eda, a la patria a la que honr\u00f3 y defendi\u00f3 con su vida.<\/p>\n<p dir=\"ltr\" style=\"text-align: justify;\">El General Director de Carabineros de Chile, Marcelo Araya Zapata, se\u00f1al\u00f3 que la figura del Teniente Hern\u00e1n Merino Correa posee una especial trascendencia en virtud de su historia, vocaci\u00f3n de servicio, entrega, compromiso, sacrificio y eterno legado de amor expresado al pa\u00eds, sumado a su inquebrantable profesionalismo demostrado en el cumplimiento de su misi\u00f3n.<\/p>\n<p dir=\"ltr\" style=\"text-align: justify;\">\u201cSu ejemplo de hero\u00edsmo ha sido, es y ser\u00e1 por siempre fuente permanente de inspiraci\u00f3n, no solo para las generaciones de Carabineros del ayer y las del futuro y para todos aquellos hombres y mujeres que llevan adelante la trascendental misi\u00f3n de resguardar la soberan\u00eda y la seguridad de nuestro territorio nacional\u201d, indic\u00f3.<\/p>\n<p dir=\"ltr\" style=\"text-align: justify;\">A 60 a\u00f1os de los sucesos de Laguna del Desierto, cuarteles de Carabineros, poblaciones, calles, plazas, establecimientos educacionales llevan el nombre del Teniente Hern\u00e1n Merino Correa, en se\u00f1al de recuerdo y homenaje de este insigne Oficial nacido en Antofagasta un 17 de julio del a\u00f1o 1936.<\/p>\n<p dir=\"ltr\" style=\"text-align: justify;\">\u201cTras egresar de Carabineros y con solo 27 a\u00f1os de edad, ya hab\u00eda protagonizado varios hechos que evidenciaban su arrojo y valent\u00eda, como es socorrer a habitantes de Valdivia tras el terremoto de 1960. Tambi\u00e9n salv\u00f3 a una madre y su peque\u00f1o hijo tras caer a las caudalosas aguas del r\u00edo Mininco y en Puerto Ays\u00e9n rescat\u00f3 al \u00fanico sobreviviente de un accidente a\u00e9reo tras cargarlo por varias horas en sus hombros hasta recibir ayuda m\u00e9dica. Es decir, estamos en presencia de un joven Oficial que destacaba por su profundo amor a Chile y especial cercan\u00eda con la comunidad\u201d, expres\u00f3 el General Director de Carabineros.<\/p>\n<p dir=\"ltr\" style=\"text-align: justify;\">Inspirador de la doctrina y la historia institucional<\/p>\n<p dir=\"ltr\" style=\"text-align: justify;\">El General Araya resalt\u00f3 \u201cno s\u00f3lo la figura del Oficial, de la gran persona, sino tambi\u00e9n del l\u00edder que estaba frente a su contingente, del que guiaba y marcaba el rumbo corrigiendo a los suyos y del que reflejaba el mismo mando por esencia\u201d.<\/p>\n<p dir=\"ltr\" style=\"text-align: justify;\">El Teniente Merino, estando al mando de la entonces Tenencia Cochrane, recorr\u00eda el territorio en caballo, conversaba a diario con los pobladores y les brindaba orientaciones con el af\u00e1n de colaborar al fortalecimiento de la seguridad y tranquilidad, colocando en el centro \u2014como todo buen carabinero\u2014 el bienestar y la calidad de vida de las personas a las que sirve con visi\u00f3n, integridad y compromiso.<\/p>\n<p dir=\"ltr\" style=\"text-align: justify;\">\u201cA su corta edad, no s\u00f3lo hizo mucho, sino que hizo todo y ese todo lo inmortaliz\u00f3, ya que el Teniente Merino no tuvo otra aspiraci\u00f3n que la de servir y no vislumbr\u00f3 que ese traspasar\u00eda la barrera del tiempo y se renovar\u00eda generaci\u00f3n tras generaci\u00f3n\u201d, a\u00f1adi\u00f3.<\/p>\n<p dir=\"ltr\" style=\"text-align: justify;\">El insigne Oficial encarn\u00f3 acciones y principios que hoy son representados a trav\u00e9s de la doctrina y la historia institucional, porque \u201csiempre viven los que por la patria mueren\u201d, expres\u00f3 el General Director Marcelo Araya.<\/p>\n<p dir=\"ltr\" style=\"text-align: justify;\">Durante la jornada, las autoridades y representantes de diversas instituciones efectuaron la colocaci\u00f3n de ofrendas florales a los pies del \u201cH\u00e9roe de Chile\u201d, en reconocimiento al patriotismo y al deber.<\/p>\n<p dir=\"ltr\" style=\"text-align: justify;\"><strong>Creaci\u00f3n Museo Hist\u00f3rico de Carabineros Puerto Ays\u00e9n<\/strong><\/p>\n<p dir=\"ltr\" style=\"text-align: justify;\">Durante la ceremonia, el General Director de Carabineros de Chile, Marcelo Araya Zapata, efectu\u00f3 la firma de la orden general que crea el Museo Hist\u00f3rico de Carabineros Puerto Ays\u00e9n en el Cuartel N\u00b0 2 de la 2da Comisar\u00eda, acto que formaliza la voluntad institucional por preservar, investigar, exponer y difundir la memoria hist\u00f3rica y cultural de Carabineros de Chile en la Regi\u00f3n de Ays\u00e9n, el cual depender\u00e1 de la Zona Ays\u00e9n y del Departamento de Museo Hist\u00f3rico y Centro Cultural E4 de la Direcci\u00f3n de Educaci\u00f3n, Doctrina e Historia.<\/p>\n<p dir=\"ltr\" style=\"text-align: justify;\">Asimismo, fue develada una estatua en tama\u00f1o real del Teniente Hern\u00e1n Merino Correa en el Cuartel N\u00b0 2 \u2014por parte del C\u00edrculo de Amigos de Carabineros Puerto Ays\u00e9n\u2014 instalaciones que albergan el Museo y dependencias que un d\u00eda cobijaron al \u201cH\u00e9roe de Chile\u201d.<\/p>\n<p dir=\"ltr\" style=\"text-align: justify;\">Tras la interpretaci\u00f3n del himno Teniente Hern\u00e1n Merino Correa, la ceremonia se sell\u00f3 con un desfile de honor a cargo de la Banda Instrumental, as\u00ed como de distintas unidades operativas y especializadas de la Prefectura de Carabineros Ays\u00e9n, el Ej\u00e9rcito y Armada de Chile en homenaje del m\u00e1rtir institucional, cuyo sacrificio sigue siendo un faro gu\u00eda para todos quienes sirven en la regi\u00f3n y el pa\u00eds.<\/p>\n<\/div><\/section><\/div><div  style='height:50px' class='hr hr-invisible   avia-builder-el-6  el_after_av_one_full  el_before_av_social_share '><span class='hr-inner ' ><span class='hr-inner-style'><\/span><\/span><\/div><\/p>\n<div  class='av-social-sharing-box  avia-builder-el-7  el_after_av_hr  el_before_av_hr  '><div class='av-share-box'><h5 class='av-share-link-description av-no-toc '>Compartir esta noticia<\/h5><ul class='av-share-box-list noLightbox'><li class='av-share-link av-social-link-facebook' ><a target=\"_blank\" aria-label=\"Compartir en Facebook\" href='https:\/\/www.facebook.com\/sharer.php?u=https:\/\/radiorevelacionfm.cl\/?p=61184&#038;t=Carabineros%20Conmemora%2060%20A%C3%B1os%20del%20fallecimiento%20del%20Teniente%20Hern%C3%A1n%20Merino%20Correa%20y%20General%20Director%20Inaugura%20Museo%20Hist%C3%B3rico%20en%20Puerto%20Ays%C3%A9n' aria-hidden='false' data-av_icon='\ue8f3' data-av_iconfont='entypo-fontello' title='' data-avia-related-tooltip='Compartir en Facebook' rel=\"noopener\"><span class='avia_hidden_link_text'>Compartir en Facebook<\/span><\/a><\/li><li class='av-share-link av-social-link-twitter' ><a target=\"_blank\" aria-label=\"Compartir en Twitter\" href='https:\/\/twitter.com\/share?text=Carabineros%20Conmemora%2060%20A%C3%B1os%20del%20fallecimiento%20del%20Teniente%20Hern%C3%A1n%20Merino%20Correa%20y%20General%20Director%20Inaugura%20Museo%20Hist%C3%B3rico%20en%20Puerto%20Ays%C3%A9n&#038;url=https:\/\/radiorevelacionfm.cl\/?p=61184' aria-hidden='false' data-av_icon='\ue8f1' data-av_iconfont='entypo-fontello' title='' data-avia-related-tooltip='Compartir en Twitter' rel=\"noopener\"><span class='avia_hidden_link_text'>Compartir en Twitter<\/span><\/a><\/li><li class='av-share-link av-social-link-whatsapp' ><a target=\"_blank\" aria-label=\"Compartir en Whatsapp\" href='https:\/\/api.whatsapp.com\/send?text=https:\/\/radiorevelacionfm.cl\/?p=61184' aria-hidden='false' data-av_icon='\uf232' data-av_iconfont='entypo-fontello' title='' data-avia-related-tooltip='Compartir en Whatsapp' rel=\"noopener\"><span class='avia_hidden_link_text'>Compartir en Whatsapp<\/span><\/a><\/li><li class='av-share-link av-social-link-linkedin' ><a target=\"_blank\" aria-label=\"Compartir en LinkedIn\" href='https:\/\/linkedin.com\/shareArticle?mini=true&#038;title=Carabineros%20Conmemora%2060%20A%C3%B1os%20del%20fallecimiento%20del%20Teniente%20Hern%C3%A1n%20Merino%20Correa%20y%20General%20Director%20Inaugura%20Museo%20Hist%C3%B3rico%20en%20Puerto%20Ays%C3%A9n&#038;url=https:\/\/radiorevelacionfm.cl\/?p=61184' aria-hidden='false' data-av_icon='\ue8fc' data-av_iconfont='entypo-fontello' title='' data-avia-related-tooltip='Compartir en LinkedIn' rel=\"noopener\"><span class='avia_hidden_link_text'>Compartir en LinkedIn<\/span><\/a><\/li><li class='av-share-link av-social-link-mail' ><a  aria-label=\"Compartir por correo\" href='mailto:?subject=Carabineros%20Conmemora%2060%20A%C3%B1os%20del%20fallecimiento%20del%20Teniente%20Hern%C3%A1n%20Merino%20Correa%20y%20General%20Director%20Inaugura%20Museo%20Hist%C3%B3rico%20en%20Puerto%20Ays%C3%A9n&#038;body=https:\/\/radiorevelacionfm.cl\/?p=61184' aria-hidden='false' data-av_icon='\ue805' data-av_iconfont='entypo-fontello' title='' data-avia-related-tooltip='Compartir por correo'><span class='avia_hidden_link_text'>Compartir por correo<\/span><\/a><\/li><\/ul><\/div><\/div>\n<div  style='height:50px' class='hr hr-invisible   avia-builder-el-8  el_after_av_social_share  el_before_av_comments_list '><span class='hr-inner ' ><span class='hr-inner-style'><\/span><\/span><\/div>\n<div  class='av-buildercomment  av-blog-meta-html-info-disabled av-blog-meta-tag-disabled  '><\/div>\n","protected":false},"excerpt":{"rendered":"","protected":false},"author":1,"featured_media":61185,"comment_status":"closed","ping_status":"closed","sticky":false,"template":"","format":"standard","meta":{"footnotes":""},"categories":[38],"tags":[],"class_list":["post-61184","post","type-post","status-publish","format-standard","has-post-thumbnail","hentry","category-regional"],"jetpack_featured_media_url":"https:\/\/radiorevelacionfm.cl\/wp-content\/uploads\/2025\/11\/5bc3a577-a92d-446c-a5a9-594b3447bb2a-1_optimized.jpg","_links":{"self":[{"href":"https:\/\/radiorevelacionfm.cl\/index.php?rest_route=\/wp\/v2\/posts\/61184","targetHints":{"allow":["GET"]}}],"collection":[{"href":"https:\/\/radiorevelacionfm.cl\/index.php?rest_route=\/wp\/v2\/posts"}],"about":[{"href":"https:\/\/radiorevelacionfm.cl\/index.php?rest_route=\/wp\/v2\/types\/post"}],"author":[{"embeddable":true,"href":"https:\/\/radiorevelacionfm.cl\/index.php?rest_route=\/wp\/v2\/users\/1"}],"replies":[{"embeddable":true,"href":"https:\/\/radiorevelacionfm.cl\/index.php?rest_route=%2Fwp%2Fv2%2Fcomments&post=61184"}],"version-history":[{"count":2,"href":"https:\/\/radiorevelacionfm.cl\/index.php?rest_route=\/wp\/v2\/posts\/61184\/revisions"}],"predecessor-version":[{"id":61187,"href":"https:\/\/radiorevelacionfm.cl\/index.php?rest_route=\/wp\/v2\/posts\/61184\/revisions\/61187"}],"wp:featuredmedia":[{"embeddable":true,"href":"https:\/\/radiorevelacionfm.cl\/index.php?rest_route=\/wp\/v2\/media\/61185"}],"wp:attachment":[{"href":"https:\/\/radiorevelacionfm.cl\/index.php?rest_route=%2Fwp%2Fv2%2Fmedia&parent=61184"}],"wp:term":[{"taxonomy":"category","embeddable":true,"href":"https:\/\/radiorevelacionfm.cl\/index.php?rest_route=%2Fwp%2Fv2%2Fcategories&post=61184"},{"taxonomy":"post_tag","embeddable":true,"href":"https:\/\/radiorevelacionfm.cl\/index.php?rest_route=%2Fwp%2Fv2%2Ftags&post=61184"}],"curies":[{"name":"wp","href":"https:\/\/api.w.org\/{rel}","templated":true}]}}