{"id":61168,"date":"2025-11-06T17:38:49","date_gmt":"2025-11-06T20:38:49","guid":{"rendered":"https:\/\/radiorevelacionfm.cl\/?p=61168"},"modified":"2025-11-06T17:38:49","modified_gmt":"2025-11-06T20:38:49","slug":"proyecto-gasco-en-coyhaique-presenta-un-40-de-avance","status":"publish","type":"post","link":"https:\/\/radiorevelacionfm.cl\/?p=61168","title":{"rendered":"Proyecto Gasco en Coyhaique presenta un 40% de avance"},"content":{"rendered":"<div class=\"flex_column av_one_full  flex_column_div av-zero-column-padding first  avia-builder-el-0  el_before_av_one_full  avia-builder-el-first  \" style='border-radius:0px; '><div  class='avia-image-container  av-styling-    avia-builder-el-1  avia-builder-el-no-sibling  avia-align-center '  itemprop=\"image\" itemscope=\"itemscope\" itemtype=\"https:\/\/schema.org\/ImageObject\"  ><div class='avia-image-container-inner'><div class='avia-image-overlay-wrap'><img decoding=\"async\" class='wp-image-61169 avia-img-lazy-loading-not-61169 avia_image' src=\"https:\/\/radiorevelacionfm.cl\/wp-content\/uploads\/2025\/11\/img_4016-1_optimized.jpg\" alt='' title='img_4016-(1)_optimized' height=\"600\" width=\"1067\"  itemprop=\"thumbnailUrl\" srcset=\"https:\/\/radiorevelacionfm.cl\/wp-content\/uploads\/2025\/11\/img_4016-1_optimized.jpg 1067w, https:\/\/radiorevelacionfm.cl\/wp-content\/uploads\/2025\/11\/img_4016-1_optimized-300x169.jpg 300w, https:\/\/radiorevelacionfm.cl\/wp-content\/uploads\/2025\/11\/img_4016-1_optimized-1030x579.jpg 1030w, https:\/\/radiorevelacionfm.cl\/wp-content\/uploads\/2025\/11\/img_4016-1_optimized-768x432.jpg 768w, https:\/\/radiorevelacionfm.cl\/wp-content\/uploads\/2025\/11\/img_4016-1_optimized-705x396.jpg 705w, https:\/\/radiorevelacionfm.cl\/wp-content\/uploads\/2025\/11\/img_4016-1_optimized-450x253.jpg 450w, https:\/\/radiorevelacionfm.cl\/wp-content\/uploads\/2025\/11\/img_4016-1_optimized-600x337.jpg 600w\" sizes=\"(max-width: 1067px) 100vw, 1067px\" \/><\/div><\/div><\/div><\/div><div class=\"flex_column av_one_full  flex_column_div av-zero-column-padding first  avia-builder-el-2  el_after_av_one_full  el_before_av_one_full  column-top-margin\" style='border-radius:0px; '><section class=\"av_textblock_section \"  itemscope=\"itemscope\" itemtype=\"https:\/\/schema.org\/BlogPosting\" itemprop=\"blogPost\" ><div class='avia_textblock  '   itemprop=\"text\" ><p style=\"text-align: center;\"><span style=\"font-size: 18pt;\"><strong>Proyecto Gasco en Coyhaique presenta un 40% de avance<\/strong><\/span><\/p>\n<div id=\"gtx-trans\" style=\"position: absolute; left: -50px; top: 4.31534px;\">\n<div class=\"gtx-trans-icon\"><\/div>\n<\/div>\n<\/div><\/section><\/div><div class=\"flex_column av_one_full  flex_column_div av-zero-column-padding first  avia-builder-el-4  el_after_av_one_full  el_before_av_hr  column-top-margin\" style='border-radius:0px; '><section class=\"av_textblock_section \"  itemscope=\"itemscope\" itemtype=\"https:\/\/schema.org\/BlogPosting\" itemprop=\"blogPost\" ><div class='avia_textblock  '   itemprop=\"text\" ><p style=\"text-align: justify;\"><em>El proyecto consiste en la construcci\u00f3n e instalaci\u00f3n de una planta de recepci\u00f3n y almacenamiento de gas licuado, m\u00e1s la instalaci\u00f3n y operaci\u00f3n de tres equipos generadores el\u00e9ctricos, que producir\u00e1n un m\u00e1ximo de 3MW, mediante GLP.<\/em><\/p>\n<p style=\"text-align: justify;\">Emplazado en el \u00e1rea industrial de Coyhaique espec\u00edficamente en el sector Salto Chico, el proyecto de la empresa Gasco se ha convertido en una iniciativa fundamental para atender la vulnerabilidad energ\u00e9tica de nuestra regi\u00f3n, asegurando un robusto inventario de gas licuado \u00a0y la incorporaci\u00f3n de generaci\u00f3n el\u00e9ctrica, la que posteriormente se sumar\u00e1 a la generaci\u00f3n de respaldo existente , convirti\u00e9ndose en un aporte innegable al sistema el\u00e9ctrico de nuestra regi\u00f3n.<\/p>\n<p style=\"text-align: justify;\">En este contexto autoridades visitaron el proyecto donde fueron recibidos por Crist\u00f3bal Cifuentes, Gerente de Operaciones y Carol Gray Subgerente de Medio Ambiente y Sostenibilidad de Gasco, para conocer el nivel de avance de una de las iniciativas claves en relaci\u00f3n al desarrollo econ\u00f3mico y energ\u00e9tico local. Este proyecto y su inversi\u00f3n total de 10 millones de d\u00f3lares, forma parte de la Mesa Regional de Inversi\u00f3n Privada, liderada por el Seremi de Econom\u00eda Felipe Rojas Pizarro, instancia p\u00fablico privada que agrupa proyectos de alta inversi\u00f3n privada y que sesiona para monitorear iniciativas y trabajar en destrabar nudos cr\u00edticos, con el fin de avanzar hacia la materializaci\u00f3n de los proyectos, reafirmando el compromiso p\u00fablico-privado adquirido por el Gobierno del Presidente Gabriel Boric. Al respecto, el Seremi de Econom\u00eda Felipe Rojas \u00a0subray\u00f3 que: <strong><em>\u201c10 millones de d\u00f3lares representa la inversi\u00f3n de la empresa Gasco en Coyhaique en este proyecto que consta de dos partes; una dedicada al almacenamiento de gas licuado y otra la generaci\u00f3n de energ\u00eda, espec\u00edficamente tres megas a trav\u00e9s de GLP. Hoy, junto a diversas autoridades hemos visitado el avance de esta obra emblem\u00e1tica que es parte de la Mesa Regional de Inversi\u00f3n Privada del Gobierno del Presidente Gabriel Boric, donde hemos trabajado no solo con este proyecto, sino que adem\u00e1s con una bater\u00eda de iniciativas de alta inversi\u00f3n privada, con el objetivo de ayudar a destrabar nudos cr\u00edticos y acelerar la materializaci\u00f3n de las iniciativas, como es el caso de este proyecto de Gasco\u201d.<\/em><\/strong><\/p>\n<p style=\"text-align: justify;\">Esta iniciativa permitir\u00e1 la instalaci\u00f3n de seis estanques de almacenamiento de gas licuado con 50 toneladas \u00fatiles de almacenamiento cada uno, a fin de satisfacer la demanda actual y futura de la regi\u00f3n. Tambi\u00e9n contar\u00e1 con una estaci\u00f3n de carga y descarga de camiones, la que permitir\u00e1 recibir los camiones que abastecer\u00e1n la Planta, as\u00ed como tambi\u00e9n la carga de camiones granel que abastecer\u00e1n de gas licuado a las viviendas, comercios e industrias de la regi\u00f3n.<\/p>\n<p style=\"text-align: justify;\">Crist\u00f3bal Cifuentes, Gerente de Operaciones de Gasco, puso sobre relieve el avance de las obras de este proyecto; <strong><em>\u201cNosotros comenzamos la construcci\u00f3n a principios de este a\u00f1o 2025, y ya llevamos un 40% de avance. Tenemos instalados los estanques de almacenamiento que equivalen a 300 toneladas de gas licuado y esperamos ya tener la obra completa y definitiva para el mes de marzo del 2026\u201d.<\/em><\/strong><\/p>\n<p style=\"text-align: justify;\">En conclusi\u00f3n, el proyecto de Gasco, representa un importante avance para la regi\u00f3n, ya que esta iniciativa no solo fortalece la seguridad del almacenamiento para responder a la demanda, sino que adem\u00e1s, representa un paso relevante para la energ\u00eda local, impulsando el desarrollo econ\u00f3mico de nuestro territorio, generando empleo y nuevas oportunidades para proveedores y servicios asociados. Adem\u00e1s, asistieron a la actividad: Seremi (s) Energ\u00eda; Sergio Becerra, Seremi (s) del Trabajo; Rodrigo D\u00edaz, Director Corfo Ays\u00e9n; Humberto Mar\u00edn y Jefe DIFOI Gobierno Regional de Ays\u00e9n, Fernando Guzm\u00e1n.<\/p>\n<\/div><\/section><\/div><div  style='height:50px' class='hr hr-invisible   avia-builder-el-6  el_after_av_one_full  el_before_av_social_share '><span class='hr-inner ' ><span class='hr-inner-style'><\/span><\/span><\/div><\/p>\n<div  class='av-social-sharing-box  avia-builder-el-7  el_after_av_hr  el_before_av_hr  '><div class='av-share-box'><h5 class='av-share-link-description av-no-toc '>Compartir esta noticia<\/h5><ul class='av-share-box-list noLightbox'><li class='av-share-link av-social-link-facebook' ><a target=\"_blank\" aria-label=\"Compartir en Facebook\" href='https:\/\/www.facebook.com\/sharer.php?u=https:\/\/radiorevelacionfm.cl\/?p=61168&#038;t=Proyecto%20Gasco%20en%20Coyhaique%20presenta%20un%2040%25%20de%20avance' aria-hidden='false' data-av_icon='\ue8f3' data-av_iconfont='entypo-fontello' title='' data-avia-related-tooltip='Compartir en Facebook' rel=\"noopener\"><span class='avia_hidden_link_text'>Compartir en Facebook<\/span><\/a><\/li><li class='av-share-link av-social-link-twitter' ><a target=\"_blank\" aria-label=\"Compartir en Twitter\" href='https:\/\/twitter.com\/share?text=Proyecto%20Gasco%20en%20Coyhaique%20presenta%20un%2040%25%20de%20avance&#038;url=https:\/\/radiorevelacionfm.cl\/?p=61168' aria-hidden='false' data-av_icon='\ue8f1' data-av_iconfont='entypo-fontello' title='' data-avia-related-tooltip='Compartir en Twitter' rel=\"noopener\"><span class='avia_hidden_link_text'>Compartir en Twitter<\/span><\/a><\/li><li class='av-share-link av-social-link-whatsapp' ><a target=\"_blank\" aria-label=\"Compartir en Whatsapp\" href='https:\/\/api.whatsapp.com\/send?text=https:\/\/radiorevelacionfm.cl\/?p=61168' aria-hidden='false' data-av_icon='\uf232' data-av_iconfont='entypo-fontello' title='' data-avia-related-tooltip='Compartir en Whatsapp' rel=\"noopener\"><span class='avia_hidden_link_text'>Compartir en Whatsapp<\/span><\/a><\/li><li class='av-share-link av-social-link-linkedin' ><a target=\"_blank\" aria-label=\"Compartir en LinkedIn\" href='https:\/\/linkedin.com\/shareArticle?mini=true&#038;title=Proyecto%20Gasco%20en%20Coyhaique%20presenta%20un%2040%25%20de%20avance&#038;url=https:\/\/radiorevelacionfm.cl\/?p=61168' aria-hidden='false' data-av_icon='\ue8fc' data-av_iconfont='entypo-fontello' title='' data-avia-related-tooltip='Compartir en LinkedIn' rel=\"noopener\"><span class='avia_hidden_link_text'>Compartir en LinkedIn<\/span><\/a><\/li><li class='av-share-link av-social-link-mail' ><a  aria-label=\"Compartir por correo\" href='mailto:?subject=Proyecto%20Gasco%20en%20Coyhaique%20presenta%20un%2040%25%20de%20avance&#038;body=https:\/\/radiorevelacionfm.cl\/?p=61168' aria-hidden='false' data-av_icon='\ue805' data-av_iconfont='entypo-fontello' title='' data-avia-related-tooltip='Compartir por correo'><span class='avia_hidden_link_text'>Compartir por correo<\/span><\/a><\/li><\/ul><\/div><\/div>\n<div  style='height:50px' class='hr hr-invisible   avia-builder-el-8  el_after_av_social_share  el_before_av_comments_list '><span class='hr-inner ' ><span class='hr-inner-style'><\/span><\/span><\/div>\n<div  class='av-buildercomment  av-blog-meta-html-info-disabled av-blog-meta-tag-disabled  '><\/div>\n","protected":false},"excerpt":{"rendered":"","protected":false},"author":1,"featured_media":61169,"comment_status":"closed","ping_status":"closed","sticky":false,"template":"","format":"standard","meta":{"footnotes":""},"categories":[38],"tags":[],"class_list":["post-61168","post","type-post","status-publish","format-standard","has-post-thumbnail","hentry","category-regional"],"jetpack_featured_media_url":"https:\/\/radiorevelacionfm.cl\/wp-content\/uploads\/2025\/11\/img_4016-1_optimized.jpg","_links":{"self":[{"href":"https:\/\/radiorevelacionfm.cl\/index.php?rest_route=\/wp\/v2\/posts\/61168","targetHints":{"allow":["GET"]}}],"collection":[{"href":"https:\/\/radiorevelacionfm.cl\/index.php?rest_route=\/wp\/v2\/posts"}],"about":[{"href":"https:\/\/radiorevelacionfm.cl\/index.php?rest_route=\/wp\/v2\/types\/post"}],"author":[{"embeddable":true,"href":"https:\/\/radiorevelacionfm.cl\/index.php?rest_route=\/wp\/v2\/users\/1"}],"replies":[{"embeddable":true,"href":"https:\/\/radiorevelacionfm.cl\/index.php?rest_route=%2Fwp%2Fv2%2Fcomments&post=61168"}],"version-history":[{"count":2,"href":"https:\/\/radiorevelacionfm.cl\/index.php?rest_route=\/wp\/v2\/posts\/61168\/revisions"}],"predecessor-version":[{"id":61171,"href":"https:\/\/radiorevelacionfm.cl\/index.php?rest_route=\/wp\/v2\/posts\/61168\/revisions\/61171"}],"wp:featuredmedia":[{"embeddable":true,"href":"https:\/\/radiorevelacionfm.cl\/index.php?rest_route=\/wp\/v2\/media\/61169"}],"wp:attachment":[{"href":"https:\/\/radiorevelacionfm.cl\/index.php?rest_route=%2Fwp%2Fv2%2Fmedia&parent=61168"}],"wp:term":[{"taxonomy":"category","embeddable":true,"href":"https:\/\/radiorevelacionfm.cl\/index.php?rest_route=%2Fwp%2Fv2%2Fcategories&post=61168"},{"taxonomy":"post_tag","embeddable":true,"href":"https:\/\/radiorevelacionfm.cl\/index.php?rest_route=%2Fwp%2Fv2%2Ftags&post=61168"}],"curies":[{"name":"wp","href":"https:\/\/api.w.org\/{rel}","templated":true}]}}