{"id":61163,"date":"2025-11-06T16:20:34","date_gmt":"2025-11-06T19:20:34","guid":{"rendered":"https:\/\/radiorevelacionfm.cl\/?p=61163"},"modified":"2025-11-06T16:20:34","modified_gmt":"2025-11-06T19:20:34","slug":"asado-de-vaquilla-al-palo-fue-el-broche-de-oro-de-triatlon-reto-tehuelche-de-puerto-guadal","status":"publish","type":"post","link":"https:\/\/radiorevelacionfm.cl\/?p=61163","title":{"rendered":"Asado de vaquilla al palo fue el broche de oro de triatl\u00f3n \u201cReto Tehuelche\u201d de Puerto Guadal"},"content":{"rendered":"<div class=\"flex_column av_one_full  flex_column_div av-zero-column-padding first  avia-builder-el-0  el_before_av_one_full  avia-builder-el-first  \" style='border-radius:0px; '><div  class='avia-image-container  av-styling-    avia-builder-el-1  avia-builder-el-no-sibling  avia-align-center '  itemprop=\"image\" itemscope=\"itemscope\" itemtype=\"https:\/\/schema.org\/ImageObject\"  ><div class='avia-image-container-inner'><div class='avia-image-overlay-wrap'><img decoding=\"async\" class='wp-image-61164 avia-img-lazy-loading-not-61164 avia_image' src=\"https:\/\/radiorevelacionfm.cl\/wp-content\/uploads\/2025\/11\/Equipo-Cochrane-1-1.jpg\" alt='' title='Equipo Cochrane (1) (1)' height=\"600\" width=\"919\"  itemprop=\"thumbnailUrl\" srcset=\"https:\/\/radiorevelacionfm.cl\/wp-content\/uploads\/2025\/11\/Equipo-Cochrane-1-1.jpg 919w, https:\/\/radiorevelacionfm.cl\/wp-content\/uploads\/2025\/11\/Equipo-Cochrane-1-1-300x196.jpg 300w, https:\/\/radiorevelacionfm.cl\/wp-content\/uploads\/2025\/11\/Equipo-Cochrane-1-1-768x501.jpg 768w, https:\/\/radiorevelacionfm.cl\/wp-content\/uploads\/2025\/11\/Equipo-Cochrane-1-1-705x460.jpg 705w, https:\/\/radiorevelacionfm.cl\/wp-content\/uploads\/2025\/11\/Equipo-Cochrane-1-1-450x294.jpg 450w, https:\/\/radiorevelacionfm.cl\/wp-content\/uploads\/2025\/11\/Equipo-Cochrane-1-1-600x392.jpg 600w\" sizes=\"(max-width: 919px) 100vw, 919px\" \/><\/div><\/div><\/div><\/div><div class=\"flex_column av_one_full  flex_column_div av-zero-column-padding first  avia-builder-el-2  el_after_av_one_full  el_before_av_one_full  column-top-margin\" style='border-radius:0px; '><section class=\"av_textblock_section \"  itemscope=\"itemscope\" itemtype=\"https:\/\/schema.org\/BlogPosting\" itemprop=\"blogPost\" ><div class='avia_textblock  '   itemprop=\"text\" ><p style=\"text-align: center;\"><span style=\"font-size: 18pt;\"><b><span lang=\"ES-TRAD\">Asado de vaquilla al palo fue el broche de oro de triatl\u00f3n \u201cReto Tehuelche\u201d de Puerto Guadal<\/span><\/b><\/span><\/p>\n<div id=\"gtx-trans\" style=\"position: absolute; left: -50px; top: 4.31534px;\">\n<div class=\"gtx-trans-icon\"><\/div>\n<\/div>\n<\/div><\/section><\/div><div class=\"flex_column av_one_full  flex_column_div av-zero-column-padding first  avia-builder-el-4  el_after_av_one_full  el_before_av_hr  column-top-margin\" style='border-radius:0px; '><section class=\"av_textblock_section \"  itemscope=\"itemscope\" itemtype=\"https:\/\/schema.org\/BlogPosting\" itemprop=\"blogPost\" ><div class='avia_textblock  '   itemprop=\"text\" ><p style=\"font-weight: 400; text-align: justify;\"><em>Ganador indiscutido fue el deportista cochranino Yonathan Vargas en categor\u00eda individual.<\/em><\/p>\n<p style=\"font-weight: 400; text-align: justify;\">El asado de vaquilla al palo, tras m\u00e1s de 16 horas de cocci\u00f3n, se rob\u00f3 la atenci\u00f3n durante la culminaci\u00f3n de las V versi\u00f3n del triatl\u00f3n \u201cReto Tehuelche\u201d, que se desarroll\u00f3 el s\u00e1bado 1 de noviembre en Puerto Guadal.\u00a0 Una extensa fila con centenares de personas esperando su turno para degustar un trozo de carne, ensalada y jugos locales dieron cuenta que la iniciativa, apoyada por la Municipalidad de Chile Chico con fondos del Gobierno Regional de Ays\u00e9n, fue una buena idea.<\/p>\n<p style=\"font-weight: 400; text-align: justify;\">Para la AG de Turismo, Cultura y Artesan\u00eda de Puerto Guadal, la actividad permiti\u00f3 cumplir todos los objetivos propuestos. \u201c<em>Junto con ser una fiesta deportiva y comunitaria, fue el momento de iniciar nuestra temporada tur\u00edstica.\u00a0 Esta competencia se ha transformado en una jornada de esparcimiento para la comunidad y los visitantes, adem\u00e1s de ser vitrina para los emprendedores de ArteChelenko, la AG de Campesinos y los productores de localidades aleda\u00f1as<\/em>\u201d expres\u00f3 Ang\u00e9lica Anti\u00f1anco, presidenta de la organizaci\u00f3n.<\/p>\n<p style=\"font-weight: 400; text-align: justify;\">Explic\u00f3 que fue en este contexto que se desarroll\u00f3 una Feria de Productos Locales y el taller de fieltro \u201c<em>Figuritas<\/em>\u201d organizado por la Agrupaci\u00f3n de Artesanas ArteChelenko de Puerto Guadal, que cont\u00f3 con una amplia asistencia de p\u00fablico, tanto de ni\u00f1os como adultos.\u00a0 Esta capacitaci\u00f3n fue apoyada por el Programa Estrat\u00e9gico de Turismo (PER) Ays\u00e9n, iniciativa de CORFO con financiamiento del Gobierno Regional de Ays\u00e9n.<\/p>\n<p style=\"font-weight: 400; text-align: justify;\"><strong>La competencia<\/strong><\/p>\n<p style=\"font-weight: 400; text-align: justify;\">A las 9:30 horas lo\/as kayakistas se lanzaron desde el muelle a las aguas del lago General Carrera, en direcci\u00f3n a una playa distante a unos 7 kil\u00f3metros.\u00a0 El fuerte oleaje y vientos complejizaron a\u00fan m\u00e1s el recorrido, debiendo abandonar el certamen varios competidores.\u00a0 Posteriormente toc\u00f3 el turno a lo\/as ciclistas, que entre valles y monta\u00f1as recorrieron unos 17 kil\u00f3metros, para terminar con un trote de unos 15 kil\u00f3metros en direcci\u00f3n de playa Las Rocas donde se dispuso la meta oficial.<\/p>\n<p style=\"font-weight: 400; text-align: justify;\">El resultado fue el siguiente: En\u00a0<strong>individual varones<\/strong>\u00a0se alz\u00f3 con el primer lugar el triatleta cochranino\u00a0<strong>Yonathan Vargas<\/strong>, con un tiempo de 3 horas, 4 minutos, 59 segundos.\u00a0 Le siguieron\u00a0<strong>N\u00e9stor Sotomayor<\/strong>\u00a0(Cochrane, 3:16:28) y\u00a0<strong>Pawel Goraj<\/strong>\u00a0(Coyhaique, 3:35:11).\u00a0 En\u00a0<strong>individual damas<\/strong>, la primera posici\u00f3n fue para\u00a0<strong>Nadine Lehner<\/strong>\u00a0(Puerto Guadal, 3:51:28), mientras que la\u00a0<strong>segunda<\/strong>\u00a0para Andrea Prado (Coyhaique, 5:54:25).<\/p>\n<p style=\"font-weight: 400; text-align: justify;\">En damas senior lider\u00f3\u00a0<strong>Ingrid Espinoza<\/strong>\u00a0(Cochrane, 5:22:30).<\/p>\n<p style=\"font-weight: 400; text-align: justify;\">En\u00a0<strong>equipo varones<\/strong>\u00a0se alzaron en el primer lugar los competidores\u00a0<strong>Cesar D\u00edaz, Sergio Berrocal y Alexis V\u00e1squez<\/strong>\u00a0de Puerto R\u00edo Tranquilo (3:18:41), quedando segundos\u00a0<strong>Iv\u00e1n Silva, Sim\u00f3n Millaquen y Benjam\u00edn Silva<\/strong>\u00a0(Cochrane, 3:35:15) y terceros\u00a0<strong>Roberto Haro, Rafael Vargas y Gustavo Mart\u00ednez<\/strong>\u00a0(Cochrane, 3:38:55).\u00a0 En\u00a0<strong>equipo mixto<\/strong>\u00a0triunfaron\u00a0<strong>Arturo Williamson, Max Correa y Maida Williamson<\/strong>\u00a0(Santiago, 3:47:05), seguidos de\u00a0<strong>Piero Caviglia, Teresita Ulloa y \u00c1lvaro Gonz\u00e1lez<\/strong>\u00a0(Cochrane, 3:54:13) y\u00a0<strong>Camila C\u00e1rcamo, Basti\u00e1n Robles y Natalia de Rays<\/strong>\u00a0(Cochrane, 4:07:29).<\/p>\n<p style=\"font-weight: 400; text-align: justify;\">Y en\u00a0<strong>equipo damas<\/strong>\u00a0cumplieron\u00a0<strong>Tamara Segovia, Francisca Cay\u00fan y Javiera Manr\u00edquez<\/strong>\u00a0de Cochrane con 5:39:15.<\/p>\n<p style=\"font-weight: 400; text-align: justify;\">Desde la organizaci\u00f3n agradecieron a todos quienes apoyaron la iniciativa, como el caso del alcalde de Chile Chico Ariel Keim, quien estuvo presente durante toda la jornada, incluso dando el primer corte al asado de vaquilla popular, a cargo del cocinero\u00a0<strong>Jos\u00e9 \u201cManos de la Monta\u00f1a\u201d Gonz\u00e1lez<\/strong>.\u00a0 El edil relev\u00f3 en la ocasi\u00f3n la colaboraci\u00f3n de funcionarios de las distintas \u00e1reas municipales, como el\u00a0<strong>Departamento de Desarrollo Productivo y Turismo,<\/strong>\u00a0la\u00a0<strong>Secretar\u00eda de Planificaci\u00f3n\u00a0<\/strong>y la<strong>\u00a0delegaci\u00f3n de Puerto Guadal<\/strong>.<\/p>\n<p style=\"font-weight: 400; text-align: justify;\">El triatl\u00f3n cont\u00f3, asimismo, con el apoyo de Carabineros de Chile que dispuso efectivos para mantener la seguridad de los competidores en ruta.<\/p>\n<p style=\"font-weight: 400; text-align: justify;\">Desde la AG de Turismo de Puerto Guadal reconocieron en especial el apoyo de sus asociados que aportaron equipamiento para el torneo, adem\u00e1s de vecinos y vecinas que se sumaron voluntariamente a la realizaci\u00f3n de la actividad.<\/p>\n<p style=\"font-weight: 400; text-align: justify;\">Los resultados del certamen ser\u00e1n difundidos pr\u00f3ximamente a trav\u00e9s de im\u00e1genes y videos a cargo del creador audiovisual Ramiro Bahamonde.<\/p>\n<p style=\"font-weight: 400; text-align: justify;\">Y durante la noche, se desarroll\u00f3 el cierre definitivo con un show bailable en el gimnasio municipal.<\/p>\n<\/div><\/section><\/div><div  style='height:50px' class='hr hr-invisible   avia-builder-el-6  el_after_av_one_full  el_before_av_social_share '><span class='hr-inner ' ><span class='hr-inner-style'><\/span><\/span><\/div><\/p>\n<div  class='av-social-sharing-box  avia-builder-el-7  el_after_av_hr  el_before_av_hr  '><div class='av-share-box'><h5 class='av-share-link-description av-no-toc '>Compartir esta noticia<\/h5><ul class='av-share-box-list noLightbox'><li class='av-share-link av-social-link-facebook' ><a target=\"_blank\" aria-label=\"Compartir en Facebook\" href='https:\/\/www.facebook.com\/sharer.php?u=https:\/\/radiorevelacionfm.cl\/?p=61163&#038;t=Asado%20de%20vaquilla%20al%20palo%20fue%20el%20broche%20de%20oro%20de%20triatl%C3%B3n%20%E2%80%9CReto%20Tehuelche%E2%80%9D%20de%20Puerto%20Guadal' aria-hidden='false' data-av_icon='\ue8f3' data-av_iconfont='entypo-fontello' title='' data-avia-related-tooltip='Compartir en Facebook' rel=\"noopener\"><span class='avia_hidden_link_text'>Compartir en Facebook<\/span><\/a><\/li><li class='av-share-link av-social-link-twitter' ><a target=\"_blank\" aria-label=\"Compartir en Twitter\" href='https:\/\/twitter.com\/share?text=Asado%20de%20vaquilla%20al%20palo%20fue%20el%20broche%20de%20oro%20de%20triatl%C3%B3n%20%E2%80%9CReto%20Tehuelche%E2%80%9D%20de%20Puerto%20Guadal&#038;url=https:\/\/radiorevelacionfm.cl\/?p=61163' aria-hidden='false' data-av_icon='\ue8f1' data-av_iconfont='entypo-fontello' title='' data-avia-related-tooltip='Compartir en Twitter' rel=\"noopener\"><span class='avia_hidden_link_text'>Compartir en Twitter<\/span><\/a><\/li><li class='av-share-link av-social-link-whatsapp' ><a target=\"_blank\" aria-label=\"Compartir en Whatsapp\" href='https:\/\/api.whatsapp.com\/send?text=https:\/\/radiorevelacionfm.cl\/?p=61163' aria-hidden='false' data-av_icon='\uf232' data-av_iconfont='entypo-fontello' title='' data-avia-related-tooltip='Compartir en Whatsapp' rel=\"noopener\"><span class='avia_hidden_link_text'>Compartir en Whatsapp<\/span><\/a><\/li><li class='av-share-link av-social-link-linkedin' ><a target=\"_blank\" aria-label=\"Compartir en LinkedIn\" href='https:\/\/linkedin.com\/shareArticle?mini=true&#038;title=Asado%20de%20vaquilla%20al%20palo%20fue%20el%20broche%20de%20oro%20de%20triatl%C3%B3n%20%E2%80%9CReto%20Tehuelche%E2%80%9D%20de%20Puerto%20Guadal&#038;url=https:\/\/radiorevelacionfm.cl\/?p=61163' aria-hidden='false' data-av_icon='\ue8fc' data-av_iconfont='entypo-fontello' title='' data-avia-related-tooltip='Compartir en LinkedIn' rel=\"noopener\"><span class='avia_hidden_link_text'>Compartir en LinkedIn<\/span><\/a><\/li><li class='av-share-link av-social-link-mail' ><a  aria-label=\"Compartir por correo\" href='mailto:?subject=Asado%20de%20vaquilla%20al%20palo%20fue%20el%20broche%20de%20oro%20de%20triatl%C3%B3n%20%E2%80%9CReto%20Tehuelche%E2%80%9D%20de%20Puerto%20Guadal&#038;body=https:\/\/radiorevelacionfm.cl\/?p=61163' aria-hidden='false' data-av_icon='\ue805' data-av_iconfont='entypo-fontello' title='' data-avia-related-tooltip='Compartir por correo'><span class='avia_hidden_link_text'>Compartir por correo<\/span><\/a><\/li><\/ul><\/div><\/div>\n<div  style='height:50px' class='hr hr-invisible   avia-builder-el-8  el_after_av_social_share  el_before_av_comments_list '><span class='hr-inner ' ><span class='hr-inner-style'><\/span><\/span><\/div>\n<div  class='av-buildercomment  av-blog-meta-html-info-disabled av-blog-meta-tag-disabled  '><\/div>\n","protected":false},"excerpt":{"rendered":"","protected":false},"author":1,"featured_media":61164,"comment_status":"closed","ping_status":"closed","sticky":false,"template":"","format":"standard","meta":{"footnotes":""},"categories":[40],"tags":[],"class_list":["post-61163","post","type-post","status-publish","format-standard","has-post-thumbnail","hentry","category-deportes"],"jetpack_featured_media_url":"https:\/\/radiorevelacionfm.cl\/wp-content\/uploads\/2025\/11\/Equipo-Cochrane-1-1.jpg","_links":{"self":[{"href":"https:\/\/radiorevelacionfm.cl\/index.php?rest_route=\/wp\/v2\/posts\/61163","targetHints":{"allow":["GET"]}}],"collection":[{"href":"https:\/\/radiorevelacionfm.cl\/index.php?rest_route=\/wp\/v2\/posts"}],"about":[{"href":"https:\/\/radiorevelacionfm.cl\/index.php?rest_route=\/wp\/v2\/types\/post"}],"author":[{"embeddable":true,"href":"https:\/\/radiorevelacionfm.cl\/index.php?rest_route=\/wp\/v2\/users\/1"}],"replies":[{"embeddable":true,"href":"https:\/\/radiorevelacionfm.cl\/index.php?rest_route=%2Fwp%2Fv2%2Fcomments&post=61163"}],"version-history":[{"count":2,"href":"https:\/\/radiorevelacionfm.cl\/index.php?rest_route=\/wp\/v2\/posts\/61163\/revisions"}],"predecessor-version":[{"id":61166,"href":"https:\/\/radiorevelacionfm.cl\/index.php?rest_route=\/wp\/v2\/posts\/61163\/revisions\/61166"}],"wp:featuredmedia":[{"embeddable":true,"href":"https:\/\/radiorevelacionfm.cl\/index.php?rest_route=\/wp\/v2\/media\/61164"}],"wp:attachment":[{"href":"https:\/\/radiorevelacionfm.cl\/index.php?rest_route=%2Fwp%2Fv2%2Fmedia&parent=61163"}],"wp:term":[{"taxonomy":"category","embeddable":true,"href":"https:\/\/radiorevelacionfm.cl\/index.php?rest_route=%2Fwp%2Fv2%2Fcategories&post=61163"},{"taxonomy":"post_tag","embeddable":true,"href":"https:\/\/radiorevelacionfm.cl\/index.php?rest_route=%2Fwp%2Fv2%2Ftags&post=61163"}],"curies":[{"name":"wp","href":"https:\/\/api.w.org\/{rel}","templated":true}]}}