{"id":61160,"date":"2025-11-06T20:03:50","date_gmt":"2025-11-06T23:03:50","guid":{"rendered":"https:\/\/radiorevelacionfm.cl\/?p=61160"},"modified":"2025-11-06T20:03:50","modified_gmt":"2025-11-06T23:03:50","slug":"fin-de-semana-musical-con-orquestas-y-musicos-del-sur-de-chile-impulsado-por-la-uaysen","status":"publish","type":"post","link":"https:\/\/radiorevelacionfm.cl\/?p=61160","title":{"rendered":"Fin de semana musical con orquestas y m\u00fasicos del sur de Chile impulsado por la UAys\u00e9n"},"content":{"rendered":"<div class=\"flex_column av_one_full  flex_column_div av-zero-column-padding first  avia-builder-el-0  el_before_av_one_full  avia-builder-el-first  \" style='border-radius:0px; '><div  class='avia-image-container  av-styling-    avia-builder-el-1  avia-builder-el-no-sibling  avia-align-center '  itemprop=\"image\" itemscope=\"itemscope\" itemtype=\"https:\/\/schema.org\/ImageObject\"  ><div class='avia-image-container-inner'><div class='avia-image-overlay-wrap'><img decoding=\"async\" class='wp-image-61161 avia-img-lazy-loading-not-61161 avia_image' src=\"https:\/\/radiorevelacionfm.cl\/wp-content\/uploads\/2025\/11\/img_9354-1_optimized.jpg\" alt='' title='img_9354-(1)_optimized' height=\"600\" width=\"900\"  itemprop=\"thumbnailUrl\" srcset=\"https:\/\/radiorevelacionfm.cl\/wp-content\/uploads\/2025\/11\/img_9354-1_optimized.jpg 900w, https:\/\/radiorevelacionfm.cl\/wp-content\/uploads\/2025\/11\/img_9354-1_optimized-300x200.jpg 300w, https:\/\/radiorevelacionfm.cl\/wp-content\/uploads\/2025\/11\/img_9354-1_optimized-768x512.jpg 768w, https:\/\/radiorevelacionfm.cl\/wp-content\/uploads\/2025\/11\/img_9354-1_optimized-705x470.jpg 705w, https:\/\/radiorevelacionfm.cl\/wp-content\/uploads\/2025\/11\/img_9354-1_optimized-450x300.jpg 450w, https:\/\/radiorevelacionfm.cl\/wp-content\/uploads\/2025\/11\/img_9354-1_optimized-600x400.jpg 600w\" sizes=\"(max-width: 900px) 100vw, 900px\" \/><\/div><\/div><\/div><\/div><div class=\"flex_column av_one_full  flex_column_div av-zero-column-padding first  avia-builder-el-2  el_after_av_one_full  el_before_av_one_full  column-top-margin\" style='border-radius:0px; '><section class=\"av_textblock_section \"  itemscope=\"itemscope\" itemtype=\"https:\/\/schema.org\/BlogPosting\" itemprop=\"blogPost\" ><div class='avia_textblock  '   itemprop=\"text\" ><p style=\"text-align: center;\"><strong><span style=\"font-size: 18pt;\">Fin de semana musical con orquestas y m\u00fasicos del sur de Chile impulsado por la UAys\u00e9n<\/span><\/strong><\/p>\n<div id=\"gtx-trans\" style=\"position: absolute; left: -50px; top: 4.31534px;\">\n<div class=\"gtx-trans-icon\"><\/div>\n<\/div>\n<\/div><\/section><\/div><div class=\"flex_column av_one_full  flex_column_div av-zero-column-padding first  avia-builder-el-4  el_after_av_one_full  el_before_av_hr  column-top-margin\" style='border-radius:0px; '><section class=\"av_textblock_section \"  itemscope=\"itemscope\" itemtype=\"https:\/\/schema.org\/BlogPosting\" itemprop=\"blogPost\" ><div class='avia_textblock  '   itemprop=\"text\" ><p dir=\"ltr\" style=\"text-align: justify;\"><em>Conciertos en conjunto con la Orquesta Sinf\u00f3nica de la Universidad de Magallanes y el 2\u00b0 Encuentro Interescolar de Orquestas se realizar\u00e1n en Coyhaique y Puerto Ays\u00e9n.<\/em><\/p>\n<p dir=\"ltr\" style=\"text-align: justify;\">La Orquesta de C\u00e1mara de la Universidad de Ays\u00e9n (OCUA) ser\u00e1 protagonista de un intenso fin de semana musical que reunir\u00e1 a artistas, docentes y estudiantes de distintos territorios del sur de Chile. Entre el 7 y el 10 de noviembre, se desarrollar\u00e1n dos importantes actividades abiertas a la comunidad: los conciertos junto a la Orquesta Sinf\u00f3nica de la Universidad de Magallanes (UMAG) y el 2\u00b0 Encuentro Interescolar de Orquestas \u201cCamping Musical\u201d.<\/p>\n<p dir=\"ltr\" style=\"text-align: justify;\">El primero de estos eventos marca un hito de colaboraci\u00f3n musical y acad\u00e9mica entre las universidades estatales de Ays\u00e9n y Magallanes, en el marco del Programa Austral de Movilidad (PAM) impulsado por el Gobierno Regional de Ays\u00e9n. Al respecto, Miguel P\u00e9rez, encargado del \u00e1rea de Vinculaci\u00f3n Territorial de la UAys\u00e9n, se\u00f1al\u00f3 que \u201cel PAM nos permite tener actividades tan relevantes como contar con una orquesta profesional de la UMAG, que desarrollar\u00e1 actividades culturales, demostrativas y de intercambio con la OCUA. Sin duda, el escenario cultural que viviremos esta semana es posible gracias a este contexto pol\u00edtico e institucional que nos vincula con aliados tan estrat\u00e9gicos como el GORE\u201d.<\/p>\n<p dir=\"ltr\" style=\"text-align: justify;\">El programa contempla obras de Mozart, Bach y una selecci\u00f3n de m\u00fasica de pel\u00edculas y series, bajo la direcci\u00f3n de Ricardo Colima, director de la Orquesta Sinf\u00f3nica UMAG, y H\u00e9ctor M\u00e9ndez, director de la OCUA. Los conciertos se realizar\u00e1n el viernes 7 de noviembre, a las 18:30 horas en la Escuela Pedro Quintana de Coyhaique, y el lunes 10 de noviembre, a las 11:00 horas en la Catedral de Puerto Ays\u00e9n, con entrada liberada.<\/p>\n<p dir=\"ltr\" style=\"text-align: justify;\">De forma paralela, los d\u00edas 7 y 8 de noviembre se llevar\u00e1 a cabo el 2\u00b0 Encuentro Interescolar de Orquestas \u201cCamping Musical\u201d, organizado junto al Servicio Local de Educaci\u00f3n P\u00fablica Ays\u00e9n (SLEP Ays\u00e9n). En la actividad participar\u00e1n nueve agrupaciones de Puerto Cisnes, Puerto Ays\u00e9n y Coyhaique, sumando m\u00e1s de 170 j\u00f3venes m\u00fasicos que ser\u00e1n parte de clases magistrales, ensayos conjuntos y un gran concierto final.<\/p>\n<p dir=\"ltr\" style=\"text-align: justify;\">\u201cPresentaremos un gran concierto este s\u00e1bado desde las 16:30 horas, con presentaciones individuales de cada orquesta y un cierre colectivo con todos los m\u00fasicos participantes. Invitamos a toda la comunidad a ser parte de estas actividades que hemos preparado con mucho cari\u00f1o\u201d, adelant\u00f3 H\u00e9ctor M\u00e9ndez, director de la OCUA.<\/p>\n<\/div><\/section><\/div><div  style='height:50px' class='hr hr-invisible   avia-builder-el-6  el_after_av_one_full  el_before_av_social_share '><span class='hr-inner ' ><span class='hr-inner-style'><\/span><\/span><\/div><\/p>\n<div  class='av-social-sharing-box  avia-builder-el-7  el_after_av_hr  el_before_av_hr  '><div class='av-share-box'><h5 class='av-share-link-description av-no-toc '>Compartir esta noticia<\/h5><ul class='av-share-box-list noLightbox'><li class='av-share-link av-social-link-facebook' ><a target=\"_blank\" aria-label=\"Compartir en Facebook\" href='https:\/\/www.facebook.com\/sharer.php?u=https:\/\/radiorevelacionfm.cl\/?p=61160&#038;t=Fin%20de%20semana%20musical%20con%20orquestas%20y%20m%C3%BAsicos%20del%20sur%20de%20Chile%20impulsado%20por%20la%20UAys%C3%A9n' aria-hidden='false' data-av_icon='\ue8f3' data-av_iconfont='entypo-fontello' title='' data-avia-related-tooltip='Compartir en Facebook' rel=\"noopener\"><span class='avia_hidden_link_text'>Compartir en Facebook<\/span><\/a><\/li><li class='av-share-link av-social-link-twitter' ><a target=\"_blank\" aria-label=\"Compartir en Twitter\" href='https:\/\/twitter.com\/share?text=Fin%20de%20semana%20musical%20con%20orquestas%20y%20m%C3%BAsicos%20del%20sur%20de%20Chile%20impulsado%20por%20la%20UAys%C3%A9n&#038;url=https:\/\/radiorevelacionfm.cl\/?p=61160' aria-hidden='false' data-av_icon='\ue8f1' data-av_iconfont='entypo-fontello' title='' data-avia-related-tooltip='Compartir en Twitter' rel=\"noopener\"><span class='avia_hidden_link_text'>Compartir en Twitter<\/span><\/a><\/li><li class='av-share-link av-social-link-whatsapp' ><a target=\"_blank\" aria-label=\"Compartir en Whatsapp\" href='https:\/\/api.whatsapp.com\/send?text=https:\/\/radiorevelacionfm.cl\/?p=61160' aria-hidden='false' data-av_icon='\uf232' data-av_iconfont='entypo-fontello' title='' data-avia-related-tooltip='Compartir en Whatsapp' rel=\"noopener\"><span class='avia_hidden_link_text'>Compartir en Whatsapp<\/span><\/a><\/li><li class='av-share-link av-social-link-linkedin' ><a target=\"_blank\" aria-label=\"Compartir en LinkedIn\" href='https:\/\/linkedin.com\/shareArticle?mini=true&#038;title=Fin%20de%20semana%20musical%20con%20orquestas%20y%20m%C3%BAsicos%20del%20sur%20de%20Chile%20impulsado%20por%20la%20UAys%C3%A9n&#038;url=https:\/\/radiorevelacionfm.cl\/?p=61160' aria-hidden='false' data-av_icon='\ue8fc' data-av_iconfont='entypo-fontello' title='' data-avia-related-tooltip='Compartir en LinkedIn' rel=\"noopener\"><span class='avia_hidden_link_text'>Compartir en LinkedIn<\/span><\/a><\/li><li class='av-share-link av-social-link-mail' ><a  aria-label=\"Compartir por correo\" href='mailto:?subject=Fin%20de%20semana%20musical%20con%20orquestas%20y%20m%C3%BAsicos%20del%20sur%20de%20Chile%20impulsado%20por%20la%20UAys%C3%A9n&#038;body=https:\/\/radiorevelacionfm.cl\/?p=61160' aria-hidden='false' data-av_icon='\ue805' data-av_iconfont='entypo-fontello' title='' data-avia-related-tooltip='Compartir por correo'><span class='avia_hidden_link_text'>Compartir por correo<\/span><\/a><\/li><\/ul><\/div><\/div>\n<div  style='height:50px' class='hr hr-invisible   avia-builder-el-8  el_after_av_social_share  el_before_av_comments_list '><span class='hr-inner ' ><span class='hr-inner-style'><\/span><\/span><\/div>\n<div  class='av-buildercomment  av-blog-meta-html-info-disabled av-blog-meta-tag-disabled  '><\/div>\n","protected":false},"excerpt":{"rendered":"","protected":false},"author":1,"featured_media":61161,"comment_status":"closed","ping_status":"closed","sticky":false,"template":"","format":"standard","meta":{"footnotes":""},"categories":[52],"tags":[],"class_list":["post-61160","post","type-post","status-publish","format-standard","has-post-thumbnail","hentry","category-cultura"],"jetpack_featured_media_url":"https:\/\/radiorevelacionfm.cl\/wp-content\/uploads\/2025\/11\/img_9354-1_optimized.jpg","_links":{"self":[{"href":"https:\/\/radiorevelacionfm.cl\/index.php?rest_route=\/wp\/v2\/posts\/61160","targetHints":{"allow":["GET"]}}],"collection":[{"href":"https:\/\/radiorevelacionfm.cl\/index.php?rest_route=\/wp\/v2\/posts"}],"about":[{"href":"https:\/\/radiorevelacionfm.cl\/index.php?rest_route=\/wp\/v2\/types\/post"}],"author":[{"embeddable":true,"href":"https:\/\/radiorevelacionfm.cl\/index.php?rest_route=\/wp\/v2\/users\/1"}],"replies":[{"embeddable":true,"href":"https:\/\/radiorevelacionfm.cl\/index.php?rest_route=%2Fwp%2Fv2%2Fcomments&post=61160"}],"version-history":[{"count":2,"href":"https:\/\/radiorevelacionfm.cl\/index.php?rest_route=\/wp\/v2\/posts\/61160\/revisions"}],"predecessor-version":[{"id":61176,"href":"https:\/\/radiorevelacionfm.cl\/index.php?rest_route=\/wp\/v2\/posts\/61160\/revisions\/61176"}],"wp:featuredmedia":[{"embeddable":true,"href":"https:\/\/radiorevelacionfm.cl\/index.php?rest_route=\/wp\/v2\/media\/61161"}],"wp:attachment":[{"href":"https:\/\/radiorevelacionfm.cl\/index.php?rest_route=%2Fwp%2Fv2%2Fmedia&parent=61160"}],"wp:term":[{"taxonomy":"category","embeddable":true,"href":"https:\/\/radiorevelacionfm.cl\/index.php?rest_route=%2Fwp%2Fv2%2Fcategories&post=61160"},{"taxonomy":"post_tag","embeddable":true,"href":"https:\/\/radiorevelacionfm.cl\/index.php?rest_route=%2Fwp%2Fv2%2Ftags&post=61160"}],"curies":[{"name":"wp","href":"https:\/\/api.w.org\/{rel}","templated":true}]}}