{"id":61157,"date":"2025-11-07T16:29:25","date_gmt":"2025-11-07T19:29:25","guid":{"rendered":"https:\/\/radiorevelacionfm.cl\/?p=61157"},"modified":"2025-11-07T16:29:25","modified_gmt":"2025-11-07T19:29:25","slug":"autoridades-destacan-crecimiento-de-32-del-imacec-y-consolidacion-economica-del-pais","status":"publish","type":"post","link":"https:\/\/radiorevelacionfm.cl\/?p=61157","title":{"rendered":"Autoridades destacan crecimiento de 3,2% del Imacec y consolidaci\u00f3n econ\u00f3mica del pa\u00eds"},"content":{"rendered":"<div class=\"flex_column av_one_full  flex_column_div av-zero-column-padding first  avia-builder-el-0  el_before_av_one_full  avia-builder-el-first  \" style='border-radius:0px; '><div  class='avia-image-container  av-styling-    avia-builder-el-1  avia-builder-el-no-sibling  avia-align-center '  itemprop=\"image\" itemscope=\"itemscope\" itemtype=\"https:\/\/schema.org\/ImageObject\"  ><div class='avia-image-container-inner'><div class='avia-image-overlay-wrap'><img decoding=\"async\" class='wp-image-61158 avia-img-lazy-loading-not-61158 avia_image' src=\"https:\/\/radiorevelacionfm.cl\/wp-content\/uploads\/2025\/11\/Seremis-Economia-y-Gobierno-1-1.jpeg\" alt='' title='Seremis-Economia-y-Gobierno (1) (1)' height=\"600\" width=\"458\"  itemprop=\"thumbnailUrl\" srcset=\"https:\/\/radiorevelacionfm.cl\/wp-content\/uploads\/2025\/11\/Seremis-Economia-y-Gobierno-1-1.jpeg 458w, https:\/\/radiorevelacionfm.cl\/wp-content\/uploads\/2025\/11\/Seremis-Economia-y-Gobierno-1-1-229x300.jpeg 229w, https:\/\/radiorevelacionfm.cl\/wp-content\/uploads\/2025\/11\/Seremis-Economia-y-Gobierno-1-1-450x590.jpeg 450w\" sizes=\"(max-width: 458px) 100vw, 458px\" \/><\/div><\/div><\/div><\/div><div class=\"flex_column av_one_full  flex_column_div av-zero-column-padding first  avia-builder-el-2  el_after_av_one_full  el_before_av_one_full  column-top-margin\" style='border-radius:0px; '><section class=\"av_textblock_section \"  itemscope=\"itemscope\" itemtype=\"https:\/\/schema.org\/BlogPosting\" itemprop=\"blogPost\" ><div class='avia_textblock  '   itemprop=\"text\" ><p style=\"text-align: center;\"><span style=\"font-size: 18pt;\"><strong>Autoridades destacan crecimiento de 3,2% del Imacec y consolidaci\u00f3n econ\u00f3mica del pa\u00eds<\/strong><\/span><\/p>\n<div id=\"gtx-trans\" style=\"position: absolute; left: -50px; top: 4.31534px;\">\n<div class=\"gtx-trans-icon\"><\/div>\n<\/div>\n<\/div><\/section><\/div><div class=\"flex_column av_one_full  flex_column_div av-zero-column-padding first  avia-builder-el-4  el_after_av_one_full  el_before_av_hr  column-top-margin\" style='border-radius:0px; '><section class=\"av_textblock_section \"  itemscope=\"itemscope\" itemtype=\"https:\/\/schema.org\/BlogPosting\" itemprop=\"blogPost\" ><div class='avia_textblock  '   itemprop=\"text\" ><p style=\"text-align: justify;\">Los seremi de Econom\u00eda, Fomento y Turismo Felipe Rojas, y Gobierno, \u00darsula Mix Jim\u00e9nez, pusieron sobre relieve las positivas cifras entregadas recientemente por el Banco Central, que dan cuenta de un crecimiento de 3,2% en el \u00cdndice Mensual de Actividad Econ\u00f3mica (Imacec), siendo el mayor incremento en los \u00faltimos cuatro meses.<\/p>\n<p style=\"text-align: justify;\">En simple, este resultado es una radiograf\u00eda de una recuperaci\u00f3n y fortalecimiento sostenido y equilibrado de la econom\u00eda nacional, impulsada principalmente por el sector no minero, que registr\u00f3 un aumento de 3,8%, con un fuerte desempe\u00f1o del comercio, la industria manufacturera y servicios.<\/p>\n<p style=\"text-align: justify;\">\u201cEsto ratifica lo que hemos venido diciendo con respecto al crecimiento constante y nos permite proyectar un robusto crecimiento para lo que resta del 2025. Destacar el crecimiento de manera notable en el comercio, en donde se registr\u00f3 un crecimiento de un 10,8% respecto igual mes del a\u00f1o anterior. Pero, tambi\u00e9n destacan otros sectores como; servicios, particularmente servicios empresariales, como as\u00ed tambi\u00e9n la industria manufacturera, especialmente la producci\u00f3n de alimentos. Estas son muy buenas noticias, en relaci\u00f3n a la creaci\u00f3n de empleo, fortalecimiento de la actividad econ\u00f3mica y proyecci\u00f3n de un crecimiento en el largo plazo bastante importante para los meses y a\u00f1os que vienen a futuro.\u201d Destac\u00f3 el Seremi de Econom\u00eda, Felipe Rojas Pizarro.<\/p>\n<p style=\"text-align: justify;\">Por su parte, la portavoz de Gobierno \u00darsula Mix, se\u00f1al\u00f3: \u201cDesde el Gobierno del Presidente Gabriel Boric estamos viendo c\u00f3mo las pol\u00edticas econ\u00f3micas responsables y con sentido social est\u00e1n dando frutos concretos. No hablamos solo de crecimiento en cifras, sino de progreso real para las personas: m\u00e1s empleos, m\u00e1s oportunidades y mayor estabilidad para las familias de Ays\u00e9n y de todo Chile. Nuestro compromiso es seguir impulsando un desarrollo que llegue a cada rinc\u00f3n de la regi\u00f3n, fortaleciendo el trabajo local, apoyando a nuestras pymes y promoviendo inversiones que mejoren la calidad de vida de nuestra gente. Este crecimiento con equidad demuestra que cuando el Estado y las comunidades avanzan juntas, construimos una econom\u00eda m\u00e1s justa, sostenible y con futuro para todos.\u201d<\/p>\n<p style=\"text-align: justify;\">En el a\u00f1o m\u00f3vil terminado en septiembre, la econom\u00eda chilena acumul\u00f3 un crecimiento de 2,9%, lo que permite proyectar el cumplimiento de la meta de 2,5% para 2025. Adem\u00e1s, el crecimiento no minero ajustado por estacionalidad alcanza un s\u00f3lido 3,1%, mostrando que se trata de una tendencia sostenida y no de resultados aislados. Este positivo desempe\u00f1o econ\u00f3mico se ha traducido en m\u00e1s empleo y mejores ingresos para las familias de nuestro pa\u00eds y de nuestra regi\u00f3n. Seg\u00fan las \u00faltimas cifras del INE, la tasa de desempleo baj\u00f3 a 8,5%, y desde marzo de 2022 se han creado cerca de 580 mil nuevos puestos de trabajo.<\/p>\n<p style=\"text-align: justify;\">El buen desempe\u00f1o econ\u00f3mico medido por el IMACEC se traduce en mayores ingresos para las familias y m\u00e1s oportunidades de consumo, ya que la demanda interna impulsa la producci\u00f3n y esto a su vez, refleja mejoras en el empleo y en la estabilidad de precios. Cuando la actividad econ\u00f3mica se fortalece, las familias ven un positivo y notable efecto en su bolsillo: salarios que suben, menos endeudamiento y una mayor confianza para invertir en vivienda, transporte y bienes durables. En este contexto, invertir en lo social no solo es compatible con el crecimiento, sino que puede fortalecerlo: pol\u00edticas de salud, educaci\u00f3n, protecci\u00f3n social y vivienda mejoran la productividad. En resumen, un crecimiento respaldado por el IMACEC puede ser m\u00e1s sostenible cuando se acompa\u00f1a de inversi\u00f3n social bien dirigida, que genere beneficios tangibles para las personas sin comprometer la capacidad de inversi\u00f3n y la competitividad de la econom\u00eda.<\/p>\n<\/div><\/section><\/div><div  style='height:50px' class='hr hr-invisible   avia-builder-el-6  el_after_av_one_full  el_before_av_social_share '><span class='hr-inner ' ><span class='hr-inner-style'><\/span><\/span><\/div><\/p>\n<div  class='av-social-sharing-box  avia-builder-el-7  el_after_av_hr  el_before_av_hr  '><div class='av-share-box'><h5 class='av-share-link-description av-no-toc '>Compartir esta noticia<\/h5><ul class='av-share-box-list noLightbox'><li class='av-share-link av-social-link-facebook' ><a target=\"_blank\" aria-label=\"Compartir en Facebook\" href='https:\/\/www.facebook.com\/sharer.php?u=https:\/\/radiorevelacionfm.cl\/?p=61157&#038;t=Autoridades%20destacan%20crecimiento%20de%203%2C2%25%20del%20Imacec%20y%20consolidaci%C3%B3n%20econ%C3%B3mica%20del%20pa%C3%ADs' aria-hidden='false' data-av_icon='\ue8f3' data-av_iconfont='entypo-fontello' title='' data-avia-related-tooltip='Compartir en Facebook' rel=\"noopener\"><span class='avia_hidden_link_text'>Compartir en Facebook<\/span><\/a><\/li><li class='av-share-link av-social-link-twitter' ><a target=\"_blank\" aria-label=\"Compartir en Twitter\" href='https:\/\/twitter.com\/share?text=Autoridades%20destacan%20crecimiento%20de%203%2C2%25%20del%20Imacec%20y%20consolidaci%C3%B3n%20econ%C3%B3mica%20del%20pa%C3%ADs&#038;url=https:\/\/radiorevelacionfm.cl\/?p=61157' aria-hidden='false' data-av_icon='\ue8f1' data-av_iconfont='entypo-fontello' title='' data-avia-related-tooltip='Compartir en Twitter' rel=\"noopener\"><span class='avia_hidden_link_text'>Compartir en Twitter<\/span><\/a><\/li><li class='av-share-link av-social-link-whatsapp' ><a target=\"_blank\" aria-label=\"Compartir en Whatsapp\" href='https:\/\/api.whatsapp.com\/send?text=https:\/\/radiorevelacionfm.cl\/?p=61157' aria-hidden='false' data-av_icon='\uf232' data-av_iconfont='entypo-fontello' title='' data-avia-related-tooltip='Compartir en Whatsapp' rel=\"noopener\"><span class='avia_hidden_link_text'>Compartir en Whatsapp<\/span><\/a><\/li><li class='av-share-link av-social-link-linkedin' ><a target=\"_blank\" aria-label=\"Compartir en LinkedIn\" href='https:\/\/linkedin.com\/shareArticle?mini=true&#038;title=Autoridades%20destacan%20crecimiento%20de%203%2C2%25%20del%20Imacec%20y%20consolidaci%C3%B3n%20econ%C3%B3mica%20del%20pa%C3%ADs&#038;url=https:\/\/radiorevelacionfm.cl\/?p=61157' aria-hidden='false' data-av_icon='\ue8fc' data-av_iconfont='entypo-fontello' title='' data-avia-related-tooltip='Compartir en LinkedIn' rel=\"noopener\"><span class='avia_hidden_link_text'>Compartir en LinkedIn<\/span><\/a><\/li><li class='av-share-link av-social-link-mail' ><a  aria-label=\"Compartir por correo\" href='mailto:?subject=Autoridades%20destacan%20crecimiento%20de%203%2C2%25%20del%20Imacec%20y%20consolidaci%C3%B3n%20econ%C3%B3mica%20del%20pa%C3%ADs&#038;body=https:\/\/radiorevelacionfm.cl\/?p=61157' aria-hidden='false' data-av_icon='\ue805' data-av_iconfont='entypo-fontello' title='' data-avia-related-tooltip='Compartir por correo'><span class='avia_hidden_link_text'>Compartir por correo<\/span><\/a><\/li><\/ul><\/div><\/div>\n<div  style='height:50px' class='hr hr-invisible   avia-builder-el-8  el_after_av_social_share  el_before_av_comments_list '><span class='hr-inner ' ><span class='hr-inner-style'><\/span><\/span><\/div>\n<div  class='av-buildercomment  av-blog-meta-html-info-disabled av-blog-meta-tag-disabled  '><\/div>\n","protected":false},"excerpt":{"rendered":"","protected":false},"author":1,"featured_media":61158,"comment_status":"closed","ping_status":"closed","sticky":false,"template":"","format":"standard","meta":{"footnotes":""},"categories":[37],"tags":[],"class_list":["post-61157","post","type-post","status-publish","format-standard","has-post-thumbnail","hentry","category-economia"],"jetpack_featured_media_url":"https:\/\/radiorevelacionfm.cl\/wp-content\/uploads\/2025\/11\/Seremis-Economia-y-Gobierno-1-1.jpeg","_links":{"self":[{"href":"https:\/\/radiorevelacionfm.cl\/index.php?rest_route=\/wp\/v2\/posts\/61157","targetHints":{"allow":["GET"]}}],"collection":[{"href":"https:\/\/radiorevelacionfm.cl\/index.php?rest_route=\/wp\/v2\/posts"}],"about":[{"href":"https:\/\/radiorevelacionfm.cl\/index.php?rest_route=\/wp\/v2\/types\/post"}],"author":[{"embeddable":true,"href":"https:\/\/radiorevelacionfm.cl\/index.php?rest_route=\/wp\/v2\/users\/1"}],"replies":[{"embeddable":true,"href":"https:\/\/radiorevelacionfm.cl\/index.php?rest_route=%2Fwp%2Fv2%2Fcomments&post=61157"}],"version-history":[{"count":2,"href":"https:\/\/radiorevelacionfm.cl\/index.php?rest_route=\/wp\/v2\/posts\/61157\/revisions"}],"predecessor-version":[{"id":61190,"href":"https:\/\/radiorevelacionfm.cl\/index.php?rest_route=\/wp\/v2\/posts\/61157\/revisions\/61190"}],"wp:featuredmedia":[{"embeddable":true,"href":"https:\/\/radiorevelacionfm.cl\/index.php?rest_route=\/wp\/v2\/media\/61158"}],"wp:attachment":[{"href":"https:\/\/radiorevelacionfm.cl\/index.php?rest_route=%2Fwp%2Fv2%2Fmedia&parent=61157"}],"wp:term":[{"taxonomy":"category","embeddable":true,"href":"https:\/\/radiorevelacionfm.cl\/index.php?rest_route=%2Fwp%2Fv2%2Fcategories&post=61157"},{"taxonomy":"post_tag","embeddable":true,"href":"https:\/\/radiorevelacionfm.cl\/index.php?rest_route=%2Fwp%2Fv2%2Ftags&post=61157"}],"curies":[{"name":"wp","href":"https:\/\/api.w.org\/{rel}","templated":true}]}}