{"id":61154,"date":"2025-11-06T19:05:03","date_gmt":"2025-11-06T22:05:03","guid":{"rendered":"https:\/\/radiorevelacionfm.cl\/?p=61154"},"modified":"2025-11-06T19:05:03","modified_gmt":"2025-11-06T22:05:03","slug":"region-de-aysen-lidera-ranking-de-velocidad-de-subida-en-octubre-de-acuerdo-a-mediciones-de-subtel-y-oti","status":"publish","type":"post","link":"https:\/\/radiorevelacionfm.cl\/?p=61154","title":{"rendered":"Regi\u00f3n de Ays\u00e9n lidera ranking de velocidad de subida en octubre de acuerdo a mediciones de Subtel y OTI"},"content":{"rendered":"<div class=\"flex_column av_one_full  flex_column_div av-zero-column-padding first  avia-builder-el-0  el_before_av_one_full  avia-builder-el-first  \" style='border-radius:0px; '><div  class='avia-image-container  av-styling-    avia-builder-el-1  avia-builder-el-no-sibling  avia-align-center '  itemprop=\"image\" itemscope=\"itemscope\" itemtype=\"https:\/\/schema.org\/ImageObject\"  ><div class='avia-image-container-inner'><div class='avia-image-overlay-wrap'><img decoding=\"async\" class='wp-image-61155 avia-img-lazy-loading-not-61155 avia_image' src=\"https:\/\/radiorevelacionfm.cl\/wp-content\/uploads\/2025\/11\/20251106_122355-1-1.jpg\" alt='' title='20251106_122355 (1) (1)' height=\"600\" width=\"800\"  itemprop=\"thumbnailUrl\" srcset=\"https:\/\/radiorevelacionfm.cl\/wp-content\/uploads\/2025\/11\/20251106_122355-1-1.jpg 800w, https:\/\/radiorevelacionfm.cl\/wp-content\/uploads\/2025\/11\/20251106_122355-1-1-300x225.jpg 300w, https:\/\/radiorevelacionfm.cl\/wp-content\/uploads\/2025\/11\/20251106_122355-1-1-768x576.jpg 768w, https:\/\/radiorevelacionfm.cl\/wp-content\/uploads\/2025\/11\/20251106_122355-1-1-705x529.jpg 705w, https:\/\/radiorevelacionfm.cl\/wp-content\/uploads\/2025\/11\/20251106_122355-1-1-450x338.jpg 450w, https:\/\/radiorevelacionfm.cl\/wp-content\/uploads\/2025\/11\/20251106_122355-1-1-600x450.jpg 600w\" sizes=\"(max-width: 800px) 100vw, 800px\" \/><\/div><\/div><\/div><\/div><div class=\"flex_column av_one_full  flex_column_div av-zero-column-padding first  avia-builder-el-2  el_after_av_one_full  el_before_av_one_full  column-top-margin\" style='border-radius:0px; '><section class=\"av_textblock_section \"  itemscope=\"itemscope\" itemtype=\"https:\/\/schema.org\/BlogPosting\" itemprop=\"blogPost\" ><div class='avia_textblock  '   itemprop=\"text\" ><p style=\"text-align: center;\"><span style=\"font-size: 18pt;\"><b>Regi\u00f3n de Ays\u00e9n lidera ranking de velocidad de subida en octubre de acuerdo a mediciones de Subtel y OTI<\/b><\/span><\/p>\n<div id=\"gtx-trans\" style=\"position: absolute; left: -50px; top: 4.31534px;\">\n<div class=\"gtx-trans-icon\"><\/div>\n<\/div>\n<\/div><\/section><\/div><div class=\"flex_column av_one_full  flex_column_div av-zero-column-padding first  avia-builder-el-4  el_after_av_one_full  el_before_av_hr  column-top-margin\" style='border-radius:0px; '><section class=\"av_textblock_section \"  itemscope=\"itemscope\" itemtype=\"https:\/\/schema.org\/BlogPosting\" itemprop=\"blogPost\" ><div class='avia_textblock  '   itemprop=\"text\" ><p style=\"font-weight: 400; text-align: justify;\"><em>Durante octubre las sondas del Organismo T\u00e9cnico Independiente realizaron 767.924 mediciones a lo largo de todo el pa\u00eds.<\/em><\/p>\n<p style=\"text-align: justify;\"><em>Adem\u00e1s ahora se podr\u00e1 consultar la velocidad promedio por empresa y por regi\u00f3n a trav\u00e9s del sitio web del Registro Nacional de Conectividad (<a href=\"http:\/\/rnc.subtel.gob.cl\/\" data-saferedirecturl=\"https:\/\/www.google.com\/url?q=http:\/\/rnc.subtel.gob.cl&amp;source=gmail&amp;ust=1762539027071000&amp;usg=AOvVaw0TvteeSkdZtJhivRqSvOEz\">rnc.subtel.gob.cl<\/a>) para que las personas puedan contratar su servicio de Internet de manera informada.<\/em><\/p>\n<p style=\"font-weight: 400; text-align: justify;\"><strong>\u00a0<\/strong>La Subsecretar\u00eda de Telecomunicaciones (Subtel) dio a conocer las estad\u00edsticas de velocidad de Internet fijo por regi\u00f3n, obtenidas por el Organismo T\u00e9cnico Independiente (OTI) a trav\u00e9s de mediciones realizadas en todo el pa\u00eds.<\/p>\n<p style=\"font-weight: 400; text-align: justify;\">De acuerdo con la informaci\u00f3n proporcionada por el OTI, durante el mes de octubre de 2025 se realizaron 767.924 mediciones, a trav\u00e9s de sondas, en todas las regiones de Chile. De acuerdo a estas mediciones las \u00a0regiones de Ays\u00e9n (862,8 Mbps), Los R\u00edos (716.7 Mbps) y \u00d1uble (703,5 Mbps) registran las m\u00e1s altas velocidades de subida. En el caso de las velocidades de bajada las regiones de Los R\u00edos (789,6 Mbps), \u00d1uble (779 Mbps) y Coquimbo (763,1 Mbps) lideran la medici\u00f3n.<\/p>\n<p style=\"font-weight: 400; text-align: justify;\">El seremiTT Hans Zimmermann explic\u00f3 que la velocidad de subida \u201ces relevante para distintas acciones en Internet, por ejemplo realizar transacciones bancarias, iniciar sesi\u00f3n en plataformas digitales, completar formularios, hace compras online, subir fotos u otros archivos en la red, tambi\u00e9n publicar contenidos en redes sociales.\u201d La autoridad agreg\u00f3 que \u201cestas mediciones nos permiten constatar el avance y el liderazgo de nuestro pa\u00eds en la conectividad digital y nos motiva a continuar trabajando por desarrollar medidas que disminuyan la brecha digital en Ays\u00e9n, tales como el proyecto \u00daltima Milla que permitir\u00e1 la conexi\u00f3n domiciliaria con Fibra \u00d3ptica para 21 localidades y que beneficiar\u00e1 alrededor de 7 mil hogares ayseninos\u201d.<\/p>\n<p style=\"font-weight: 400; text-align: justify;\">Las mediciones del OTI registran las siguientes velocidades por regi\u00f3n durante el mes de octubre de 2025:<\/p>\n<table style=\"font-weight: 400;\" width=\"0\">\n<tbody>\n<tr>\n<td width=\"159\"><strong>\u00a0<\/strong><\/p>\n<p><strong>Regi\u00f3n<\/strong><\/td>\n<td width=\"100\"><strong>Mediciones Totales<\/strong><\/p>\n<p><strong>(cantidad)<\/strong><\/td>\n<td width=\"100\"><strong>Bajada<\/strong><\/p>\n<p><strong>(Mbps)<\/strong><\/td>\n<td width=\"100\"><strong>Subida<\/strong><\/p>\n<p><strong>(Mbps)<\/strong><\/td>\n<\/tr>\n<tr>\n<td width=\"159\">Tarapac\u00e1<\/td>\n<td width=\"100\">28468<\/td>\n<td width=\"100\">510.1<\/td>\n<td width=\"100\">362.4<\/td>\n<\/tr>\n<tr>\n<td width=\"159\">Antofagasta<\/td>\n<td width=\"100\">42220<\/td>\n<td width=\"100\">679.8<\/td>\n<td width=\"100\">543.5<\/td>\n<\/tr>\n<tr>\n<td width=\"159\">Atacama<\/td>\n<td width=\"100\">19086<\/td>\n<td width=\"100\">417.3<\/td>\n<td width=\"100\">258<\/td>\n<\/tr>\n<tr>\n<td width=\"159\">Coquimbo<\/td>\n<td width=\"100\">47618<\/td>\n<td width=\"100\">763.1<\/td>\n<td width=\"100\">628.7<\/td>\n<\/tr>\n<tr>\n<td width=\"159\">Valpara\u00edso<\/td>\n<td width=\"100\">71982<\/td>\n<td width=\"100\">668.2<\/td>\n<td width=\"100\">540.9<\/td>\n<\/tr>\n<tr>\n<td width=\"159\">O&#8217;Higgins<\/td>\n<td width=\"100\">38358<\/td>\n<td width=\"100\">697.4<\/td>\n<td width=\"100\">507<\/td>\n<\/tr>\n<tr>\n<td width=\"159\">Maule<\/td>\n<td width=\"100\">56846<\/td>\n<td width=\"100\">674.6<\/td>\n<td width=\"100\">576<\/td>\n<\/tr>\n<tr>\n<td width=\"159\">Biob\u00edo<\/td>\n<td width=\"100\">43138<\/td>\n<td width=\"100\">670.8<\/td>\n<td width=\"100\">538.3<\/td>\n<\/tr>\n<tr>\n<td width=\"159\">La Araucan\u00eda<\/td>\n<td width=\"100\">57574<\/td>\n<td width=\"100\">666.3<\/td>\n<td width=\"100\">615<\/td>\n<\/tr>\n<tr>\n<td width=\"159\">Los Lagos<\/td>\n<td width=\"100\">37202<\/td>\n<td width=\"100\">723.3<\/td>\n<td width=\"100\">646.4<\/td>\n<\/tr>\n<tr>\n<td width=\"159\">Ays\u00e9n<\/td>\n<td width=\"100\">4862<\/td>\n<td width=\"100\">478.1<\/td>\n<td width=\"100\">862.8<\/td>\n<\/tr>\n<tr>\n<td width=\"159\">Magallanes<\/td>\n<td width=\"100\">27822<\/td>\n<td width=\"100\">524.6<\/td>\n<td width=\"100\">322.3<\/td>\n<\/tr>\n<tr>\n<td width=\"159\">Regi\u00f3n Metropolitana<\/td>\n<td width=\"100\">173196<\/td>\n<td width=\"100\">703.3<\/td>\n<td width=\"100\">598.6<\/td>\n<\/tr>\n<tr>\n<td width=\"159\">Los R\u00edos<\/td>\n<td width=\"100\">37970<\/td>\n<td width=\"100\">789.6<\/td>\n<td width=\"100\">716.7<\/td>\n<\/tr>\n<tr>\n<td width=\"159\">Arica y Parinacota<\/td>\n<td width=\"100\">26378<\/td>\n<td width=\"100\">550.2<\/td>\n<td width=\"100\">595<\/td>\n<\/tr>\n<tr>\n<td width=\"159\">Regi\u00f3n de \u00d1uble<\/td>\n<td width=\"100\">55204<\/td>\n<td width=\"100\">779<\/td>\n<td width=\"100\">703.5<\/td>\n<\/tr>\n<\/tbody>\n<\/table>\n<p style=\"font-weight: 400; text-align: justify;\"><strong>Nueva herramienta para verificar velocidad de empresas de Internet en tu regi\u00f3n<\/strong><\/p>\n<p style=\"font-weight: 400; text-align: justify;\">Subtel adem\u00e1s dio a conocer que dispuso de un v\u00ednculo en el sitio web del Registro Nacional de Conectividad (<a href=\"http:\/\/rnc.subtel.gob.cl\/\" data-saferedirecturl=\"https:\/\/www.google.com\/url?q=http:\/\/rnc.subtel.gob.cl&amp;source=gmail&amp;ust=1762539027071000&amp;usg=AOvVaw0TvteeSkdZtJhivRqSvOEz\">rnc.subtel.gob.cl<\/a>) que permitir\u00e1 a todos los usuarios que ingresen a esta p\u00e1gina para conocer qu\u00e9 empresas ofrecen sus servicios en el sector en que residen, tambi\u00e9n puedan conocer las velocidades promedio de estas compa\u00f1\u00edas de Internet fijo, haciendo click en el bot\u00f3n dispuesto con este fin en el banner \u201cVer estad\u00edsticas de velocidad por compa\u00f1\u00eda en tu zona\u201d.<\/p>\n<p style=\"font-weight: 400; text-align: justify;\">Esta herramienta busca que las personas puedan hacer una elecci\u00f3n de proveedor de servicios de manera informada, para que as\u00ed el contrato que elijan se acomode a sus necesidades.<\/p>\n<\/div><\/section><\/div><div  style='height:50px' class='hr hr-invisible   avia-builder-el-6  el_after_av_one_full  el_before_av_social_share '><span class='hr-inner ' ><span class='hr-inner-style'><\/span><\/span><\/div><\/p>\n<div  class='av-social-sharing-box  avia-builder-el-7  el_after_av_hr  el_before_av_hr  '><div class='av-share-box'><h5 class='av-share-link-description av-no-toc '>Compartir esta noticia<\/h5><ul class='av-share-box-list noLightbox'><li class='av-share-link av-social-link-facebook' ><a target=\"_blank\" aria-label=\"Compartir en Facebook\" href='https:\/\/www.facebook.com\/sharer.php?u=https:\/\/radiorevelacionfm.cl\/?p=61154&#038;t=Regi%C3%B3n%20de%20Ays%C3%A9n%20lidera%20ranking%20de%20velocidad%20de%20subida%20en%20octubre%20de%20acuerdo%20a%20mediciones%20de%20Subtel%20y%20OTI' aria-hidden='false' data-av_icon='\ue8f3' data-av_iconfont='entypo-fontello' title='' data-avia-related-tooltip='Compartir en Facebook' rel=\"noopener\"><span class='avia_hidden_link_text'>Compartir en Facebook<\/span><\/a><\/li><li class='av-share-link av-social-link-twitter' ><a target=\"_blank\" aria-label=\"Compartir en Twitter\" href='https:\/\/twitter.com\/share?text=Regi%C3%B3n%20de%20Ays%C3%A9n%20lidera%20ranking%20de%20velocidad%20de%20subida%20en%20octubre%20de%20acuerdo%20a%20mediciones%20de%20Subtel%20y%20OTI&#038;url=https:\/\/radiorevelacionfm.cl\/?p=61154' aria-hidden='false' data-av_icon='\ue8f1' data-av_iconfont='entypo-fontello' title='' data-avia-related-tooltip='Compartir en Twitter' rel=\"noopener\"><span class='avia_hidden_link_text'>Compartir en Twitter<\/span><\/a><\/li><li class='av-share-link av-social-link-whatsapp' ><a target=\"_blank\" aria-label=\"Compartir en Whatsapp\" href='https:\/\/api.whatsapp.com\/send?text=https:\/\/radiorevelacionfm.cl\/?p=61154' aria-hidden='false' data-av_icon='\uf232' data-av_iconfont='entypo-fontello' title='' data-avia-related-tooltip='Compartir en Whatsapp' rel=\"noopener\"><span class='avia_hidden_link_text'>Compartir en Whatsapp<\/span><\/a><\/li><li class='av-share-link av-social-link-linkedin' ><a target=\"_blank\" aria-label=\"Compartir en LinkedIn\" href='https:\/\/linkedin.com\/shareArticle?mini=true&#038;title=Regi%C3%B3n%20de%20Ays%C3%A9n%20lidera%20ranking%20de%20velocidad%20de%20subida%20en%20octubre%20de%20acuerdo%20a%20mediciones%20de%20Subtel%20y%20OTI&#038;url=https:\/\/radiorevelacionfm.cl\/?p=61154' aria-hidden='false' data-av_icon='\ue8fc' data-av_iconfont='entypo-fontello' title='' data-avia-related-tooltip='Compartir en LinkedIn' rel=\"noopener\"><span class='avia_hidden_link_text'>Compartir en LinkedIn<\/span><\/a><\/li><li class='av-share-link av-social-link-mail' ><a  aria-label=\"Compartir por correo\" href='mailto:?subject=Regi%C3%B3n%20de%20Ays%C3%A9n%20lidera%20ranking%20de%20velocidad%20de%20subida%20en%20octubre%20de%20acuerdo%20a%20mediciones%20de%20Subtel%20y%20OTI&#038;body=https:\/\/radiorevelacionfm.cl\/?p=61154' aria-hidden='false' data-av_icon='\ue805' data-av_iconfont='entypo-fontello' title='' data-avia-related-tooltip='Compartir por correo'><span class='avia_hidden_link_text'>Compartir por correo<\/span><\/a><\/li><\/ul><\/div><\/div>\n<div  style='height:50px' class='hr hr-invisible   avia-builder-el-8  el_after_av_social_share  el_before_av_comments_list '><span class='hr-inner ' ><span class='hr-inner-style'><\/span><\/span><\/div>\n<div  class='av-buildercomment  av-blog-meta-html-info-disabled av-blog-meta-tag-disabled  '><\/div>\n","protected":false},"excerpt":{"rendered":"","protected":false},"author":1,"featured_media":61155,"comment_status":"closed","ping_status":"closed","sticky":false,"template":"","format":"standard","meta":{"footnotes":""},"categories":[38],"tags":[],"class_list":["post-61154","post","type-post","status-publish","format-standard","has-post-thumbnail","hentry","category-regional"],"jetpack_featured_media_url":"https:\/\/radiorevelacionfm.cl\/wp-content\/uploads\/2025\/11\/20251106_122355-1-1.jpg","_links":{"self":[{"href":"https:\/\/radiorevelacionfm.cl\/index.php?rest_route=\/wp\/v2\/posts\/61154","targetHints":{"allow":["GET"]}}],"collection":[{"href":"https:\/\/radiorevelacionfm.cl\/index.php?rest_route=\/wp\/v2\/posts"}],"about":[{"href":"https:\/\/radiorevelacionfm.cl\/index.php?rest_route=\/wp\/v2\/types\/post"}],"author":[{"embeddable":true,"href":"https:\/\/radiorevelacionfm.cl\/index.php?rest_route=\/wp\/v2\/users\/1"}],"replies":[{"embeddable":true,"href":"https:\/\/radiorevelacionfm.cl\/index.php?rest_route=%2Fwp%2Fv2%2Fcomments&post=61154"}],"version-history":[{"count":2,"href":"https:\/\/radiorevelacionfm.cl\/index.php?rest_route=\/wp\/v2\/posts\/61154\/revisions"}],"predecessor-version":[{"id":61175,"href":"https:\/\/radiorevelacionfm.cl\/index.php?rest_route=\/wp\/v2\/posts\/61154\/revisions\/61175"}],"wp:featuredmedia":[{"embeddable":true,"href":"https:\/\/radiorevelacionfm.cl\/index.php?rest_route=\/wp\/v2\/media\/61155"}],"wp:attachment":[{"href":"https:\/\/radiorevelacionfm.cl\/index.php?rest_route=%2Fwp%2Fv2%2Fmedia&parent=61154"}],"wp:term":[{"taxonomy":"category","embeddable":true,"href":"https:\/\/radiorevelacionfm.cl\/index.php?rest_route=%2Fwp%2Fv2%2Fcategories&post=61154"},{"taxonomy":"post_tag","embeddable":true,"href":"https:\/\/radiorevelacionfm.cl\/index.php?rest_route=%2Fwp%2Fv2%2Ftags&post=61154"}],"curies":[{"name":"wp","href":"https:\/\/api.w.org\/{rel}","templated":true}]}}