{"id":61135,"date":"2025-11-05T20:25:02","date_gmt":"2025-11-05T23:25:02","guid":{"rendered":"https:\/\/radiorevelacionfm.cl\/?p=61135"},"modified":"2025-11-05T20:25:02","modified_gmt":"2025-11-05T23:25:02","slug":"operacion-fortaleza-iii-seguridad-publica-carabineros-y-pdi-dan-cuenta-de-resultados-de-ronda-masiva-en-la-region-de-aysen","status":"publish","type":"post","link":"https:\/\/radiorevelacionfm.cl\/?p=61135","title":{"rendered":"Operaci\u00f3n Fortaleza III: Seguridad P\u00fablica, Carabineros y PDI dan cuenta de resultados de ronda masiva en la Regi\u00f3n de Ays\u00e9n"},"content":{"rendered":"<div class=\"flex_column av_one_full  flex_column_div av-zero-column-padding first  avia-builder-el-0  el_before_av_one_full  avia-builder-el-first  \" style='border-radius:0px; '><div  class='avia-image-container  av-styling-    avia-builder-el-1  avia-builder-el-no-sibling  avia-align-center '  itemprop=\"image\" itemscope=\"itemscope\" itemtype=\"https:\/\/schema.org\/ImageObject\"  ><div class='avia-image-container-inner'><div class='avia-image-overlay-wrap'><img decoding=\"async\" class='wp-image-61136 avia-img-lazy-loading-not-61136 avia_image' src=\"https:\/\/radiorevelacionfm.cl\/wp-content\/uploads\/2025\/11\/img_20251103_195825-1_optimized.jpg\" alt='' title='img_20251103_195825-(1)_optimized' height=\"600\" width=\"797\"  itemprop=\"thumbnailUrl\" srcset=\"https:\/\/radiorevelacionfm.cl\/wp-content\/uploads\/2025\/11\/img_20251103_195825-1_optimized.jpg 797w, https:\/\/radiorevelacionfm.cl\/wp-content\/uploads\/2025\/11\/img_20251103_195825-1_optimized-300x226.jpg 300w, https:\/\/radiorevelacionfm.cl\/wp-content\/uploads\/2025\/11\/img_20251103_195825-1_optimized-768x578.jpg 768w, https:\/\/radiorevelacionfm.cl\/wp-content\/uploads\/2025\/11\/img_20251103_195825-1_optimized-705x531.jpg 705w, https:\/\/radiorevelacionfm.cl\/wp-content\/uploads\/2025\/11\/img_20251103_195825-1_optimized-450x339.jpg 450w, https:\/\/radiorevelacionfm.cl\/wp-content\/uploads\/2025\/11\/img_20251103_195825-1_optimized-600x452.jpg 600w\" sizes=\"(max-width: 797px) 100vw, 797px\" \/><\/div><\/div><\/div><\/div><div class=\"flex_column av_one_full  flex_column_div av-zero-column-padding first  avia-builder-el-2  el_after_av_one_full  el_before_av_one_full  column-top-margin\" style='border-radius:0px; '><section class=\"av_textblock_section \"  itemscope=\"itemscope\" itemtype=\"https:\/\/schema.org\/BlogPosting\" itemprop=\"blogPost\" ><div class='avia_textblock  '   itemprop=\"text\" ><p style=\"text-align: center;\"><span style=\"font-size: 18pt;\"><strong>Operaci\u00f3n Fortaleza III: Seguridad P\u00fablica, Carabineros y PDI dan cuenta de resultados de ronda masiva en la Regi\u00f3n de Ays\u00e9n<\/strong><\/span><\/p>\n<div id=\"gtx-trans\" style=\"position: absolute; left: -50px; top: 4.31534px;\">\n<div class=\"gtx-trans-icon\"><\/div>\n<\/div>\n<\/div><\/section><\/div><div class=\"flex_column av_one_full  flex_column_div av-zero-column-padding first  avia-builder-el-4  el_after_av_one_full  el_before_av_hr  column-top-margin\" style='border-radius:0px; '><section class=\"av_textblock_section \"  itemscope=\"itemscope\" itemtype=\"https:\/\/schema.org\/BlogPosting\" itemprop=\"blogPost\" ><div class='avia_textblock  '   itemprop=\"text\" ><p style=\"text-align: justify;\">Esta tarde, en la plaza Mirador R\u00edo Coyhaique, autoridades regionales realizaron el balance de la \u201cOperaci\u00f3n Fortaleza III\u201d, operativo policial desarrollado de manera simult\u00e1nea en todo el pa\u00eds y que involucr\u00f3 a m\u00e1s de 6.200 funcionarios de Carabineros y la Polic\u00eda de Investigaciones a nivel nacional para brindar mayor seguridad a la ciudadan\u00eda, permitiendo m\u00e1s de 2.400 detenidos en todo el pa\u00eds.<\/p>\n<p style=\"text-align: justify;\">Sobre los resultados obtenidos en la Regi\u00f3n de Ays\u00e9n, la Seremi de Seguridad P\u00fablica, Ruth Vallejos Cuiti\u00f1o, se\u00f1al\u00f3 que \u201ctuvimos 27 detenidos por diversos delitos, destacando dos detenidos por microtr\u00e1fico de droga y consumo de drogas. El de microtr\u00e1fico de drogas lo destaco ac\u00e1 por haber tenido en su poder una pesa, precisamente, para la venta de droga y eso hizo que autom\u00e1ticamente pasara a control de detenci\u00f3n\u201d.<\/p>\n<p style=\"text-align: justify;\">La autoridad regional agreg\u00f3 que \u201cen cuanto a control de extranjer\u00eda, que es un punto que nos preocupa, hubo una denuncia, precisamente, en el operativo desplegado por la PDI\u201d.<\/p>\n<p style=\"text-align: justify;\">Adem\u00e1s, sobre la importancia del trabajo en conjunto de ambas polic\u00edas, la seremi Vallejos indic\u00f3 que \u201cestamos haciendo estos operativos, en este caso Fortaleza III, precisamente, para dar la seguridad a la poblaci\u00f3n de que estamos previniendo que el crimen organizado entre en nuestra regi\u00f3n\u201d.<\/p>\n<p style=\"text-align: justify;\"><strong>Carabineros<\/strong><\/p>\n<p style=\"text-align: justify;\">Por su parte, el Prefecto de Carabineros Ays\u00e9n, Coronel Juan Abarca Hern\u00e1ndez destac\u00f3 el trabajo conjunto con la PDI en la denominada ronda \u201cFortaleza III\u201d, como parte de los esfuerzos y estrategias que desarrollan ambas Instituciones en coordinaci\u00f3n con la Seremi de Seguridad P\u00fablica, orientadas en brindar una mayor seguridad y protecci\u00f3n a la comunidad.<\/p>\n<p style=\"text-align: justify;\">\u201cEn esta operaci\u00f3n conjunta -la tercera que llevamos junto a la PDI- hemos tenido resultados positivos con m\u00e1s de 2.000 controles integrales tanto a personas y veh\u00edculos. Esto permiti\u00f3 detener a una persona por quebrantamiento de arresto domiciliario total a ra\u00edz de un violento caso que ocurri\u00f3 en marzo. Recordar que, en marzo, Carabineros hizo uso de arma de fuego para detener a una persona que se encontraba traficando drogas donde testigos afirman que hab\u00eda realizado disparos injustificados al aire en el sector c\u00e9ntrico de la ciudad de Coyhaique y cuando se intenta detener, Carabineros tiene que usar la fuerza en esa oportunidad\u201d, indic\u00f3 el Prefecto. El Oficial a\u00f1adi\u00f3 que, al momento de su detenci\u00f3n, Carabineros encontr\u00f3 nuevamente en su poder droga y una balanza, lo que hace presumir que se encontraba realizando microtr\u00e1fico.<\/p>\n<p style=\"text-align: justify;\">Durante la noche -en otro procedimiento policial- dos menores, uno de 14 y otro de 17 a\u00f1os son abordados por cuatro individuos que se movilizaban en un veh\u00edculo particular, desde el cual descienden y les quitan dos tel\u00e9fonos celulares, d\u00e1ndose a la fuga. \u201cPersonal de Carabineros logra llegar al lugar y detuvo al conductor del veh\u00edculo, quien ten\u00eda antecedentes penales y se encontraba con \u00f3rdenes de detenci\u00f3n vigente\u201d.<\/p>\n<p style=\"text-align: justify;\">Asimismo, en un hecho m\u00e1s de car\u00e1cter social, \u201cpersonal del Ret\u00e9n El Blanco de la Comuna de Coyhaique encontr\u00f3 a un ni\u00f1o de cuatro a\u00f1os de edad caminando en la v\u00eda p\u00fablica con evidente peligro de accidente. Este ni\u00f1o hab\u00eda estado tambi\u00e9n siendo buscado a trav\u00e9s de redes sociales, Carabineros lo toma y se pone en contacto con la familia, hecho que fue informado al Juzgado de Familia\u201d, indic\u00f3 el Coronel Juan Abarca Hern\u00e1ndez.<\/p>\n<p style=\"text-align: justify;\"><strong>Polic\u00eda de Investigaciones<\/strong><\/p>\n<p style=\"text-align: justify;\">Finalmente, desde la PDI detallaron que las labores de detectives y agentes policiales de la Regi\u00f3n Policial de Ays\u00e9n se enfocaron a la detenci\u00f3n de imputados con \u00f3rdenes de detenci\u00f3n vigentes y la fiscalizaci\u00f3n de extranjeros, obteniendo como resultado 18 personas detenidas, 17 chilenos y un extranjero, siendo uno de ellos pr\u00f3fugo de la justicia. Asimismo, se fiscalizaron a un total de nueve extranjeros, siendo denunciado uno de ellos por infringir la Ley de Migraci\u00f3n y Extranjer\u00eda, por abandono de firma.<\/p>\n<p>En este sentido, el jefe de la Prefectura Provincial Coyhaique, subprefecto V\u00edctor Toledo Escalona, puntualiz\u00f3 que \u201chemos hecho un trabajo conjunto que se inici\u00f3 en la madrugada del d\u00eda lunes, culminando con un importante n\u00famero de personas detenidas que eran buscadas porque ten\u00edan antecedentes policiales y registraban requerimientos judiciales pendientes. En estos mismos procedimientos tambi\u00e9n se han incluido dos investigaciones que han ocurrido en las \u00faltimas horas\u201d.<\/p>\n<p>Asimismo, el subprefecto Toledo subray\u00f3 que \u201ctenemos detenidos por diferentes delitos, tenemos un pr\u00f3fugo de la justicia, una clasificaci\u00f3n que se la ha dado el propio Poder Judicial, toda vez que registraba m\u00e1s de seis \u00f3rdenes pendientes y no hab\u00eda sido ubicado anteriormente, logrando esta vez detenerlo en la v\u00eda p\u00fablica. Y as\u00ed otros hechos que se han sumado a este n\u00famero de detenidos por parte de la PDI\u201d.<\/p>\n<\/div><\/section><\/div><div  style='height:50px' class='hr hr-invisible   avia-builder-el-6  el_after_av_one_full  el_before_av_social_share '><span class='hr-inner ' ><span class='hr-inner-style'><\/span><\/span><\/div><\/p>\n<div  class='av-social-sharing-box  avia-builder-el-7  el_after_av_hr  el_before_av_hr  '><div class='av-share-box'><h5 class='av-share-link-description av-no-toc '>Compartir esta noticia<\/h5><ul class='av-share-box-list noLightbox'><li class='av-share-link av-social-link-facebook' ><a target=\"_blank\" aria-label=\"Compartir en Facebook\" href='https:\/\/www.facebook.com\/sharer.php?u=https:\/\/radiorevelacionfm.cl\/?p=61135&#038;t=Operaci%C3%B3n%20Fortaleza%20III%3A%20Seguridad%20P%C3%BAblica%2C%20Carabineros%20y%20PDI%20dan%20cuenta%20de%20resultados%20de%20ronda%20masiva%20en%20la%20Regi%C3%B3n%20de%20Ays%C3%A9n' aria-hidden='false' data-av_icon='\ue8f3' data-av_iconfont='entypo-fontello' title='' data-avia-related-tooltip='Compartir en Facebook' rel=\"noopener\"><span class='avia_hidden_link_text'>Compartir en Facebook<\/span><\/a><\/li><li class='av-share-link av-social-link-twitter' ><a target=\"_blank\" aria-label=\"Compartir en Twitter\" href='https:\/\/twitter.com\/share?text=Operaci%C3%B3n%20Fortaleza%20III%3A%20Seguridad%20P%C3%BAblica%2C%20Carabineros%20y%20PDI%20dan%20cuenta%20de%20resultados%20de%20ronda%20masiva%20en%20la%20Regi%C3%B3n%20de%20Ays%C3%A9n&#038;url=https:\/\/radiorevelacionfm.cl\/?p=61135' aria-hidden='false' data-av_icon='\ue8f1' data-av_iconfont='entypo-fontello' title='' data-avia-related-tooltip='Compartir en Twitter' rel=\"noopener\"><span class='avia_hidden_link_text'>Compartir en Twitter<\/span><\/a><\/li><li class='av-share-link av-social-link-whatsapp' ><a target=\"_blank\" aria-label=\"Compartir en Whatsapp\" href='https:\/\/api.whatsapp.com\/send?text=https:\/\/radiorevelacionfm.cl\/?p=61135' aria-hidden='false' data-av_icon='\uf232' data-av_iconfont='entypo-fontello' title='' data-avia-related-tooltip='Compartir en Whatsapp' rel=\"noopener\"><span class='avia_hidden_link_text'>Compartir en Whatsapp<\/span><\/a><\/li><li class='av-share-link av-social-link-linkedin' ><a target=\"_blank\" aria-label=\"Compartir en LinkedIn\" href='https:\/\/linkedin.com\/shareArticle?mini=true&#038;title=Operaci%C3%B3n%20Fortaleza%20III%3A%20Seguridad%20P%C3%BAblica%2C%20Carabineros%20y%20PDI%20dan%20cuenta%20de%20resultados%20de%20ronda%20masiva%20en%20la%20Regi%C3%B3n%20de%20Ays%C3%A9n&#038;url=https:\/\/radiorevelacionfm.cl\/?p=61135' aria-hidden='false' data-av_icon='\ue8fc' data-av_iconfont='entypo-fontello' title='' data-avia-related-tooltip='Compartir en LinkedIn' rel=\"noopener\"><span class='avia_hidden_link_text'>Compartir en LinkedIn<\/span><\/a><\/li><li class='av-share-link av-social-link-mail' ><a  aria-label=\"Compartir por correo\" href='mailto:?subject=Operaci%C3%B3n%20Fortaleza%20III%3A%20Seguridad%20P%C3%BAblica%2C%20Carabineros%20y%20PDI%20dan%20cuenta%20de%20resultados%20de%20ronda%20masiva%20en%20la%20Regi%C3%B3n%20de%20Ays%C3%A9n&#038;body=https:\/\/radiorevelacionfm.cl\/?p=61135' aria-hidden='false' data-av_icon='\ue805' data-av_iconfont='entypo-fontello' title='' data-avia-related-tooltip='Compartir por correo'><span class='avia_hidden_link_text'>Compartir por correo<\/span><\/a><\/li><\/ul><\/div><\/div>\n<div  style='height:50px' class='hr hr-invisible   avia-builder-el-8  el_after_av_social_share  el_before_av_comments_list '><span class='hr-inner ' ><span class='hr-inner-style'><\/span><\/span><\/div>\n<div  class='av-buildercomment  av-blog-meta-html-info-disabled av-blog-meta-tag-disabled  '><\/div>\n","protected":false},"excerpt":{"rendered":"","protected":false},"author":1,"featured_media":61136,"comment_status":"closed","ping_status":"closed","sticky":false,"template":"","format":"standard","meta":{"footnotes":""},"categories":[36],"tags":[],"class_list":["post-61135","post","type-post","status-publish","format-standard","has-post-thumbnail","hentry","category-policial"],"jetpack_featured_media_url":"https:\/\/radiorevelacionfm.cl\/wp-content\/uploads\/2025\/11\/img_20251103_195825-1_optimized.jpg","_links":{"self":[{"href":"https:\/\/radiorevelacionfm.cl\/index.php?rest_route=\/wp\/v2\/posts\/61135","targetHints":{"allow":["GET"]}}],"collection":[{"href":"https:\/\/radiorevelacionfm.cl\/index.php?rest_route=\/wp\/v2\/posts"}],"about":[{"href":"https:\/\/radiorevelacionfm.cl\/index.php?rest_route=\/wp\/v2\/types\/post"}],"author":[{"embeddable":true,"href":"https:\/\/radiorevelacionfm.cl\/index.php?rest_route=\/wp\/v2\/users\/1"}],"replies":[{"embeddable":true,"href":"https:\/\/radiorevelacionfm.cl\/index.php?rest_route=%2Fwp%2Fv2%2Fcomments&post=61135"}],"version-history":[{"count":2,"href":"https:\/\/radiorevelacionfm.cl\/index.php?rest_route=\/wp\/v2\/posts\/61135\/revisions"}],"predecessor-version":[{"id":61138,"href":"https:\/\/radiorevelacionfm.cl\/index.php?rest_route=\/wp\/v2\/posts\/61135\/revisions\/61138"}],"wp:featuredmedia":[{"embeddable":true,"href":"https:\/\/radiorevelacionfm.cl\/index.php?rest_route=\/wp\/v2\/media\/61136"}],"wp:attachment":[{"href":"https:\/\/radiorevelacionfm.cl\/index.php?rest_route=%2Fwp%2Fv2%2Fmedia&parent=61135"}],"wp:term":[{"taxonomy":"category","embeddable":true,"href":"https:\/\/radiorevelacionfm.cl\/index.php?rest_route=%2Fwp%2Fv2%2Fcategories&post=61135"},{"taxonomy":"post_tag","embeddable":true,"href":"https:\/\/radiorevelacionfm.cl\/index.php?rest_route=%2Fwp%2Fv2%2Ftags&post=61135"}],"curies":[{"name":"wp","href":"https:\/\/api.w.org\/{rel}","templated":true}]}}